{"id":5650,"date":"2021-06-25T17:08:06","date_gmt":"2021-06-25T20:08:06","guid":{"rendered":"https:\/\/radiorevelacionfm.cl\/?p=5650"},"modified":"2021-06-25T17:08:06","modified_gmt":"2021-06-25T20:08:06","slug":"concejala-e-tatiana-villarroel-manifesto-su-preocupacion-por-el-servicio-de-combustible-y-gas-en-islas-huichas","status":"publish","type":"post","link":"https:\/\/radiorevelacionfm.cl\/?p=5650","title":{"rendered":"Concejala (e) Tatiana Villarroel manifest\u00f3 su preocupaci\u00f3n por el servicio de combustible y gas en Islas Huichas"},"content":{"rendered":"<div class=\"flex_column av_one_full  flex_column_div av-zero-column-padding first  avia-builder-el-0  el_before_av_one_full  avia-builder-el-first  \" style='border-radius:0px; '><div  class='avia-image-container  av-styling-    avia-builder-el-1  avia-builder-el-no-sibling  avia-align-center '  itemprop=\"image\" itemscope=\"itemscope\" itemtype=\"https:\/\/schema.org\/ImageObject\"  ><div class='avia-image-container-inner'><div class='avia-image-overlay-wrap'><img decoding=\"async\" class='wp-image-0 avia-img-lazy-loading-not-0 avia_image' src=\"https:\/\/radiorevelacionfm.cl\/wp-content\/uploads\/2021\/06\/TATIANA-REUNION-GOBERNADOR-1-1.jpeg\" alt='' title=''   itemprop=\"thumbnailUrl\"  \/><\/div><\/div><\/div><\/div><div class=\"flex_column av_one_full  flex_column_div av-zero-column-padding first  avia-builder-el-2  el_after_av_one_full  el_before_av_one_full  column-top-margin\" style='border-radius:0px; '><section class=\"av_textblock_section \"  itemscope=\"itemscope\" itemtype=\"https:\/\/schema.org\/BlogPosting\" itemprop=\"blogPost\" ><div class='avia_textblock  '   itemprop=\"text\" ><p style=\"text-align: center;\"><span style=\"font-size: 18pt;\"><strong>Concejala (e) Tatiana Villarroel manifest\u00f3 su preocupaci\u00f3n por el servicio de combustible y gas en Islas Huichas<\/strong><\/span><\/p>\n<div id=\"gtx-trans\" style=\"position: absolute; left: -50px; top: 4.31534px;\">\n<div class=\"gtx-trans-icon\"><\/div>\n<\/div>\n<\/div><\/section><\/div><div class=\"flex_column av_one_full  flex_column_div av-zero-column-padding first  avia-builder-el-4  el_after_av_one_full  el_before_av_hr  column-top-margin\" style='border-radius:0px; '><section class=\"av_textblock_section \"  itemscope=\"itemscope\" itemtype=\"https:\/\/schema.org\/BlogPosting\" itemprop=\"blogPost\" ><div class='avia_textblock  '   itemprop=\"text\" ><p style=\"text-align: justify;\">Agradeciendo la posibilidad de di\u00e1logo y dando cuenta de su inter\u00e9s de un trabajo transversal en beneficio de la comunidad, la Concejala electa por la comuna de Ays\u00e9n, Tatiana Villarroel, sostuvo una reuni\u00f3n con el Gobernador Manuel Ortiz.<\/p>\n<p style=\"text-align: justify;\">En la oportunidad, Villarroel puso sobre la mesa temas que requieren prioridad y ser abordados con prontitud por el bienestar en este caso de los vecinos y vecinas de Islas Huichas. Ya que, se estar\u00edan quedando sin concesionario de combustible.<\/p>\n<p style=\"text-align: justify;\">\u201cAbordamos junto al Gobernador el tema del combustible de Islas Huichas, ya que, en las \u00faltimas horas se supo que el concesionario que ten\u00eda a cargo la venta del combustible en la localidad, va a dejar de prestar este servicio. Por supuesto est\u00e1 en todo su derecho de hacerlo, es un comerciante as\u00ed es que una no puede obligar a una persona que este con un negocio sino le est\u00e1 rindiendo. Nos preocupa que la comunidad se vaya a quedar sin este abastecimiento de manera formal, as\u00ed es que, el Gobernador se mostr\u00f3 muy preocupado tambi\u00e9n y quedamos de acuerdo que una vez que asumamos nuestro rol, vamos a trabajar en conjunto para buscar alguna soluci\u00f3n frente a esta problem\u00e1tica\u201d.<\/p>\n<p style=\"text-align: justify;\">La Concejala electa por la comuna de Ays\u00e9n, indic\u00f3 tambi\u00e9n que los altos costos que significan para los vecinos y vecinas de Islas Huichas tanto el combustible como el gas, son temas que se tienen que enfrentar.<\/p>\n<p style=\"text-align: justify;\">\u201cTambi\u00e9n es preocupante el alto costo del combustible y el gas en la localidad, que vienen a perjudicar fuertemente el bolsillo y la econom\u00eda de los diferentes hogares de la isla, Puerto Aguirre, Estero Copa y Caleta Andrade. Por mientras estamos avanzando en las conversaciones para que una vez asumido nuestro cargo, trabajar en conjunto con el Concejo Municipal, con el Alcalde electo y con el resto de las autoridades con quienes podamos trabajar y buscar soluciones que beneficien, en este caso, a los habitantes de Islas Huichas en la venta del combustible como as\u00ed tambi\u00e9n en el traslado que se tiene que hacer hasta el sector\u201d.<\/p>\n<p style=\"text-align: justify;\">Finalmente, Tatiana Villarroel, insisti\u00f3 en que es muy importante que todas las autoridades trabajen de manera coordinada para llegar con soluciones reales a la comunidad, dejando de lado los temas pol\u00edticos, los que nunca deben ser una prioridad cuando existen necesidades que deben tener respuestas oportunas en los distintos puntos de la comuna de Ays\u00e9n.<\/p>\n<\/div><\/section><\/div><div  style='height:50px' class='hr hr-invisible   avia-builder-el-6  el_after_av_one_full  el_before_av_social_share '><span class='hr-inner ' ><span class='hr-inner-style'><\/span><\/span><\/div><\/p>\n<div  class='av-social-sharing-box  avia-builder-el-7  el_after_av_hr  el_before_av_hr  '><div class='av-share-box'><h5 class='av-share-link-description av-no-toc '>Compartir esta noticia<\/h5><ul class='av-share-box-list noLightbox'><li class='av-share-link av-social-link-facebook' ><a target=\"_blank\" aria-label=\"Compartir en Facebook\" href='https:\/\/www.facebook.com\/sharer.php?u=https:\/\/radiorevelacionfm.cl\/?p=5650&#038;t=Concejala%20%28e%29%20Tatiana%20Villarroel%20manifest%C3%B3%20su%20preocupaci%C3%B3n%20por%20el%20servicio%20de%20combustible%20y%20gas%20en%20Islas%20Huichas' aria-hidden='false' data-av_icon='\ue8f3' data-av_iconfont='entypo-fontello' title='' data-avia-related-tooltip='Compartir en Facebook' rel=\"noopener\"><span class='avia_hidden_link_text'>Compartir en Facebook<\/span><\/a><\/li><li class='av-share-link av-social-link-twitter' ><a target=\"_blank\" aria-label=\"Compartir en Twitter\" href='https:\/\/twitter.com\/share?text=Concejala%20%28e%29%20Tatiana%20Villarroel%20manifest%C3%B3%20su%20preocupaci%C3%B3n%20por%20el%20servicio%20de%20combustible%20y%20gas%20en%20Islas%20Huichas&#038;url=https:\/\/radiorevelacionfm.cl\/?p=5650' aria-hidden='false' data-av_icon='\ue8f1' data-av_iconfont='entypo-fontello' title='' data-avia-related-tooltip='Compartir en Twitter' rel=\"noopener\"><span class='avia_hidden_link_text'>Compartir en Twitter<\/span><\/a><\/li><li class='av-share-link av-social-link-whatsapp' ><a target=\"_blank\" aria-label=\"Compartir en Whatsapp\" href='https:\/\/api.whatsapp.com\/send?text=https:\/\/radiorevelacionfm.cl\/?p=5650' aria-hidden='false' data-av_icon='\uf232' data-av_iconfont='entypo-fontello' title='' data-avia-related-tooltip='Compartir en Whatsapp' rel=\"noopener\"><span class='avia_hidden_link_text'>Compartir en Whatsapp<\/span><\/a><\/li><li class='av-share-link av-social-link-linkedin' ><a target=\"_blank\" aria-label=\"Compartir en LinkedIn\" href='https:\/\/linkedin.com\/shareArticle?mini=true&#038;title=Concejala%20%28e%29%20Tatiana%20Villarroel%20manifest%C3%B3%20su%20preocupaci%C3%B3n%20por%20el%20servicio%20de%20combustible%20y%20gas%20en%20Islas%20Huichas&#038;url=https:\/\/radiorevelacionfm.cl\/?p=5650' aria-hidden='false' data-av_icon='\ue8fc' data-av_iconfont='entypo-fontello' title='' data-avia-related-tooltip='Compartir en LinkedIn' rel=\"noopener\"><span class='avia_hidden_link_text'>Compartir en LinkedIn<\/span><\/a><\/li><li class='av-share-link av-social-link-mail' ><a  aria-label=\"Compartir por correo\" href='mailto:?subject=Concejala%20%28e%29%20Tatiana%20Villarroel%20manifest%C3%B3%20su%20preocupaci%C3%B3n%20por%20el%20servicio%20de%20combustible%20y%20gas%20en%20Islas%20Huichas&#038;body=https:\/\/radiorevelacionfm.cl\/?p=5650' aria-hidden='false' data-av_icon='\ue805' data-av_iconfont='entypo-fontello' title='' data-avia-related-tooltip='Compartir por correo'><span class='avia_hidden_link_text'>Compartir por correo<\/span><\/a><\/li><\/ul><\/div><\/div>\n<div  style='height:50px' class='hr hr-invisible   avia-builder-el-8  el_after_av_social_share  el_before_av_comments_list '><span class='hr-inner ' ><span class='hr-inner-style'><\/span><\/span><\/div>\n<div  class='av-buildercomment  av-blog-meta-html-info-disabled av-blog-meta-tag-disabled  '><\/div>\n","protected":false},"excerpt":{"rendered":"","protected":false},"author":1,"featured_media":0,"comment_status":"open","ping_status":"open","sticky":false,"template":"","format":"standard","meta":{"footnotes":""},"categories":[38],"tags":[],"class_list":["post-5650","post","type-post","status-publish","format-standard","hentry","category-regional"],"jetpack_featured_media_url":"","_links":{"self":[{"href":"https:\/\/radiorevelacionfm.cl\/index.php?rest_route=\/wp\/v2\/posts\/5650","targetHints":{"allow":["GET"]}}],"collection":[{"href":"https:\/\/radiorevelacionfm.cl\/index.php?rest_route=\/wp\/v2\/posts"}],"about":[{"href":"https:\/\/radiorevelacionfm.cl\/index.php?rest_route=\/wp\/v2\/types\/post"}],"author":[{"embeddable":true,"href":"https:\/\/radiorevelacionfm.cl\/index.php?rest_route=\/wp\/v2\/users\/1"}],"replies":[{"embeddable":true,"href":"https:\/\/radiorevelacionfm.cl\/index.php?rest_route=%2Fwp%2Fv2%2Fcomments&post=5650"}],"version-history":[{"count":1,"href":"https:\/\/radiorevelacionfm.cl\/index.php?rest_route=\/wp\/v2\/posts\/5650\/revisions"}],"predecessor-version":[{"id":5652,"href":"https:\/\/radiorevelacionfm.cl\/index.php?rest_route=\/wp\/v2\/posts\/5650\/revisions\/5652"}],"wp:attachment":[{"href":"https:\/\/radiorevelacionfm.cl\/index.php?rest_route=%2Fwp%2Fv2%2Fmedia&parent=5650"}],"wp:term":[{"taxonomy":"category","embeddable":true,"href":"https:\/\/radiorevelacionfm.cl\/index.php?rest_route=%2Fwp%2Fv2%2Fcategories&post=5650"},{"taxonomy":"post_tag","embeddable":true,"href":"https:\/\/radiorevelacionfm.cl\/index.php?rest_route=%2Fwp%2Fv2%2Ftags&post=5650"}],"curies":[{"name":"wp","href":"https:\/\/api.w.org\/{rel}","templated":true}]}}