{"id":56497,"date":"2025-07-14T10:19:02","date_gmt":"2025-07-14T13:19:02","guid":{"rendered":"https:\/\/radiorevelacionfm.cl\/?p=56497"},"modified":"2025-07-14T10:19:02","modified_gmt":"2025-07-14T13:19:02","slug":"indap-aysen-destaca-logros-regionales-en-la-cuenta-publica-nacional-2025","status":"publish","type":"post","link":"https:\/\/radiorevelacionfm.cl\/?p=56497","title":{"rendered":"Indap Ays\u00e9n destaca logros regionales en la Cuenta P\u00fablica Nacional 2025"},"content":{"rendered":"<div class=\"flex_column av_one_full  flex_column_div av-zero-column-padding first  avia-builder-el-0  el_before_av_one_full  avia-builder-el-first  \" style='border-radius:0px; '><div  class='avia-image-container  av-styling-    avia-builder-el-1  avia-builder-el-no-sibling  avia-align-center '  itemprop=\"image\" itemscope=\"itemscope\" itemtype=\"https:\/\/schema.org\/ImageObject\"  ><div class='avia-image-container-inner'><div class='avia-image-overlay-wrap'><img decoding=\"async\" class='wp-image-56498 avia-img-lazy-loading-not-56498 avia_image' src=\"https:\/\/radiorevelacionfm.cl\/wp-content\/uploads\/2025\/07\/cuenta-publica-indap-aysen-2-1_optimized-1.jpeg\" alt='' title='cuenta-publica-indap-aysen-(2)-(1)_optimized (1)' height=\"700\" width=\"802\"  itemprop=\"thumbnailUrl\" srcset=\"https:\/\/radiorevelacionfm.cl\/wp-content\/uploads\/2025\/07\/cuenta-publica-indap-aysen-2-1_optimized-1.jpeg 802w, https:\/\/radiorevelacionfm.cl\/wp-content\/uploads\/2025\/07\/cuenta-publica-indap-aysen-2-1_optimized-1-300x262.jpeg 300w, https:\/\/radiorevelacionfm.cl\/wp-content\/uploads\/2025\/07\/cuenta-publica-indap-aysen-2-1_optimized-1-768x670.jpeg 768w, https:\/\/radiorevelacionfm.cl\/wp-content\/uploads\/2025\/07\/cuenta-publica-indap-aysen-2-1_optimized-1-705x615.jpeg 705w, https:\/\/radiorevelacionfm.cl\/wp-content\/uploads\/2025\/07\/cuenta-publica-indap-aysen-2-1_optimized-1-450x393.jpeg 450w, https:\/\/radiorevelacionfm.cl\/wp-content\/uploads\/2025\/07\/cuenta-publica-indap-aysen-2-1_optimized-1-600x524.jpeg 600w\" sizes=\"(max-width: 802px) 100vw, 802px\" \/><\/div><\/div><\/div><\/div><div class=\"flex_column av_one_full  flex_column_div av-zero-column-padding first  avia-builder-el-2  el_after_av_one_full  el_before_av_one_full  column-top-margin\" style='border-radius:0px; '><section class=\"av_textblock_section \"  itemscope=\"itemscope\" itemtype=\"https:\/\/schema.org\/BlogPosting\" itemprop=\"blogPost\" ><div class='avia_textblock  '   itemprop=\"text\" ><p style=\"text-align: center;\"><strong><span style=\"font-size: 18pt;\">Indap Ays\u00e9n destaca logros regionales en la Cuenta P\u00fablica Nacional 2025<\/span><\/strong><\/p>\n<div id=\"gtx-trans\" style=\"position: absolute; left: -50px; top: 4.31534px;\">\n<div class=\"gtx-trans-icon\"><\/div>\n<\/div>\n<\/div><\/section><\/div><div class=\"flex_column av_one_full  flex_column_div av-zero-column-padding first  avia-builder-el-4  el_after_av_one_full  el_before_av_hr  column-top-margin\" style='border-radius:0px; '><section class=\"av_textblock_section \"  itemscope=\"itemscope\" itemtype=\"https:\/\/schema.org\/BlogPosting\" itemprop=\"blogPost\" ><div class='avia_textblock  '   itemprop=\"text\" ><p style=\"text-align: justify;\">En el marco de la Cuenta P\u00fablica Participativa 2025 presentada por el director nacional de INDAP, Santiago Rojas, la Direcci\u00f3n Regional de INDAP Ays\u00e9n destac\u00f3 los principales avances que esta hoja de ruta ha permitido concretar en el territorio. La implementaci\u00f3n de los ejes estrat\u00e9gicos institucionales ha tenido expresi\u00f3n concreta en la regi\u00f3n, a trav\u00e9s de iniciativas que fortalecen la agricultura familiar campesina e ind\u00edgena, impulsan la sostenibilidad productiva y promueven el arraigo de j\u00f3venes en el mundo rural.<\/p>\n<p style=\"text-align: justify;\">\u201cLos programas de INDAP han llegado a Ays\u00e9n con fuerza: hemos fortalecido la agricultura sostenible con el cierre exitoso de la primera edici\u00f3n de Transici\u00f3n a la Agricultura Sostenible (TAS) en Ma\u00f1ihuales con 32 participantes; firmado el convenio para la Tienda Mundo Rural con la Municipalidad de Coyhaique que incluye el comodato de una propiedad fiscal que INDAP que ser\u00e1 la infraestructura de esta tienda. Tambi\u00e9n iniciamos este a\u00f1o el programa para j\u00f3venes rurales \u2018Mi Primer Negocio Rural\u2019 en la regi\u00f3n, con una convocatoria amplia y representativa territorialmente\u201d, destac\u00f3 la directora regional de INDAP Ays\u00e9n, Yessica Lagos C\u00e1rdenas, quien adem\u00e1s subray\u00f3 el impacto real de los programas en el desarrollo productivo de las familias campesinas.<\/p>\n<p style=\"text-align: justify;\">A estos avances se suma la implementaci\u00f3n de la Estrategia INDAP 2023-2030, un instrumento nacional que en Ays\u00e9n se ha transformado en iniciativas concretas, con \u00e9nfasis en sostenibilidad, mercados inclusivos y fortalecimiento organizacional. En este marco, destaca la reciente firma de convenios con todas las municipalidades de la regi\u00f3n para asegurar la implementaci\u00f3n y continuidad del Programa de Desarrollo Local (PRODESAL), lo que permitir\u00e1 llegar a m\u00e1s familias campesinas con asesor\u00eda t\u00e9cnica e inversiones adaptadas a su realidad.<\/p>\n<p style=\"text-align: justify;\">\u201cLo relevante es que hoy no hablamos de pol\u00edticas generales, sino de acciones tangibles: m\u00e1s apoyo t\u00e9cnico, capacitaci\u00f3n y m\u00e1s instancias de comercializaci\u00f3n en Ays\u00e9n\u201d, explic\u00f3 el jefe del Departamento de Fomento de INDAP Ays\u00e9n, Benjam\u00edn Donoso, reforzando que los programas de INDAP est\u00e1n pensados desde y para el territorio.<\/p>\n<p style=\"text-align: justify;\">A nivel nacional, INDAP destin\u00f3 en 2024 un presupuesto de m\u00e1s de $392 mil millones, alcanzando una ejecuci\u00f3n del 98,8%, lo que permiti\u00f3 beneficiar a m\u00e1s de 166 mil productores rurales, entre ellos hombres, mujeres, j\u00f3venes y empresas campesinas. Entre 2022 y 2025, los recursos crecieron un 21% y el financiamiento para inversiones, cr\u00e9ditos y asesor\u00edas aument\u00f3 un 22%, lo que evidencia el compromiso del gobierno por invertir m\u00e1s en el desarrollo de una agricultura con justicia territorial y oportunidades reales.<\/p>\n<p style=\"text-align: justify;\">En la regi\u00f3n de Ays\u00e9n, durante el per\u00edodo 2024, INDAP ejecut\u00f3 un presupuesto de m\u00e1s de $4\u00a0\u00a0mil millones ($4.605.844.367), que permiti\u00f3 beneficiar a 1297 usuarios y usuarias, entre ellos en su mayor\u00eda mujeres. Las cifras reportan 733 productoras, 564 productores y organizaciones campesinas, reflejando el compromiso institucional por fortalecer la ruralidad en uno de los territorios m\u00e1s aislados del pa\u00eds.<\/p>\n<p style=\"text-align: justify;\">Adem\u00e1s de estos recursos sectoriales y con la finalidad de dar mejor respuesta al cumplimiento de los ejes estrat\u00e9gicos de INDAP, a nivel regional se han apalancado recursos del Gobierno Regional por m\u00e1s de $2 mil millones, para la implementaci\u00f3n de los programas Conectividad F\u00edsica (caminos intraprediales), Suelos Ays\u00e9n, Fortalecimiento Caprino, y en la provincia del Capit\u00e1n Prat el programa Ganadero y Recursos H\u00eddricos.<\/p>\n<p style=\"text-align: justify;\">Con estos resultados, INDAP Ays\u00e9n reafirma su compromiso con el desarrollo de una agricultura resiliente y con oportunidades reales. Gracias al trabajo articulado con actores locales y organizaciones campesinas, la instituci\u00f3n sigue avanzando en el fortalecimiento de la soberan\u00eda alimentaria, el arraigo territorial y la mejora de la calidad de vida en el campo patag\u00f3nico.<\/p>\n<\/div><\/section><\/div><div  style='height:50px' class='hr hr-invisible   avia-builder-el-6  el_after_av_one_full  el_before_av_social_share '><span class='hr-inner ' ><span class='hr-inner-style'><\/span><\/span><\/div><\/p>\n<div  class='av-social-sharing-box  avia-builder-el-7  el_after_av_hr  el_before_av_hr  '><div class='av-share-box'><h5 class='av-share-link-description av-no-toc '>Compartir esta noticia<\/h5><ul class='av-share-box-list noLightbox'><li class='av-share-link av-social-link-facebook' ><a target=\"_blank\" aria-label=\"Compartir en Facebook\" href='https:\/\/www.facebook.com\/sharer.php?u=https:\/\/radiorevelacionfm.cl\/?p=56497&#038;t=Indap%20Ays%C3%A9n%20destaca%20logros%20regionales%20en%20la%20Cuenta%20P%C3%BAblica%20Nacional%202025' aria-hidden='false' data-av_icon='\ue8f3' data-av_iconfont='entypo-fontello' title='' data-avia-related-tooltip='Compartir en Facebook' rel=\"noopener\"><span class='avia_hidden_link_text'>Compartir en Facebook<\/span><\/a><\/li><li class='av-share-link av-social-link-twitter' ><a target=\"_blank\" aria-label=\"Compartir en Twitter\" href='https:\/\/twitter.com\/share?text=Indap%20Ays%C3%A9n%20destaca%20logros%20regionales%20en%20la%20Cuenta%20P%C3%BAblica%20Nacional%202025&#038;url=https:\/\/radiorevelacionfm.cl\/?p=56497' aria-hidden='false' data-av_icon='\ue8f1' data-av_iconfont='entypo-fontello' title='' data-avia-related-tooltip='Compartir en Twitter' rel=\"noopener\"><span class='avia_hidden_link_text'>Compartir en Twitter<\/span><\/a><\/li><li class='av-share-link av-social-link-whatsapp' ><a target=\"_blank\" aria-label=\"Compartir en Whatsapp\" href='https:\/\/api.whatsapp.com\/send?text=https:\/\/radiorevelacionfm.cl\/?p=56497' aria-hidden='false' data-av_icon='\uf232' data-av_iconfont='entypo-fontello' title='' data-avia-related-tooltip='Compartir en Whatsapp' rel=\"noopener\"><span class='avia_hidden_link_text'>Compartir en Whatsapp<\/span><\/a><\/li><li class='av-share-link av-social-link-linkedin' ><a target=\"_blank\" aria-label=\"Compartir en LinkedIn\" href='https:\/\/linkedin.com\/shareArticle?mini=true&#038;title=Indap%20Ays%C3%A9n%20destaca%20logros%20regionales%20en%20la%20Cuenta%20P%C3%BAblica%20Nacional%202025&#038;url=https:\/\/radiorevelacionfm.cl\/?p=56497' aria-hidden='false' data-av_icon='\ue8fc' data-av_iconfont='entypo-fontello' title='' data-avia-related-tooltip='Compartir en LinkedIn' rel=\"noopener\"><span class='avia_hidden_link_text'>Compartir en LinkedIn<\/span><\/a><\/li><li class='av-share-link av-social-link-mail' ><a  aria-label=\"Compartir por correo\" href='mailto:?subject=Indap%20Ays%C3%A9n%20destaca%20logros%20regionales%20en%20la%20Cuenta%20P%C3%BAblica%20Nacional%202025&#038;body=https:\/\/radiorevelacionfm.cl\/?p=56497' aria-hidden='false' data-av_icon='\ue805' data-av_iconfont='entypo-fontello' title='' data-avia-related-tooltip='Compartir por correo'><span class='avia_hidden_link_text'>Compartir por correo<\/span><\/a><\/li><\/ul><\/div><\/div>\n<div  style='height:50px' class='hr hr-invisible   avia-builder-el-8  el_after_av_social_share  el_before_av_comments_list '><span class='hr-inner ' ><span class='hr-inner-style'><\/span><\/span><\/div>\n<div  class='av-buildercomment  av-blog-meta-html-info-disabled av-blog-meta-tag-disabled  '><\/div>\n","protected":false},"excerpt":{"rendered":"","protected":false},"author":1,"featured_media":56498,"comment_status":"closed","ping_status":"closed","sticky":false,"template":"","format":"standard","meta":{"footnotes":""},"categories":[58],"tags":[],"class_list":["post-56497","post","type-post","status-publish","format-standard","has-post-thumbnail","hentry","category-agricultura"],"jetpack_featured_media_url":"https:\/\/radiorevelacionfm.cl\/wp-content\/uploads\/2025\/07\/cuenta-publica-indap-aysen-2-1_optimized-1.jpeg","_links":{"self":[{"href":"https:\/\/radiorevelacionfm.cl\/index.php?rest_route=\/wp\/v2\/posts\/56497","targetHints":{"allow":["GET"]}}],"collection":[{"href":"https:\/\/radiorevelacionfm.cl\/index.php?rest_route=\/wp\/v2\/posts"}],"about":[{"href":"https:\/\/radiorevelacionfm.cl\/index.php?rest_route=\/wp\/v2\/types\/post"}],"author":[{"embeddable":true,"href":"https:\/\/radiorevelacionfm.cl\/index.php?rest_route=\/wp\/v2\/users\/1"}],"replies":[{"embeddable":true,"href":"https:\/\/radiorevelacionfm.cl\/index.php?rest_route=%2Fwp%2Fv2%2Fcomments&post=56497"}],"version-history":[{"count":2,"href":"https:\/\/radiorevelacionfm.cl\/index.php?rest_route=\/wp\/v2\/posts\/56497\/revisions"}],"predecessor-version":[{"id":56506,"href":"https:\/\/radiorevelacionfm.cl\/index.php?rest_route=\/wp\/v2\/posts\/56497\/revisions\/56506"}],"wp:featuredmedia":[{"embeddable":true,"href":"https:\/\/radiorevelacionfm.cl\/index.php?rest_route=\/wp\/v2\/media\/56498"}],"wp:attachment":[{"href":"https:\/\/radiorevelacionfm.cl\/index.php?rest_route=%2Fwp%2Fv2%2Fmedia&parent=56497"}],"wp:term":[{"taxonomy":"category","embeddable":true,"href":"https:\/\/radiorevelacionfm.cl\/index.php?rest_route=%2Fwp%2Fv2%2Fcategories&post=56497"},{"taxonomy":"post_tag","embeddable":true,"href":"https:\/\/radiorevelacionfm.cl\/index.php?rest_route=%2Fwp%2Fv2%2Ftags&post=56497"}],"curies":[{"name":"wp","href":"https:\/\/api.w.org\/{rel}","templated":true}]}}