{"id":56493,"date":"2025-07-13T17:19:13","date_gmt":"2025-07-13T20:19:13","guid":{"rendered":"https:\/\/radiorevelacionfm.cl\/?p=56493"},"modified":"2025-07-13T17:19:13","modified_gmt":"2025-07-13T20:19:13","slug":"consejera-de-la-provincia-general-carrera-expresa-preocupacion-por-observaciones-a-transbordador-la-tehuelche-que-afectan-su-seguridad","status":"publish","type":"post","link":"https:\/\/radiorevelacionfm.cl\/?p=56493","title":{"rendered":"Consejera de la Provincia General Carrera expresa preocupaci\u00f3n por observaciones a transbordador La Tehuelche que afectan su seguridad"},"content":{"rendered":"<div class=\"flex_column av_one_full  flex_column_div av-zero-column-padding first  avia-builder-el-0  el_before_av_one_full  avia-builder-el-first  \" style='border-radius:0px; '><div  class='avia-image-container  av-styling-    avia-builder-el-1  avia-builder-el-no-sibling  avia-align-center '  itemprop=\"image\" itemscope=\"itemscope\" itemtype=\"https:\/\/schema.org\/ImageObject\"  ><div class='avia-image-container-inner'><div class='avia-image-overlay-wrap'><img decoding=\"async\" class='wp-image-25661 avia-img-lazy-loading-not-25661 avia_image' src=\"https:\/\/radiorevelacionfm.cl\/wp-content\/uploads\/2022\/12\/LATEHUELCHE-1-1.jpg\" alt='' title='LATEHUELCHE (1) (1)' height=\"600\" width=\"1067\"  itemprop=\"thumbnailUrl\" srcset=\"https:\/\/radiorevelacionfm.cl\/wp-content\/uploads\/2022\/12\/LATEHUELCHE-1-1.jpg 1067w, https:\/\/radiorevelacionfm.cl\/wp-content\/uploads\/2022\/12\/LATEHUELCHE-1-1-300x169.jpg 300w, https:\/\/radiorevelacionfm.cl\/wp-content\/uploads\/2022\/12\/LATEHUELCHE-1-1-1030x579.jpg 1030w, https:\/\/radiorevelacionfm.cl\/wp-content\/uploads\/2022\/12\/LATEHUELCHE-1-1-768x432.jpg 768w, https:\/\/radiorevelacionfm.cl\/wp-content\/uploads\/2022\/12\/LATEHUELCHE-1-1-705x396.jpg 705w, https:\/\/radiorevelacionfm.cl\/wp-content\/uploads\/2022\/12\/LATEHUELCHE-1-1-600x337.jpg 600w\" sizes=\"(max-width: 1067px) 100vw, 1067px\" \/><\/div><\/div><\/div><\/div><div class=\"flex_column av_one_full  flex_column_div av-zero-column-padding first  avia-builder-el-2  el_after_av_one_full  el_before_av_one_full  column-top-margin\" style='border-radius:0px; '><section class=\"av_textblock_section \"  itemscope=\"itemscope\" itemtype=\"https:\/\/schema.org\/BlogPosting\" itemprop=\"blogPost\" ><div class='avia_textblock  '   itemprop=\"text\" ><p style=\"text-align: center;\"><strong><span style=\"font-size: 18pt;\">Consejera de la Provincia General Carrera expresa preocupaci\u00f3n por observaciones a transbordador La Tehuelche que afectan su seguridad<\/span><\/strong><\/p>\n<div id=\"gtx-trans\" style=\"position: absolute; left: -50px; top: 4.31534px;\">\n<div class=\"gtx-trans-icon\"><\/div>\n<\/div>\n<\/div><\/section><\/div><div class=\"flex_column av_one_full  flex_column_div av-zero-column-padding first  avia-builder-el-4  el_after_av_one_full  el_before_av_hr  column-top-margin\" style='border-radius:0px; '><section class=\"av_textblock_section \"  itemscope=\"itemscope\" itemtype=\"https:\/\/schema.org\/BlogPosting\" itemprop=\"blogPost\" ><div class='avia_textblock  '   itemprop=\"text\" ><p class=\"v1gmail-MsoListParagraph\" style=\"text-align: justify;\"><i>Para fin de mes se posterg\u00f3 mantenci\u00f3n programada, durante la cual se revisar\u00e1n los aspectos que la autoridad mar\u00edtima ha se\u00f1alado como fundamentales en las \u00e1reas de profesionales, navegaci\u00f3n, telecomunicaciones y en el \u00e1rea de m\u00e1quinas.\u00a0<span class=\"v1gmail-Apple-converted-space\">\u00a0<\/span><\/i><\/p>\n<p class=\"v1MsoNormal\" style=\"text-align: justify;\">Un llamado de atenci\u00f3n sobre una serie de observaciones al transbordador La Tehuelche que pondr\u00edan en riesgo su seguridad de navegaci\u00f3n ha realizado durante los \u00faltimos d\u00edas la consejera regional de la provincia General Carrera Paulina Hern\u00e1ndez. La representante CORE recibi\u00f3 recientemente de parte de la autoridad mar\u00edtima un informe que da cuenta de una serie de temas pendientes en las \u00e1reas de profesionales, navegaci\u00f3n, telecomunicaciones y en el \u00e1rea de m\u00e1quinas.<span class=\"v1gmail-Apple-converted-space\">\u00a0<\/span><\/p>\n<p class=\"v1MsoNormal\" style=\"text-align: justify;\">\u00ab<i>Me parece una situaci\u00f3n grav\u00edsima, manteniendo muchos a\u00f1os de observaciones sin responder y que a la fecha hoy d\u00eda se haya ocultado esto a la ciudadan\u00eda\u00bb<\/i><span class=\"v1gmail-Apple-converted-space\">\u00a0<\/span>indic\u00f3 al respecto. Esta situaci\u00f3n se condice con que<span class=\"v1gmail-Apple-converted-space\">\u00a0<\/span><i>\u00ablos tiempos de navegaci\u00f3n de un tiempo a esta parte no son los que corresponden, la embarcaci\u00f3n en reiteradas ocasiones ha tenido que paralizar su trayecto, generando incertidumbre, temor, desconfianza tambi\u00e9n en la comunidad<\/i>\u00ab.<\/p>\n<p class=\"v1MsoNormal\" style=\"text-align: justify;\">Como ejemplo mencion\u00f3 que hay problemas en los \u00ab<i>tableros el\u00e9ctricos, baliza de alarma de incendio, algo que me llama profundamente la atenci\u00f3n ya que hace unas semanas atr\u00e1s tambi\u00e9n se desarroll\u00f3 una actividad de simulacro de incendio al interior de la nave<\/i>\u00ab. No tiene claro c\u00f3mo se puedo realizar ya que la luz de la alarma no est\u00e1 operativa.<\/p>\n<p class=\"v1MsoNormal\" style=\"text-align: justify;\">En opini\u00f3n de la consejera regional, es importante que las autoridades responsables mantengan informada a la comunidad sobre esta situaci\u00f3n, ya que no s\u00f3lo involucra tiempos de discontinuidad del servicio sino, m\u00e1s grave a\u00fan, la seguridad de las personas.<\/p>\n<p class=\"v1MsoNormal\" style=\"text-align: justify;\">Hasta principios de julio la empresa responsable de la operaci\u00f3n era Transal,<span class=\"v1gmail-Apple-converted-space\">\u00a0<\/span>\u00a0momento a partir del cual<span class=\"v1gmail-Apple-converted-space\">\u00a0<\/span><a href=\"https:\/\/www.ferrypatagonia.com\/post\/cambio-operador-barcaza-la-tehuelche\" target=\"_blank\" rel=\"noopener noreferrer\">asumi\u00f3 este servicio Naviera Austral<\/a>.<\/p>\n<p class=\"v1MsoNormal\" style=\"text-align: justify;\">Recientemente se inform\u00f3 que la mantenci\u00f3n programada se ha reagendado para fines de julio, debido a que no se pudo cerrar contrato con la empresa responsable de dichas operaciones.<\/p>\n<\/div><\/section><\/div><div  style='height:50px' class='hr hr-invisible   avia-builder-el-6  el_after_av_one_full  el_before_av_social_share '><span class='hr-inner ' ><span class='hr-inner-style'><\/span><\/span><\/div><\/p>\n<div  class='av-social-sharing-box  avia-builder-el-7  el_after_av_hr  el_before_av_hr  '><div class='av-share-box'><h5 class='av-share-link-description av-no-toc '>Compartir esta noticia<\/h5><ul class='av-share-box-list noLightbox'><li class='av-share-link av-social-link-facebook' ><a target=\"_blank\" aria-label=\"Compartir en Facebook\" href='https:\/\/www.facebook.com\/sharer.php?u=https:\/\/radiorevelacionfm.cl\/?p=56493&#038;t=Consejera%20de%20la%20Provincia%20General%20Carrera%20expresa%20preocupaci%C3%B3n%20por%20observaciones%20a%20transbordador%20La%20Tehuelche%20que%20afectan%20su%20seguridad' aria-hidden='false' data-av_icon='\ue8f3' data-av_iconfont='entypo-fontello' title='' data-avia-related-tooltip='Compartir en Facebook' rel=\"noopener\"><span class='avia_hidden_link_text'>Compartir en Facebook<\/span><\/a><\/li><li class='av-share-link av-social-link-twitter' ><a target=\"_blank\" aria-label=\"Compartir en Twitter\" href='https:\/\/twitter.com\/share?text=Consejera%20de%20la%20Provincia%20General%20Carrera%20expresa%20preocupaci%C3%B3n%20por%20observaciones%20a%20transbordador%20La%20Tehuelche%20que%20afectan%20su%20seguridad&#038;url=https:\/\/radiorevelacionfm.cl\/?p=56493' aria-hidden='false' data-av_icon='\ue8f1' data-av_iconfont='entypo-fontello' title='' data-avia-related-tooltip='Compartir en Twitter' rel=\"noopener\"><span class='avia_hidden_link_text'>Compartir en Twitter<\/span><\/a><\/li><li class='av-share-link av-social-link-whatsapp' ><a target=\"_blank\" aria-label=\"Compartir en Whatsapp\" href='https:\/\/api.whatsapp.com\/send?text=https:\/\/radiorevelacionfm.cl\/?p=56493' aria-hidden='false' data-av_icon='\uf232' data-av_iconfont='entypo-fontello' title='' data-avia-related-tooltip='Compartir en Whatsapp' rel=\"noopener\"><span class='avia_hidden_link_text'>Compartir en Whatsapp<\/span><\/a><\/li><li class='av-share-link av-social-link-linkedin' ><a target=\"_blank\" aria-label=\"Compartir en LinkedIn\" href='https:\/\/linkedin.com\/shareArticle?mini=true&#038;title=Consejera%20de%20la%20Provincia%20General%20Carrera%20expresa%20preocupaci%C3%B3n%20por%20observaciones%20a%20transbordador%20La%20Tehuelche%20que%20afectan%20su%20seguridad&#038;url=https:\/\/radiorevelacionfm.cl\/?p=56493' aria-hidden='false' data-av_icon='\ue8fc' data-av_iconfont='entypo-fontello' title='' data-avia-related-tooltip='Compartir en LinkedIn' rel=\"noopener\"><span class='avia_hidden_link_text'>Compartir en LinkedIn<\/span><\/a><\/li><li class='av-share-link av-social-link-mail' ><a  aria-label=\"Compartir por correo\" href='mailto:?subject=Consejera%20de%20la%20Provincia%20General%20Carrera%20expresa%20preocupaci%C3%B3n%20por%20observaciones%20a%20transbordador%20La%20Tehuelche%20que%20afectan%20su%20seguridad&#038;body=https:\/\/radiorevelacionfm.cl\/?p=56493' aria-hidden='false' data-av_icon='\ue805' data-av_iconfont='entypo-fontello' title='' data-avia-related-tooltip='Compartir por correo'><span class='avia_hidden_link_text'>Compartir por correo<\/span><\/a><\/li><\/ul><\/div><\/div>\n<div  style='height:50px' class='hr hr-invisible   avia-builder-el-8  el_after_av_social_share  el_before_av_comments_list '><span class='hr-inner ' ><span class='hr-inner-style'><\/span><\/span><\/div>\n<div  class='av-buildercomment  av-blog-meta-html-info-disabled av-blog-meta-tag-disabled  '><\/div>\n","protected":false},"excerpt":{"rendered":"","protected":false},"author":1,"featured_media":25661,"comment_status":"closed","ping_status":"closed","sticky":false,"template":"","format":"standard","meta":{"footnotes":""},"categories":[38],"tags":[],"class_list":["post-56493","post","type-post","status-publish","format-standard","has-post-thumbnail","hentry","category-regional"],"jetpack_featured_media_url":"https:\/\/radiorevelacionfm.cl\/wp-content\/uploads\/2022\/12\/LATEHUELCHE-1-1.jpg","_links":{"self":[{"href":"https:\/\/radiorevelacionfm.cl\/index.php?rest_route=\/wp\/v2\/posts\/56493","targetHints":{"allow":["GET"]}}],"collection":[{"href":"https:\/\/radiorevelacionfm.cl\/index.php?rest_route=\/wp\/v2\/posts"}],"about":[{"href":"https:\/\/radiorevelacionfm.cl\/index.php?rest_route=\/wp\/v2\/types\/post"}],"author":[{"embeddable":true,"href":"https:\/\/radiorevelacionfm.cl\/index.php?rest_route=\/wp\/v2\/users\/1"}],"replies":[{"embeddable":true,"href":"https:\/\/radiorevelacionfm.cl\/index.php?rest_route=%2Fwp%2Fv2%2Fcomments&post=56493"}],"version-history":[{"count":2,"href":"https:\/\/radiorevelacionfm.cl\/index.php?rest_route=\/wp\/v2\/posts\/56493\/revisions"}],"predecessor-version":[{"id":56495,"href":"https:\/\/radiorevelacionfm.cl\/index.php?rest_route=\/wp\/v2\/posts\/56493\/revisions\/56495"}],"wp:featuredmedia":[{"embeddable":true,"href":"https:\/\/radiorevelacionfm.cl\/index.php?rest_route=\/wp\/v2\/media\/25661"}],"wp:attachment":[{"href":"https:\/\/radiorevelacionfm.cl\/index.php?rest_route=%2Fwp%2Fv2%2Fmedia&parent=56493"}],"wp:term":[{"taxonomy":"category","embeddable":true,"href":"https:\/\/radiorevelacionfm.cl\/index.php?rest_route=%2Fwp%2Fv2%2Fcategories&post=56493"},{"taxonomy":"post_tag","embeddable":true,"href":"https:\/\/radiorevelacionfm.cl\/index.php?rest_route=%2Fwp%2Fv2%2Ftags&post=56493"}],"curies":[{"name":"wp","href":"https:\/\/api.w.org\/{rel}","templated":true}]}}