{"id":56487,"date":"2025-07-13T14:48:49","date_gmt":"2025-07-13T17:48:49","guid":{"rendered":"https:\/\/radiorevelacionfm.cl\/?p=56487"},"modified":"2025-07-13T14:48:49","modified_gmt":"2025-07-13T17:48:49","slug":"edelaysen-presenta-plan-de-inversion-regional-en-reunion-con-gobernador-regional-marcelo-santana","status":"publish","type":"post","link":"https:\/\/radiorevelacionfm.cl\/?p=56487","title":{"rendered":"Edelaysen presenta Plan de Inversi\u00f3n Regional en reuni\u00f3n con gobernador regional Marcelo Santana"},"content":{"rendered":"<div class=\"flex_column av_one_full  flex_column_div av-zero-column-padding first  avia-builder-el-0  el_before_av_one_full  avia-builder-el-first  \" style='border-radius:0px; '><div  class='avia-image-container  av-styling-    avia-builder-el-1  avia-builder-el-no-sibling  avia-align-center '  itemprop=\"image\" itemscope=\"itemscope\" itemtype=\"https:\/\/schema.org\/ImageObject\"  ><div class='avia-image-container-inner'><div class='avia-image-overlay-wrap'><img decoding=\"async\" class='wp-image-56488 avia-img-lazy-loading-not-56488 avia_image' src=\"https:\/\/radiorevelacionfm.cl\/wp-content\/uploads\/2025\/07\/Reunion-Gobernador1-1-1.jpeg\" alt='' title='Reuni\u00f3n Gobernador1 (1) (1)' height=\"600\" width=\"899\"  itemprop=\"thumbnailUrl\" srcset=\"https:\/\/radiorevelacionfm.cl\/wp-content\/uploads\/2025\/07\/Reunion-Gobernador1-1-1.jpeg 899w, https:\/\/radiorevelacionfm.cl\/wp-content\/uploads\/2025\/07\/Reunion-Gobernador1-1-1-300x200.jpeg 300w, https:\/\/radiorevelacionfm.cl\/wp-content\/uploads\/2025\/07\/Reunion-Gobernador1-1-1-768x513.jpeg 768w, https:\/\/radiorevelacionfm.cl\/wp-content\/uploads\/2025\/07\/Reunion-Gobernador1-1-1-705x471.jpeg 705w, https:\/\/radiorevelacionfm.cl\/wp-content\/uploads\/2025\/07\/Reunion-Gobernador1-1-1-450x300.jpeg 450w, https:\/\/radiorevelacionfm.cl\/wp-content\/uploads\/2025\/07\/Reunion-Gobernador1-1-1-600x400.jpeg 600w\" sizes=\"(max-width: 899px) 100vw, 899px\" \/><\/div><\/div><\/div><\/div><div class=\"flex_column av_one_full  flex_column_div av-zero-column-padding first  avia-builder-el-2  el_after_av_one_full  el_before_av_one_full  column-top-margin\" style='border-radius:0px; '><section class=\"av_textblock_section \"  itemscope=\"itemscope\" itemtype=\"https:\/\/schema.org\/BlogPosting\" itemprop=\"blogPost\" ><div class='avia_textblock  '   itemprop=\"text\" ><p style=\"text-align: center;\"><strong><span style=\"font-size: 18pt;\">Edelaysen presenta Plan de Inversi\u00f3n Regional en reuni\u00f3n con gobernador regional Marcelo Santana<\/span><\/strong><\/p>\n<div id=\"gtx-trans\" style=\"position: absolute; left: -50px; top: 4.31534px;\">\n<div class=\"gtx-trans-icon\"><\/div>\n<\/div>\n<\/div><\/section><\/div><div class=\"flex_column av_one_full  flex_column_div av-zero-column-padding first  avia-builder-el-4  el_after_av_one_full  el_before_av_hr  column-top-margin\" style='border-radius:0px; '><section class=\"av_textblock_section \"  itemscope=\"itemscope\" itemtype=\"https:\/\/schema.org\/BlogPosting\" itemprop=\"blogPost\" ><div class='avia_textblock  '   itemprop=\"text\" ><p style=\"text-align: justify;\"><em>Durante el encuentro con la autoridad regional y su equipo, la el\u00e9ctrica abord\u00f3 los desaf\u00edos del sistema el\u00e9ctrico en la zona, el contexto tarifario y las proyecciones en materia energ\u00e9tica.<\/em><\/p>\n<p style=\"text-align: justify;\">En las dependencias del Gobierno Regional de Ays\u00e9n, se llev\u00f3 a cabo importante reuni\u00f3n de Edelaysen y el gobernador regional Marcelo Santana, junto con los jefes de divisi\u00f3n de Planificaci\u00f3n y Desarrollo Regional, e Infraestructura y Transporte. El objetivo fue presentar el Plan de inversi\u00f3n de la el\u00e9ctrica para los pr\u00f3ximos a\u00f1os, as\u00ed como tambi\u00e9n abordar los principales desaf\u00edos del sistema el\u00e9ctrico local.<\/p>\n<p style=\"text-align: justify;\">En la cita el gerente zonal de la el\u00e9ctrica, Leonardo Mor\u00e1n, detall\u00f3 las iniciativas que contempla Edelaysen para fortalecer la calidad y continuidad del suministro el\u00e9ctrico, especialmente en contextos clim\u00e1ticos complejos como los que vive la regi\u00f3n durante el invierno. El plan considera proyectos que buscan modernizar la red, aumentar su capacidad de respuesta y avanzar en la sostenibilidad, todo con una mirada regional y de largo plazo.<\/p>\n<p style=\"text-align: justify;\">Al respecto el Gobernador Santana destac\u00f3: \u201cHemos conocido de la voz de Edelaysen, de su Gerente Leonardo Mor\u00e1n y su equipo dos cosas muy importantes que van a impactar positivamente a nuestra regi\u00f3n. En primer lugar este plan de inversi\u00f3n que tiene contemplado esta empresa en nuestra regi\u00f3n y que son m\u00e1s de 75 millones de d\u00f3lares que en los pr\u00f3ximos a\u00f1os los va a mover con dos efectos muy importantes. El primero de ellos es en entregar mayor sostenibilidad y eficiencia a su sistema, que provocan menos interrupciones que provocan finalmente menos molestias tambi\u00e9n a todos los usuarios de este servicio el\u00e9ctrico y el segundo lugar tambi\u00e9n incorporar matriz de energ\u00eda renovables no convencionales a nuestra regi\u00f3n, aumentando significativamente tambi\u00e9n la potencia instalada en Ays\u00e9n\u201d.<\/p>\n<p style=\"text-align: justify;\">Por su parte el ejecutivo de la el\u00e9ctrica, mencion\u00f3 que: \u201cLa idea era mostrar, aparte de estos datos de inversi\u00f3n, tambi\u00e9n como es la calidad y continuidad de suministro en la Regi\u00f3n de Ays\u00e9n. Si nos comparamos con el resto del pa\u00eds, estamos entre las regiones con menor cantidad de horas sin suministro, pero tambi\u00e9n entendemos que no es suficiente y por eso es necesario realizar un plan de inversiones de mediano y largo plazo, que permita tener una red mucho m\u00e1s robusta m\u00e1s resiliente con menos cortes o con menos duraci\u00f3n de los cortes, que nos d\u00e9 m\u00e1s seguridad y m\u00e1s tranquilidad en toda \u00e9poca, pero especialmente en invierno y que adem\u00e1s &#8211; como dec\u00eda el gobernador &#8211; que incorpore una cantidad de energ\u00eda renovable, mucho mayor de manera de ser un sistema m\u00e1s limpio y m\u00e1s sostenible\u201d.<\/p>\n<p style=\"text-align: justify;\">Uno de los puntos relevantes abordados en la reuni\u00f3n fue el contexto tarifario. Destacando que actualmente, la tarifa residencial en Ays\u00e9n se mantiene hoy en niveles similares a otras regiones de Chile, gracias a la aplicaci\u00f3n de la Ley de Equidad Tarifaria, lo que desmiente la idea de que en la regi\u00f3n se paga dos o tres veces m\u00e1s por la electricidad. Incluso, en ciertos a\u00f1os, las tarifas locales han estado por debajo de varias regiones del pa\u00eds. Adem\u00e1s, se aclar\u00f3 que los aumentos registrados en esta \u00e9poca, normalmente suelen deberse al mayor consumo estacional, m\u00e1s que a un alza en el precio por kWh.<\/p>\n<p style=\"text-align: justify;\">No obstante, el desaf\u00edo se concentra en las tarifas no residenciales, como las que afectan al comercio y la industria, donde a\u00fan existen brechas significativas con valores mucho m\u00e1s altos que en otras regiones. Esta diferencia impacta directamente en la competitividad regional, y desde Edelaysen recalcaron la importancia de avanzar en proyectos legislativos que permitan reducir esas desigualdades y potenciar el desarrollo econ\u00f3mico de Ays\u00e9n.<\/p>\n<p style=\"text-align: justify;\">En ese contexto, tanto Edelaysen como el Gobierno Regional, manifestaron su inter\u00e9s en seguir trabajando coordinadamente para canalizar inquietudes ciudadanas y avanzar en soluciones que respondan a las particularidades de Ays\u00e9n.<\/p>\n<\/div><\/section><\/div><div  style='height:50px' class='hr hr-invisible   avia-builder-el-6  el_after_av_one_full  el_before_av_social_share '><span class='hr-inner ' ><span class='hr-inner-style'><\/span><\/span><\/div><\/p>\n<div  class='av-social-sharing-box  avia-builder-el-7  el_after_av_hr  el_before_av_hr  '><div class='av-share-box'><h5 class='av-share-link-description av-no-toc '>Compartir esta noticia<\/h5><ul class='av-share-box-list noLightbox'><li class='av-share-link av-social-link-facebook' ><a target=\"_blank\" aria-label=\"Compartir en Facebook\" href='https:\/\/www.facebook.com\/sharer.php?u=https:\/\/radiorevelacionfm.cl\/?p=56487&#038;t=Edelaysen%20presenta%20Plan%20de%20Inversi%C3%B3n%20Regional%20en%20reuni%C3%B3n%20con%20gobernador%20regional%20Marcelo%20Santana' aria-hidden='false' data-av_icon='\ue8f3' data-av_iconfont='entypo-fontello' title='' data-avia-related-tooltip='Compartir en Facebook' rel=\"noopener\"><span class='avia_hidden_link_text'>Compartir en Facebook<\/span><\/a><\/li><li class='av-share-link av-social-link-twitter' ><a target=\"_blank\" aria-label=\"Compartir en Twitter\" href='https:\/\/twitter.com\/share?text=Edelaysen%20presenta%20Plan%20de%20Inversi%C3%B3n%20Regional%20en%20reuni%C3%B3n%20con%20gobernador%20regional%20Marcelo%20Santana&#038;url=https:\/\/radiorevelacionfm.cl\/?p=56487' aria-hidden='false' data-av_icon='\ue8f1' data-av_iconfont='entypo-fontello' title='' data-avia-related-tooltip='Compartir en Twitter' rel=\"noopener\"><span class='avia_hidden_link_text'>Compartir en Twitter<\/span><\/a><\/li><li class='av-share-link av-social-link-whatsapp' ><a target=\"_blank\" aria-label=\"Compartir en Whatsapp\" href='https:\/\/api.whatsapp.com\/send?text=https:\/\/radiorevelacionfm.cl\/?p=56487' aria-hidden='false' data-av_icon='\uf232' data-av_iconfont='entypo-fontello' title='' data-avia-related-tooltip='Compartir en Whatsapp' rel=\"noopener\"><span class='avia_hidden_link_text'>Compartir en Whatsapp<\/span><\/a><\/li><li class='av-share-link av-social-link-linkedin' ><a target=\"_blank\" aria-label=\"Compartir en LinkedIn\" href='https:\/\/linkedin.com\/shareArticle?mini=true&#038;title=Edelaysen%20presenta%20Plan%20de%20Inversi%C3%B3n%20Regional%20en%20reuni%C3%B3n%20con%20gobernador%20regional%20Marcelo%20Santana&#038;url=https:\/\/radiorevelacionfm.cl\/?p=56487' aria-hidden='false' data-av_icon='\ue8fc' data-av_iconfont='entypo-fontello' title='' data-avia-related-tooltip='Compartir en LinkedIn' rel=\"noopener\"><span class='avia_hidden_link_text'>Compartir en LinkedIn<\/span><\/a><\/li><li class='av-share-link av-social-link-mail' ><a  aria-label=\"Compartir por correo\" href='mailto:?subject=Edelaysen%20presenta%20Plan%20de%20Inversi%C3%B3n%20Regional%20en%20reuni%C3%B3n%20con%20gobernador%20regional%20Marcelo%20Santana&#038;body=https:\/\/radiorevelacionfm.cl\/?p=56487' aria-hidden='false' data-av_icon='\ue805' data-av_iconfont='entypo-fontello' title='' data-avia-related-tooltip='Compartir por correo'><span class='avia_hidden_link_text'>Compartir por correo<\/span><\/a><\/li><\/ul><\/div><\/div>\n<div  style='height:50px' class='hr hr-invisible   avia-builder-el-8  el_after_av_social_share  el_before_av_comments_list '><span class='hr-inner ' ><span class='hr-inner-style'><\/span><\/span><\/div>\n<div  class='av-buildercomment  av-blog-meta-html-info-disabled av-blog-meta-tag-disabled  '><\/div>\n","protected":false},"excerpt":{"rendered":"","protected":false},"author":1,"featured_media":56488,"comment_status":"closed","ping_status":"closed","sticky":false,"template":"","format":"standard","meta":{"footnotes":""},"categories":[38],"tags":[],"class_list":["post-56487","post","type-post","status-publish","format-standard","has-post-thumbnail","hentry","category-regional"],"jetpack_featured_media_url":"https:\/\/radiorevelacionfm.cl\/wp-content\/uploads\/2025\/07\/Reunion-Gobernador1-1-1.jpeg","_links":{"self":[{"href":"https:\/\/radiorevelacionfm.cl\/index.php?rest_route=\/wp\/v2\/posts\/56487","targetHints":{"allow":["GET"]}}],"collection":[{"href":"https:\/\/radiorevelacionfm.cl\/index.php?rest_route=\/wp\/v2\/posts"}],"about":[{"href":"https:\/\/radiorevelacionfm.cl\/index.php?rest_route=\/wp\/v2\/types\/post"}],"author":[{"embeddable":true,"href":"https:\/\/radiorevelacionfm.cl\/index.php?rest_route=\/wp\/v2\/users\/1"}],"replies":[{"embeddable":true,"href":"https:\/\/radiorevelacionfm.cl\/index.php?rest_route=%2Fwp%2Fv2%2Fcomments&post=56487"}],"version-history":[{"count":2,"href":"https:\/\/radiorevelacionfm.cl\/index.php?rest_route=\/wp\/v2\/posts\/56487\/revisions"}],"predecessor-version":[{"id":56490,"href":"https:\/\/radiorevelacionfm.cl\/index.php?rest_route=\/wp\/v2\/posts\/56487\/revisions\/56490"}],"wp:featuredmedia":[{"embeddable":true,"href":"https:\/\/radiorevelacionfm.cl\/index.php?rest_route=\/wp\/v2\/media\/56488"}],"wp:attachment":[{"href":"https:\/\/radiorevelacionfm.cl\/index.php?rest_route=%2Fwp%2Fv2%2Fmedia&parent=56487"}],"wp:term":[{"taxonomy":"category","embeddable":true,"href":"https:\/\/radiorevelacionfm.cl\/index.php?rest_route=%2Fwp%2Fv2%2Fcategories&post=56487"},{"taxonomy":"post_tag","embeddable":true,"href":"https:\/\/radiorevelacionfm.cl\/index.php?rest_route=%2Fwp%2Fv2%2Ftags&post=56487"}],"curies":[{"name":"wp","href":"https:\/\/api.w.org\/{rel}","templated":true}]}}