{"id":56483,"date":"2025-07-13T14:25:45","date_gmt":"2025-07-13T17:25:45","guid":{"rendered":"https:\/\/radiorevelacionfm.cl\/?p=56483"},"modified":"2025-07-13T15:05:35","modified_gmt":"2025-07-13T18:05:35","slug":"mujer-empresaria-turistica-2025-premiara-a-emprendedoras-que-destacan-la-identidad-local-con-sus-negocios","status":"publish","type":"post","link":"https:\/\/radiorevelacionfm.cl\/?p=56483","title":{"rendered":"Mujer Empresaria Tur\u00edstica 2025 premiar\u00e1 a emprendedoras que destacan la identidad local con sus negocios"},"content":{"rendered":"<div class=\"flex_column av_one_full  flex_column_div av-zero-column-padding first  avia-builder-el-0  el_before_av_one_full  avia-builder-el-first  \" style='border-radius:0px; '><div  class='avia-image-container  av-styling-    avia-builder-el-1  avia-builder-el-no-sibling  avia-align-center '  itemprop=\"image\" itemscope=\"itemscope\" itemtype=\"https:\/\/schema.org\/ImageObject\"  ><div class='avia-image-container-inner'><div class='avia-image-overlay-wrap'><img decoding=\"async\" class='wp-image-56484 avia-img-lazy-loading-not-56484 avia_image' src=\"https:\/\/radiorevelacionfm.cl\/wp-content\/uploads\/2025\/07\/Foto-concurso-1-1.jpeg\" alt='' title='Foto concurso (1) (1)' height=\"878\" width=\"801\"  itemprop=\"thumbnailUrl\" srcset=\"https:\/\/radiorevelacionfm.cl\/wp-content\/uploads\/2025\/07\/Foto-concurso-1-1.jpeg 801w, https:\/\/radiorevelacionfm.cl\/wp-content\/uploads\/2025\/07\/Foto-concurso-1-1-274x300.jpeg 274w, https:\/\/radiorevelacionfm.cl\/wp-content\/uploads\/2025\/07\/Foto-concurso-1-1-768x842.jpeg 768w, https:\/\/radiorevelacionfm.cl\/wp-content\/uploads\/2025\/07\/Foto-concurso-1-1-643x705.jpeg 643w, https:\/\/radiorevelacionfm.cl\/wp-content\/uploads\/2025\/07\/Foto-concurso-1-1-450x493.jpeg 450w, https:\/\/radiorevelacionfm.cl\/wp-content\/uploads\/2025\/07\/Foto-concurso-1-1-600x658.jpeg 600w\" sizes=\"(max-width: 801px) 100vw, 801px\" \/><\/div><\/div><\/div><\/div>\n<div class=\"flex_column av_one_full  flex_column_div av-zero-column-padding first  avia-builder-el-2  el_after_av_one_full  el_before_av_one_full  column-top-margin\" style='border-radius:0px; '><section class=\"av_textblock_section \"  itemscope=\"itemscope\" itemtype=\"https:\/\/schema.org\/BlogPosting\" itemprop=\"blogPost\" ><div class='avia_textblock  '   itemprop=\"text\" ><p style=\"text-align: center;\"><strong><span style=\"font-size: 18pt;\">Mujer Empresaria Tur\u00edstica 2025 premiar\u00e1 a emprendedoras que destacan la identidad local con sus negocios<\/span><\/strong><\/p>\n<div id=\"gtx-trans\" style=\"position: absolute; left: -50px; top: 4.31534px;\">\n<div class=\"gtx-trans-icon\"><\/div>\n<\/div>\n<\/div><\/section><\/div>\n<div class=\"flex_column av_one_full  flex_column_div av-zero-column-padding first  avia-builder-el-4  el_after_av_one_full  el_before_av_hr  column-top-margin\" style='border-radius:0px; '><section class=\"av_textblock_section \"  itemscope=\"itemscope\" itemtype=\"https:\/\/schema.org\/BlogPosting\" itemprop=\"blogPost\" ><div class='avia_textblock  '   itemprop=\"text\" ><p style=\"text-align: justify;\"><em>Las ganadoras recibir\u00e1n $2.500.000 y un kit audiovisual para potenciar la difusi\u00f3n de sus emprendimientos. El plazo para participar finaliza el 18 de julio.<\/em><\/p>\n<p style=\"text-align: justify;\">Este a\u00f1o, nuevamente el Ministerio de la Mujer y la Equidad de G\u00e9nero, el Servicio Nacional de Turismo y Banco Estado invitan a participar en el concurso Mujer Empresaria Tur\u00edstica 2025, que en esta versi\u00f3n busca reconocer a dos emprendedoras a nivel nacional que, a trav\u00e9s de sus negocios tur\u00edsticos, promuevan la identidad local de sus territorios y generen un impacto positivo en el desarrollo econ\u00f3mico de sus comunidades.<\/p>\n<p style=\"text-align: justify;\">La Seremi de la Mujer y la Equidad de G\u00e9nero de la Regi\u00f3n de Ays\u00e9n, Isidora Gacit\u00faa Goles, indic\u00f3 sobre esta iniciativa, \u201cvaloramos este nuevo concurso, ya que fortalece la autonom\u00eda econ\u00f3mica de las mujeres, que es fundamental para el desarrollo personal y por otro lado, permite prevenir la violencia de g\u00e9nero ya que entrega mayores oportunidades y fomenta la igualdad. Este concurso representa un impulso concreto para las emprendedoras locales, quienes muchas veces enfrentan dificultades econ\u00f3micas para sacar adelante sus negocios, promover la inclusi\u00f3n de las mujeres en el sector del turismo es clave para regiones como la nuestra, donde las mujeres adem\u00e1s de todas las brechas a las que se enfrentan en nuestro pa\u00eds, vivimos con brechas que se incrementan en zonas rurales y aisladas, siendo el turismo una gran oportunidad el desarrollo laboral.\u201d.<\/p>\n<p style=\"text-align: justify;\">Desde 2011, el certamen ha premiado a m\u00e1s de treinta empresarias, relevando el importante rol que tienen las mujeres en la industria nacional. Ellas aportan en las diversas aristas de esta actividad, lo cual tambi\u00e9n ha sido un incentivo para el desarrollo de nuevas iniciativas tur\u00edsticas lideradas por mujeres que se presentan a\u00f1o a a\u00f1o en el concurso.<\/p>\n<p style=\"text-align: justify;\">En el marco de esta iniciativa, el director regional de Sernatur, Claudio Montecinos, expres\u00f3 que \u201cel turismo es un sector que representa una fuente importante de generaci\u00f3n de empleo en nuestra regi\u00f3n, especialmente las mujeres, que forman parte de m\u00e1s del 50% del total de personas ocupadas en esta actividad en la regi\u00f3n de Ays\u00e9n. Por tal motivo, el concurso Mujer Empresaria Tur\u00edstica nos permite relevar la gran labor y contribuci\u00f3n que hacen las mujeres al desarrollo de la actividad tur\u00edstica y por tal raz\u00f3n queremos invitar a las empresarias y emprendedoras de nuestra regi\u00f3n ha participar de este concurso que Sernatur ha apoyado fuertemente desde el a\u00f1o 2011\u201d.<\/p>\n<p style=\"text-align: justify;\">Ana Romero, empresaria tur\u00edstica, fundadora de Ruta Le\u00f3n, ganadora del concurso Mujer Empresaria Tur\u00edstica del a\u00f1o 2023, hizo un llamado a las mujeres del sector turismo a participar en este concurso, \u201cquiero incentivar a las mujeres de la regi\u00f3n de Ays\u00e9n, de nuestro rubro tur\u00edstico a que participen en este concurso. Creo que es muy importante que valoren nuestro trabajo, por lo tanto, las inst\u00f3 a que postulen y motiven a otras mujeres, a mostrar su trabajo en esta iniciativa impulsada por Sernatur\u201d.<\/p>\n<p style=\"text-align: justify;\"><strong>Mujer Empresaria Tur\u00edstica 2025: identidad, patrimonio y desarrollo local<\/strong><\/p>\n<p style=\"text-align: justify;\">El concurso Mujer Empresaria Tur\u00edstica 2025 pone el acento en visibilizar el aporte de las mujeres al turismo con sentido territorial. Se valorar\u00e1 especialmente a las empresarias que integran elementos distintivos del patrimonio local en sus productos o servicios tur\u00edsticos, generando experiencias aut\u00e9nticas que refuerzan el sentido de pertenencia, la historia viva y la singularidad de sus comunidades.<\/p>\n<p style=\"text-align: justify;\">\u00bfC\u00f3mo postular? Las interesadas pueden ingresar a <a href=\"http:\/\/www.sernatur.cl\/mujerempresariaturistica\">www.sernatur.cl\/mujerempresariaturistica<\/a>, sitio donde encontrar\u00e1n el formulario de postulaci\u00f3n y las bases del concurso. Pueden participar mujeres mayores de 18 a\u00f1os que lideren micro, peque\u00f1as o medianas empresas tur\u00edsticas formales, con ventas anuales hasta 40.000 UF y que sean parte del Registro Nacional de Prestadores de Servicios Tur\u00edsticos de Sernatur.<\/p>\n<p style=\"text-align: justify;\">Las dos ganadoras a nivel nacional recibir\u00e1n un premio de $2.500.000 cada una y un kit de promoci\u00f3n compuesto por dos videos profesionales y un set de fotograf\u00edas que les permitir\u00e1n potenciar la difusi\u00f3n de sus emprendimientos en las plataformas digitales. Las postulaciones estar\u00e1n abiertas hasta las 23:59 horas del viernes, 18 de julio de 2025.<\/p>\n<\/div><\/section><\/div><div  style='height:50px' class='hr hr-invisible   avia-builder-el-6  el_after_av_one_full  el_before_av_social_share '><span class='hr-inner ' ><span class='hr-inner-style'><\/span><\/span><\/div><\/p>\n<div  class='av-social-sharing-box  avia-builder-el-7  el_after_av_hr  el_before_av_hr  '><div class='av-share-box'><h5 class='av-share-link-description av-no-toc '>Compartir esta noticia<\/h5><ul class='av-share-box-list noLightbox'><li class='av-share-link av-social-link-facebook' ><a target=\"_blank\" aria-label=\"Compartir en Facebook\" href='https:\/\/www.facebook.com\/sharer.php?u=https:\/\/radiorevelacionfm.cl\/?p=56483&#038;t=Mujer%20Empresaria%20Tur%C3%ADstica%202025%20premiar%C3%A1%20a%20emprendedoras%20que%20destacan%20la%20identidad%20local%20con%20sus%20negocios' aria-hidden='false' data-av_icon='\ue8f3' data-av_iconfont='entypo-fontello' title='' data-avia-related-tooltip='Compartir en Facebook' rel=\"noopener\"><span class='avia_hidden_link_text'>Compartir en Facebook<\/span><\/a><\/li><li class='av-share-link av-social-link-twitter' ><a target=\"_blank\" aria-label=\"Compartir en Twitter\" href='https:\/\/twitter.com\/share?text=Mujer%20Empresaria%20Tur%C3%ADstica%202025%20premiar%C3%A1%20a%20emprendedoras%20que%20destacan%20la%20identidad%20local%20con%20sus%20negocios&#038;url=https:\/\/radiorevelacionfm.cl\/?p=56483' aria-hidden='false' data-av_icon='\ue8f1' data-av_iconfont='entypo-fontello' title='' data-avia-related-tooltip='Compartir en Twitter' rel=\"noopener\"><span class='avia_hidden_link_text'>Compartir en Twitter<\/span><\/a><\/li><li class='av-share-link av-social-link-whatsapp' ><a target=\"_blank\" aria-label=\"Compartir en Whatsapp\" href='https:\/\/api.whatsapp.com\/send?text=https:\/\/radiorevelacionfm.cl\/?p=56483' aria-hidden='false' data-av_icon='\uf232' data-av_iconfont='entypo-fontello' title='' data-avia-related-tooltip='Compartir en Whatsapp' rel=\"noopener\"><span class='avia_hidden_link_text'>Compartir en Whatsapp<\/span><\/a><\/li><li class='av-share-link av-social-link-linkedin' ><a target=\"_blank\" aria-label=\"Compartir en LinkedIn\" href='https:\/\/linkedin.com\/shareArticle?mini=true&#038;title=Mujer%20Empresaria%20Tur%C3%ADstica%202025%20premiar%C3%A1%20a%20emprendedoras%20que%20destacan%20la%20identidad%20local%20con%20sus%20negocios&#038;url=https:\/\/radiorevelacionfm.cl\/?p=56483' aria-hidden='false' data-av_icon='\ue8fc' data-av_iconfont='entypo-fontello' title='' data-avia-related-tooltip='Compartir en LinkedIn' rel=\"noopener\"><span class='avia_hidden_link_text'>Compartir en LinkedIn<\/span><\/a><\/li><li class='av-share-link av-social-link-mail' ><a  aria-label=\"Compartir por correo\" href='mailto:?subject=Mujer%20Empresaria%20Tur%C3%ADstica%202025%20premiar%C3%A1%20a%20emprendedoras%20que%20destacan%20la%20identidad%20local%20con%20sus%20negocios&#038;body=https:\/\/radiorevelacionfm.cl\/?p=56483' aria-hidden='false' data-av_icon='\ue805' data-av_iconfont='entypo-fontello' title='' data-avia-related-tooltip='Compartir por correo'><span class='avia_hidden_link_text'>Compartir por correo<\/span><\/a><\/li><\/ul><\/div><\/div>\n<div  style='height:50px' class='hr hr-invisible   avia-builder-el-8  el_after_av_social_share  el_before_av_comments_list '><span class='hr-inner ' ><span class='hr-inner-style'><\/span><\/span><\/div>\n<div  class='av-buildercomment  av-blog-meta-html-info-disabled av-blog-meta-tag-disabled  '><\/div>\n","protected":false},"excerpt":{"rendered":"","protected":false},"author":1,"featured_media":56484,"comment_status":"closed","ping_status":"closed","sticky":false,"template":"","format":"standard","meta":{"footnotes":""},"categories":[54],"tags":[],"class_list":["post-56483","post","type-post","status-publish","format-standard","has-post-thumbnail","hentry","category-turismo"],"jetpack_featured_media_url":"https:\/\/radiorevelacionfm.cl\/wp-content\/uploads\/2025\/07\/Foto-concurso-1-1.jpeg","_links":{"self":[{"href":"https:\/\/radiorevelacionfm.cl\/index.php?rest_route=\/wp\/v2\/posts\/56483","targetHints":{"allow":["GET"]}}],"collection":[{"href":"https:\/\/radiorevelacionfm.cl\/index.php?rest_route=\/wp\/v2\/posts"}],"about":[{"href":"https:\/\/radiorevelacionfm.cl\/index.php?rest_route=\/wp\/v2\/types\/post"}],"author":[{"embeddable":true,"href":"https:\/\/radiorevelacionfm.cl\/index.php?rest_route=\/wp\/v2\/users\/1"}],"replies":[{"embeddable":true,"href":"https:\/\/radiorevelacionfm.cl\/index.php?rest_route=%2Fwp%2Fv2%2Fcomments&post=56483"}],"version-history":[{"count":3,"href":"https:\/\/radiorevelacionfm.cl\/index.php?rest_route=\/wp\/v2\/posts\/56483\/revisions"}],"predecessor-version":[{"id":56491,"href":"https:\/\/radiorevelacionfm.cl\/index.php?rest_route=\/wp\/v2\/posts\/56483\/revisions\/56491"}],"wp:featuredmedia":[{"embeddable":true,"href":"https:\/\/radiorevelacionfm.cl\/index.php?rest_route=\/wp\/v2\/media\/56484"}],"wp:attachment":[{"href":"https:\/\/radiorevelacionfm.cl\/index.php?rest_route=%2Fwp%2Fv2%2Fmedia&parent=56483"}],"wp:term":[{"taxonomy":"category","embeddable":true,"href":"https:\/\/radiorevelacionfm.cl\/index.php?rest_route=%2Fwp%2Fv2%2Fcategories&post=56483"},{"taxonomy":"post_tag","embeddable":true,"href":"https:\/\/radiorevelacionfm.cl\/index.php?rest_route=%2Fwp%2Fv2%2Ftags&post=56483"}],"curies":[{"name":"wp","href":"https:\/\/api.w.org\/{rel}","templated":true}]}}