{"id":56480,"date":"2025-07-13T20:28:31","date_gmt":"2025-07-13T23:28:31","guid":{"rendered":"https:\/\/radiorevelacionfm.cl\/?p=56480"},"modified":"2025-07-13T20:28:31","modified_gmt":"2025-07-13T23:28:31","slug":"gobierno-destaca-inedita-ejecucion-presupuestaria-en-inversion-del-mop","status":"publish","type":"post","link":"https:\/\/radiorevelacionfm.cl\/?p=56480","title":{"rendered":"Gobierno destaca in\u00e9dita ejecuci\u00f3n presupuestaria en inversi\u00f3n del MOP"},"content":{"rendered":"<div class=\"flex_column av_one_full  flex_column_div av-zero-column-padding first  avia-builder-el-0  el_before_av_one_full  avia-builder-el-first  \" style='border-radius:0px; '><div  class='avia-image-container  av-styling-    avia-builder-el-1  avia-builder-el-no-sibling  avia-align-center '  itemprop=\"image\" itemscope=\"itemscope\" itemtype=\"https:\/\/schema.org\/ImageObject\"  ><div class='avia-image-container-inner'><div class='avia-image-overlay-wrap'><img decoding=\"async\" class='wp-image-56481 avia-img-lazy-loading-not-56481 avia_image' src=\"https:\/\/radiorevelacionfm.cl\/wp-content\/uploads\/2025\/07\/DJI_0011-1-1.jpg\" alt='' title='DJI_0011 (1) (1)' height=\"600\" width=\"1067\"  itemprop=\"thumbnailUrl\" srcset=\"https:\/\/radiorevelacionfm.cl\/wp-content\/uploads\/2025\/07\/DJI_0011-1-1.jpg 1067w, https:\/\/radiorevelacionfm.cl\/wp-content\/uploads\/2025\/07\/DJI_0011-1-1-300x169.jpg 300w, https:\/\/radiorevelacionfm.cl\/wp-content\/uploads\/2025\/07\/DJI_0011-1-1-1030x579.jpg 1030w, https:\/\/radiorevelacionfm.cl\/wp-content\/uploads\/2025\/07\/DJI_0011-1-1-768x432.jpg 768w, https:\/\/radiorevelacionfm.cl\/wp-content\/uploads\/2025\/07\/DJI_0011-1-1-705x396.jpg 705w, https:\/\/radiorevelacionfm.cl\/wp-content\/uploads\/2025\/07\/DJI_0011-1-1-450x253.jpg 450w, https:\/\/radiorevelacionfm.cl\/wp-content\/uploads\/2025\/07\/DJI_0011-1-1-600x337.jpg 600w\" sizes=\"(max-width: 1067px) 100vw, 1067px\" \/><\/div><\/div><\/div><\/div><div class=\"flex_column av_one_full  flex_column_div av-zero-column-padding first  avia-builder-el-2  el_after_av_one_full  el_before_av_one_full  column-top-margin\" style='border-radius:0px; '><section class=\"av_textblock_section \"  itemscope=\"itemscope\" itemtype=\"https:\/\/schema.org\/BlogPosting\" itemprop=\"blogPost\" ><div class='avia_textblock  '   itemprop=\"text\" ><p style=\"text-align: center;\"><strong><span style=\"font-size: 18pt;\">Gobierno destaca in\u00e9dita ejecuci\u00f3n presupuestaria en inversi\u00f3n del MOP<\/span><\/strong><\/p>\n<div id=\"gtx-trans\" style=\"position: absolute; left: -50px; top: 4.31534px;\">\n<div class=\"gtx-trans-icon\"><\/div>\n<\/div>\n<\/div><\/section><\/div><div class=\"flex_column av_one_full  flex_column_div av-zero-column-padding first  avia-builder-el-4  el_after_av_one_full  el_before_av_hr  column-top-margin\" style='border-radius:0px; '><section class=\"av_textblock_section \"  itemscope=\"itemscope\" itemtype=\"https:\/\/schema.org\/BlogPosting\" itemprop=\"blogPost\" ><div class='avia_textblock  '   itemprop=\"text\" ><p style=\"text-align: justify;\">La Secretaria Regional Ministerial de Obras P\u00fablicas, Paloma Jara Vald\u00e9s inform\u00f3 que este a\u00f1o el Ministerio de Obras P\u00fablicas en la Regi\u00f3n de Ays\u00e9n cuenta con un presupuesto\u00a0en iniciativas de inversi\u00f3n de 137 mil millones de pesos, el que a la fecha presenta una ejecuci\u00f3n presupuestaria del 48%, cifra superior en un\u00a018,7%\u00a0\u00a0respecto de esta misma fecha el a\u00f1o pasado, la que era de 29,3%.<\/p>\n<p style=\"text-align: justify;\">\u201cHoy la Regi\u00f3n de Ays\u00e9n cuenta con una inversi\u00f3n acumulada a julio del 2025 de $65.915 millones, siendo una de las m\u00e1s altas de los \u00faltimos a\u00f1os\u201d, expres\u00f3 la Seremi del MOP.<\/p>\n<p style=\"text-align: justify;\">Para el Ministerio de Obras P\u00fablicas en la Regi\u00f3n de Ays\u00e9n esto es particularmente gratificante, por lo que continuar\u00e1n trabajando en distintos \u00e1mbitos de la agenda pro crecimiento para que la inversi\u00f3n mantenga el ritmo.<\/p>\n<p style=\"text-align: justify;\">\u201cEl a\u00f1o pasado a esta fecha nosotros llev\u00e1bamos 29,3% de ejecuci\u00f3n y hoy d\u00eda llevamos cerca del 50% de ejecuci\u00f3n en inversi\u00f3n. Todo este dinero es lo que hemos tra\u00eddo a nuestra Regi\u00f3n. Estas son nuestras obras, este es nuestro trabajo; nosotros sabemos la responsabilidad que el Ministerio de Obras P\u00fablicas tiene; nosotros somos el m\u00fasculo de la econom\u00eda, cuando se mueve el MOP se mueve Ays\u00e9n por lo tanto, estamos muy orgullosos de haber podido retomar un ritmo de crecimiento y eso se hace con gesti\u00f3n y el compromiso de todos nuestros directores regionales, un gran esfuerzo de sus equipos, y una planificaci\u00f3n del trabajo; as\u00ed que estamos dejando la vara alta para lo que viene el pr\u00f3ximo a\u00f1o, para mantener un ritmo de trabajo serio. Terminamos el a\u00f1o pasado con una ejecuci\u00f3n cercana a los 80-90 mil millones de pesos, y ahora estamos alcanzando los 137 mil millones para ejecutar de aqu\u00ed a fin de a\u00f1o. El pr\u00f3ximo a\u00f1o s\u00f3lo Vialidad tendr\u00e1 alrededor de 100 mil millones, Aeropuertos tambi\u00e9n tendr\u00e1 1000 mil m\u00e1s, los Servicios Sanitarios Rurales va a tener 20 mil m\u00e1s. Estamos hablando de una inversi\u00f3n hist\u00f3rica que potencia la Regi\u00f3n, que va a traer empleo y va a traer mejoras en la calidad de vida de todos los que vivimos en la Regi\u00f3n de Ays\u00e9n\u201d, asegur\u00f3 Paloma Jara.<\/p>\n<p style=\"text-align: justify;\">A nivel nacional el Ministerio de Obras P\u00fablicas alcanz\u00f3 del orden del 50% de ejecuci\u00f3n presupuestaria, lo que es hist\u00f3rico porque hace 15 a\u00f1os que no se ve\u00eda una tan buena ejecuci\u00f3n.<\/p>\n<p style=\"text-align: justify;\">Este hito ha sido posible gracias a la colaboraci\u00f3n interministerial entre la Direcci\u00f3n de Presupuesto y diversos Servicios P\u00fablicos entre los cuales el MOP tuvo un rol preponderante. A nivel pa\u00eds, se ha monitoreado el progreso, se han identificado desaf\u00edos y se han encontrado soluciones conjuntas. Un ejemplo de esto es, la actualizaci\u00f3n de las normas de inversi\u00f3n p\u00fablica realizada junto al Ministerio de Desarrollo Social a principios de a\u00f1o, incluyendo un nuevo instructivo de proporcionalidad para estandarizar los requisitos de las obras.<\/p>\n<p style=\"text-align: justify;\">\u201cHoy estamos trabajando en algunas iniciativas como en el Aeropuerto de Balmaceda en donde no es s\u00f3lo el Terminal sino tambi\u00e9n, son las mejoras que estamos materializando para que lleguen m\u00e1s vuelos; por otra parte, la pavimentaci\u00f3n de la Ruta 7 y los puentes Rosselot y Palena en el norte; tambi\u00e9n se est\u00e1 licitando el puente Chucao-Fiordo Queulat; en la Ruta 240 cruce Mano Negra-Villa Ortega tambi\u00e9n se est\u00e1 avanzando en la licitaci\u00f3n; as\u00ed como tambi\u00e9n se impermeabiliz\u00f3 la rotonda de acceso a Puerto Ays\u00e9n. Estamos avanzando en grandes obras, pero tambi\u00e9n tenemos que seguir avanzando en que haya conectividad en caminos locales. En el MOP los proyectos no se pierden, y nuestra idea es darle continuidad a cada uno de ellos, porque las mega obras son hermosas, pero no hay nada m\u00e1s gratificante que ver lo que hace 2 o 3 kil\u00f3metros de pavimentaci\u00f3n en una comunidad que tanto lo necesita\u201d, agreg\u00f3 la autoridad regional de Obras P\u00fablicas.<\/p>\n<p style=\"text-align: justify;\">En tanto, en Santiago, la ministra de Obras P\u00fablicas, Jessica L\u00f3pez junto al subsecretario del MOP, Danilo N\u00fa\u00f1ez, dieron a conocer las cifras de ejecuci\u00f3n presupuestaria de la cartera en inversi\u00f3n durante el primer semestre de 2025 a nivel pa\u00eds.<\/p>\n<p style=\"text-align: justify;\">El presupuesto total del MOP para el a\u00f1o 2025 alcanza los 5,16 billones de pesos, de los cuales ya ha ejecutado el 46,8% (2.41 billones). En cuanto a su presupuesto de inversi\u00f3n, es decir, aquel destinado a la construcci\u00f3n de obras, es de 3,63 billones de pesos, de los cuales ya ejecut\u00f3 durante el primer semestre 1,6 billones, que corresponde a un 44,2%. Se trata de la cifra m\u00e1s alta de ejecuci\u00f3n de los \u00faltimos 15 a\u00f1os, tanto en t\u00e9rminos de inversi\u00f3n como en puntos porcentuales.<\/p>\n<p style=\"text-align: justify;\">La ministra de Obras P\u00fablicas, Jessica L\u00f3pez, destac\u00f3 que \u201cesto es un r\u00e9cord de los \u00faltimos 15 a\u00f1os y estamos muy contentos con esta cifra, que es el resultado de un trabajo sistem\u00e1tico de los \u00faltimos a\u00f1os por acelerar el proceso de inversi\u00f3n p\u00fablica. Esto tiene impacto macro en el crecimiento, en el empleo, y tambi\u00e9n tiene un significado importante, dado que detr\u00e1s de esto hay un conjunto de obras que son relevantes para cada una de las comunidades de las distintas regiones donde ellas se desarrollan\u201d.<\/p>\n<p style=\"text-align: justify;\">La secretaria de Estado subray\u00f3 el impacto que esta ejecuci\u00f3n ha tenido en el empleo. \u201cLa cartera de proyectos que el MOP desarrolla y que da cuenta de la ejecuci\u00f3n, genera una cifra estimada de 25.000 puestos de trabajo mensuales y ese es el promedio que hemos tenido en este primer semestre. En los primeros meses del a\u00f1o, cerca de 30.000, despu\u00e9s ha tendido a atenuarse\u201d.<\/p>\n<\/div><\/section><\/div><div  style='height:50px' class='hr hr-invisible   avia-builder-el-6  el_after_av_one_full  el_before_av_social_share '><span class='hr-inner ' ><span class='hr-inner-style'><\/span><\/span><\/div><\/p>\n<div  class='av-social-sharing-box  avia-builder-el-7  el_after_av_hr  el_before_av_hr  '><div class='av-share-box'><h5 class='av-share-link-description av-no-toc '>Compartir esta noticia<\/h5><ul class='av-share-box-list noLightbox'><li class='av-share-link av-social-link-facebook' ><a target=\"_blank\" aria-label=\"Compartir en Facebook\" href='https:\/\/www.facebook.com\/sharer.php?u=https:\/\/radiorevelacionfm.cl\/?p=56480&#038;t=Gobierno%20destaca%20in%C3%A9dita%20ejecuci%C3%B3n%20presupuestaria%20en%20inversi%C3%B3n%20del%20MOP' aria-hidden='false' data-av_icon='\ue8f3' data-av_iconfont='entypo-fontello' title='' data-avia-related-tooltip='Compartir en Facebook' rel=\"noopener\"><span class='avia_hidden_link_text'>Compartir en Facebook<\/span><\/a><\/li><li class='av-share-link av-social-link-twitter' ><a target=\"_blank\" aria-label=\"Compartir en Twitter\" href='https:\/\/twitter.com\/share?text=Gobierno%20destaca%20in%C3%A9dita%20ejecuci%C3%B3n%20presupuestaria%20en%20inversi%C3%B3n%20del%20MOP&#038;url=https:\/\/radiorevelacionfm.cl\/?p=56480' aria-hidden='false' data-av_icon='\ue8f1' data-av_iconfont='entypo-fontello' title='' data-avia-related-tooltip='Compartir en Twitter' rel=\"noopener\"><span class='avia_hidden_link_text'>Compartir en Twitter<\/span><\/a><\/li><li class='av-share-link av-social-link-whatsapp' ><a target=\"_blank\" aria-label=\"Compartir en Whatsapp\" href='https:\/\/api.whatsapp.com\/send?text=https:\/\/radiorevelacionfm.cl\/?p=56480' aria-hidden='false' data-av_icon='\uf232' data-av_iconfont='entypo-fontello' title='' data-avia-related-tooltip='Compartir en Whatsapp' rel=\"noopener\"><span class='avia_hidden_link_text'>Compartir en Whatsapp<\/span><\/a><\/li><li class='av-share-link av-social-link-linkedin' ><a target=\"_blank\" aria-label=\"Compartir en LinkedIn\" href='https:\/\/linkedin.com\/shareArticle?mini=true&#038;title=Gobierno%20destaca%20in%C3%A9dita%20ejecuci%C3%B3n%20presupuestaria%20en%20inversi%C3%B3n%20del%20MOP&#038;url=https:\/\/radiorevelacionfm.cl\/?p=56480' aria-hidden='false' data-av_icon='\ue8fc' data-av_iconfont='entypo-fontello' title='' data-avia-related-tooltip='Compartir en LinkedIn' rel=\"noopener\"><span class='avia_hidden_link_text'>Compartir en LinkedIn<\/span><\/a><\/li><li class='av-share-link av-social-link-mail' ><a  aria-label=\"Compartir por correo\" href='mailto:?subject=Gobierno%20destaca%20in%C3%A9dita%20ejecuci%C3%B3n%20presupuestaria%20en%20inversi%C3%B3n%20del%20MOP&#038;body=https:\/\/radiorevelacionfm.cl\/?p=56480' aria-hidden='false' data-av_icon='\ue805' data-av_iconfont='entypo-fontello' title='' data-avia-related-tooltip='Compartir por correo'><span class='avia_hidden_link_text'>Compartir por correo<\/span><\/a><\/li><\/ul><\/div><\/div>\n<div  style='height:50px' class='hr hr-invisible   avia-builder-el-8  el_after_av_social_share  el_before_av_comments_list '><span class='hr-inner ' ><span class='hr-inner-style'><\/span><\/span><\/div>\n<div  class='av-buildercomment  av-blog-meta-html-info-disabled av-blog-meta-tag-disabled  '><\/div>\n","protected":false},"excerpt":{"rendered":"","protected":false},"author":1,"featured_media":56481,"comment_status":"closed","ping_status":"closed","sticky":false,"template":"","format":"standard","meta":{"footnotes":""},"categories":[38],"tags":[],"class_list":["post-56480","post","type-post","status-publish","format-standard","has-post-thumbnail","hentry","category-regional"],"jetpack_featured_media_url":"https:\/\/radiorevelacionfm.cl\/wp-content\/uploads\/2025\/07\/DJI_0011-1-1.jpg","_links":{"self":[{"href":"https:\/\/radiorevelacionfm.cl\/index.php?rest_route=\/wp\/v2\/posts\/56480","targetHints":{"allow":["GET"]}}],"collection":[{"href":"https:\/\/radiorevelacionfm.cl\/index.php?rest_route=\/wp\/v2\/posts"}],"about":[{"href":"https:\/\/radiorevelacionfm.cl\/index.php?rest_route=\/wp\/v2\/types\/post"}],"author":[{"embeddable":true,"href":"https:\/\/radiorevelacionfm.cl\/index.php?rest_route=\/wp\/v2\/users\/1"}],"replies":[{"embeddable":true,"href":"https:\/\/radiorevelacionfm.cl\/index.php?rest_route=%2Fwp%2Fv2%2Fcomments&post=56480"}],"version-history":[{"count":2,"href":"https:\/\/radiorevelacionfm.cl\/index.php?rest_route=\/wp\/v2\/posts\/56480\/revisions"}],"predecessor-version":[{"id":56505,"href":"https:\/\/radiorevelacionfm.cl\/index.php?rest_route=\/wp\/v2\/posts\/56480\/revisions\/56505"}],"wp:featuredmedia":[{"embeddable":true,"href":"https:\/\/radiorevelacionfm.cl\/index.php?rest_route=\/wp\/v2\/media\/56481"}],"wp:attachment":[{"href":"https:\/\/radiorevelacionfm.cl\/index.php?rest_route=%2Fwp%2Fv2%2Fmedia&parent=56480"}],"wp:term":[{"taxonomy":"category","embeddable":true,"href":"https:\/\/radiorevelacionfm.cl\/index.php?rest_route=%2Fwp%2Fv2%2Fcategories&post=56480"},{"taxonomy":"post_tag","embeddable":true,"href":"https:\/\/radiorevelacionfm.cl\/index.php?rest_route=%2Fwp%2Fv2%2Ftags&post=56480"}],"curies":[{"name":"wp","href":"https:\/\/api.w.org\/{rel}","templated":true}]}}