{"id":56476,"date":"2025-07-12T15:13:13","date_gmt":"2025-07-12T18:13:13","guid":{"rendered":"https:\/\/radiorevelacionfm.cl\/?p=56476"},"modified":"2025-07-12T15:13:13","modified_gmt":"2025-07-12T18:13:13","slug":"abren-convocatorias-para-primer-encuentro-interregional-de-fotografia-analoga-en-aysen","status":"publish","type":"post","link":"https:\/\/radiorevelacionfm.cl\/?p=56476","title":{"rendered":"Abren convocatorias para primer Encuentro Interregional de Fotograf\u00eda An\u00e1loga en Ays\u00e9n"},"content":{"rendered":"<div class=\"flex_column av_one_full  flex_column_div av-zero-column-padding first  avia-builder-el-0  el_before_av_one_full  avia-builder-el-first  \" style='border-radius:0px; '><div  class='avia-image-container  av-styling-    avia-builder-el-1  avia-builder-el-no-sibling  avia-align-center '  itemprop=\"image\" itemscope=\"itemscope\" itemtype=\"https:\/\/schema.org\/ImageObject\"  ><div class='avia-image-container-inner'><div class='avia-image-overlay-wrap'><img decoding=\"async\" class='wp-image-56477 avia-img-lazy-loading-not-56477 avia_image' src=\"https:\/\/radiorevelacionfm.cl\/wp-content\/uploads\/2025\/07\/1_eifa_docu-1_optimized-1.jpg\" alt='' title='1_eifa_docu-(1)_optimized (1)' height=\"992\" width=\"800\"  itemprop=\"thumbnailUrl\" srcset=\"https:\/\/radiorevelacionfm.cl\/wp-content\/uploads\/2025\/07\/1_eifa_docu-1_optimized-1.jpg 800w, https:\/\/radiorevelacionfm.cl\/wp-content\/uploads\/2025\/07\/1_eifa_docu-1_optimized-1-242x300.jpg 242w, https:\/\/radiorevelacionfm.cl\/wp-content\/uploads\/2025\/07\/1_eifa_docu-1_optimized-1-768x952.jpg 768w, https:\/\/radiorevelacionfm.cl\/wp-content\/uploads\/2025\/07\/1_eifa_docu-1_optimized-1-569x705.jpg 569w, https:\/\/radiorevelacionfm.cl\/wp-content\/uploads\/2025\/07\/1_eifa_docu-1_optimized-1-450x558.jpg 450w, https:\/\/radiorevelacionfm.cl\/wp-content\/uploads\/2025\/07\/1_eifa_docu-1_optimized-1-600x744.jpg 600w\" sizes=\"(max-width: 800px) 100vw, 800px\" \/><\/div><\/div><\/div><\/div><div class=\"flex_column av_one_full  flex_column_div av-zero-column-padding first  avia-builder-el-2  el_after_av_one_full  el_before_av_one_full  column-top-margin\" style='border-radius:0px; '><section class=\"av_textblock_section \"  itemscope=\"itemscope\" itemtype=\"https:\/\/schema.org\/BlogPosting\" itemprop=\"blogPost\" ><div class='avia_textblock  '   itemprop=\"text\" ><p style=\"text-align: center;\"><strong><span style=\"font-size: 18pt;\">Abren convocatorias para primer Encuentro Interregional de Fotograf\u00eda An\u00e1loga en Ays\u00e9n<\/span><\/strong><\/p>\n<div id=\"gtx-trans\" style=\"position: absolute; left: -50px; top: 4.31534px;\">\n<div class=\"gtx-trans-icon\"><\/div>\n<\/div>\n<\/div><\/section><\/div><div class=\"flex_column av_one_full  flex_column_div av-zero-column-padding first  avia-builder-el-4  el_after_av_one_full  el_before_av_hr  column-top-margin\" style='border-radius:0px; '><section class=\"av_textblock_section \"  itemscope=\"itemscope\" itemtype=\"https:\/\/schema.org\/BlogPosting\" itemprop=\"blogPost\" ><div class='avia_textblock  '   itemprop=\"text\" ><p style=\"text-align: justify;\">El Primer Encuentro Interregional de Fotograf\u00eda An\u00e1loga en Ays\u00e9n (EIFA Ays\u00e9n) anunci\u00f3 la apertura de dos convocatorias dirigidas a artistas visuales, fot\u00f3grafos\/as y la comunidad en general, como parte de su programaci\u00f3n 2025. El evento se realizar\u00e1 entre septiembre y octubre en la ciudad de Coyhaique, con exposiciones, talleres gratuitos y actividades abiertas a la comunidad.<\/p>\n<p style=\"text-align: justify;\">La iniciativa es organizada por el Laboratorio Fotogr\u00e1fico Comunitario LAFOCO Coyhaique y financiada por el Fondo Nacional de Desarrollo Cultural y las Artes, convocatoria 2025 del Ministerio de las Culturas, las Artes y el Patrimonio, a trav\u00e9s de su l\u00ednea de Organizaci\u00f3n de Muestras, Ferias y Encuentros Regionales.<\/p>\n<p style=\"text-align: justify;\">Las personas interesadas pueden postular hasta el 31 de julio de 2025, enviando sus trabajos al correo <a href=\"mailto:lafoco.coyhaique@gmail.com\">lafoco.coyhaique@gmail.com.<\/a> Las convocatorias abiertas son:<\/p>\n<p style=\"text-align: justify;\"><strong>Miradas del Sur: <\/strong>muestra de fotograf\u00edas an\u00e1logas con tem\u00e1tica libre, orientada a retratar el sur y sus m\u00faltiples dimensiones desde una mirada autoral.<\/p>\n<p style=\"text-align: justify;\"><strong>Archivo Fotogr\u00e1fico Familiar: <\/strong>exposici\u00f3n construida a partir de im\u00e1genes provenientes de archivos familiares o documentales, con \u00e9nfasis en la memoria visual de Ays\u00e9n.<\/p>\n<p style=\"text-align: justify;\">Adem\u00e1s de las exposiciones, el encuentro contar\u00e1 con talleres de revelado, conservaci\u00f3n fotogr\u00e1fica, y charlas con destacados exponentes del rubro, entre ellos la fot\u00f3grafa chilena Leonora Vicu\u00f1a y el fot\u00f3grafo Javier C\u00e1rcamo (Fotopony), reconocido por su trabajo la ciudad de Coyhaique.<\/p>\n<p style=\"text-align: justify;\">\u201cEste encuentro es una oportunidad \u00fanica para reflexionar colectivamente sobre el territorio desde la imagen, y para poner en valor el oficio de la fotograf\u00eda anal\u00f3gica como una herramienta de memoria y creaci\u00f3n art\u00edstica\u201d, se\u00f1al\u00f3 Ioana Radu, productora general del evento.<\/p>\n<p style=\"text-align: justify;\">Por su parte, Felipe Soza, Director del encuentro, destac\u00f3 que \u201cla fotograf\u00eda an\u00e1loga sigue viva como una forma de resistencia frente a la inmediatez digital. Nos interesa abrir este lenguaje a nuevos p\u00fablicos y lugares no convencionales de exposici\u00f3n como la feria, el terminal de buses o la biblioteca\u201d.<\/p>\n<p style=\"text-align: justify;\">Desde la Seremi de las Culturas, el seremi Felipe Quiroz V\u00e1squez valor\u00f3 la propuesta. \u201cProyectos como este nos permiten acercar la cultura a las personas y apoyar el desarrollo art\u00edstico desde una perspectiva descentralizada, inclusiva y con identidad regional\u201d.<\/p>\n<p style=\"text-align: justify;\">El evento cuenta con la colaboraci\u00f3n de instituciones como el Museo Regional de Ays\u00e9n, la Biblioteca Regional, la Feria Las Quintas, la Red de Artistas Visuales de Ays\u00e9n (RAVA), Malotun Ortiga y Cicleayque.<\/p>\n<p style=\"text-align: justify;\">M\u00e1s informaci\u00f3n sobre las actividades y convocatorias se puede encontrar en los perfiles de Instagram <strong>@eifaa_2025 y @lafoco_coyhaique<\/strong>.<\/p>\n<\/div><\/section><\/div><div  style='height:50px' class='hr hr-invisible   avia-builder-el-6  el_after_av_one_full  el_before_av_social_share '><span class='hr-inner ' ><span class='hr-inner-style'><\/span><\/span><\/div><\/p>\n<div  class='av-social-sharing-box  avia-builder-el-7  el_after_av_hr  el_before_av_hr  '><div class='av-share-box'><h5 class='av-share-link-description av-no-toc '>Compartir esta noticia<\/h5><ul class='av-share-box-list noLightbox'><li class='av-share-link av-social-link-facebook' ><a target=\"_blank\" aria-label=\"Compartir en Facebook\" href='https:\/\/www.facebook.com\/sharer.php?u=https:\/\/radiorevelacionfm.cl\/?p=56476&#038;t=Abren%20convocatorias%20para%20primer%20Encuentro%20Interregional%20de%20Fotograf%C3%ADa%20An%C3%A1loga%20en%20Ays%C3%A9n' aria-hidden='false' data-av_icon='\ue8f3' data-av_iconfont='entypo-fontello' title='' data-avia-related-tooltip='Compartir en Facebook' rel=\"noopener\"><span class='avia_hidden_link_text'>Compartir en Facebook<\/span><\/a><\/li><li class='av-share-link av-social-link-twitter' ><a target=\"_blank\" aria-label=\"Compartir en Twitter\" href='https:\/\/twitter.com\/share?text=Abren%20convocatorias%20para%20primer%20Encuentro%20Interregional%20de%20Fotograf%C3%ADa%20An%C3%A1loga%20en%20Ays%C3%A9n&#038;url=https:\/\/radiorevelacionfm.cl\/?p=56476' aria-hidden='false' data-av_icon='\ue8f1' data-av_iconfont='entypo-fontello' title='' data-avia-related-tooltip='Compartir en Twitter' rel=\"noopener\"><span class='avia_hidden_link_text'>Compartir en Twitter<\/span><\/a><\/li><li class='av-share-link av-social-link-whatsapp' ><a target=\"_blank\" aria-label=\"Compartir en Whatsapp\" href='https:\/\/api.whatsapp.com\/send?text=https:\/\/radiorevelacionfm.cl\/?p=56476' aria-hidden='false' data-av_icon='\uf232' data-av_iconfont='entypo-fontello' title='' data-avia-related-tooltip='Compartir en Whatsapp' rel=\"noopener\"><span class='avia_hidden_link_text'>Compartir en Whatsapp<\/span><\/a><\/li><li class='av-share-link av-social-link-linkedin' ><a target=\"_blank\" aria-label=\"Compartir en LinkedIn\" href='https:\/\/linkedin.com\/shareArticle?mini=true&#038;title=Abren%20convocatorias%20para%20primer%20Encuentro%20Interregional%20de%20Fotograf%C3%ADa%20An%C3%A1loga%20en%20Ays%C3%A9n&#038;url=https:\/\/radiorevelacionfm.cl\/?p=56476' aria-hidden='false' data-av_icon='\ue8fc' data-av_iconfont='entypo-fontello' title='' data-avia-related-tooltip='Compartir en LinkedIn' rel=\"noopener\"><span class='avia_hidden_link_text'>Compartir en LinkedIn<\/span><\/a><\/li><li class='av-share-link av-social-link-mail' ><a  aria-label=\"Compartir por correo\" href='mailto:?subject=Abren%20convocatorias%20para%20primer%20Encuentro%20Interregional%20de%20Fotograf%C3%ADa%20An%C3%A1loga%20en%20Ays%C3%A9n&#038;body=https:\/\/radiorevelacionfm.cl\/?p=56476' aria-hidden='false' data-av_icon='\ue805' data-av_iconfont='entypo-fontello' title='' data-avia-related-tooltip='Compartir por correo'><span class='avia_hidden_link_text'>Compartir por correo<\/span><\/a><\/li><\/ul><\/div><\/div>\n<div  style='height:50px' class='hr hr-invisible   avia-builder-el-8  el_after_av_social_share  el_before_av_comments_list '><span class='hr-inner ' ><span class='hr-inner-style'><\/span><\/span><\/div>\n<div  class='av-buildercomment  av-blog-meta-html-info-disabled av-blog-meta-tag-disabled  '><\/div>\n","protected":false},"excerpt":{"rendered":"","protected":false},"author":1,"featured_media":56477,"comment_status":"closed","ping_status":"closed","sticky":false,"template":"","format":"standard","meta":{"footnotes":""},"categories":[52],"tags":[],"class_list":["post-56476","post","type-post","status-publish","format-standard","has-post-thumbnail","hentry","category-cultura"],"jetpack_featured_media_url":"https:\/\/radiorevelacionfm.cl\/wp-content\/uploads\/2025\/07\/1_eifa_docu-1_optimized-1.jpg","_links":{"self":[{"href":"https:\/\/radiorevelacionfm.cl\/index.php?rest_route=\/wp\/v2\/posts\/56476","targetHints":{"allow":["GET"]}}],"collection":[{"href":"https:\/\/radiorevelacionfm.cl\/index.php?rest_route=\/wp\/v2\/posts"}],"about":[{"href":"https:\/\/radiorevelacionfm.cl\/index.php?rest_route=\/wp\/v2\/types\/post"}],"author":[{"embeddable":true,"href":"https:\/\/radiorevelacionfm.cl\/index.php?rest_route=\/wp\/v2\/users\/1"}],"replies":[{"embeddable":true,"href":"https:\/\/radiorevelacionfm.cl\/index.php?rest_route=%2Fwp%2Fv2%2Fcomments&post=56476"}],"version-history":[{"count":2,"href":"https:\/\/radiorevelacionfm.cl\/index.php?rest_route=\/wp\/v2\/posts\/56476\/revisions"}],"predecessor-version":[{"id":56479,"href":"https:\/\/radiorevelacionfm.cl\/index.php?rest_route=\/wp\/v2\/posts\/56476\/revisions\/56479"}],"wp:featuredmedia":[{"embeddable":true,"href":"https:\/\/radiorevelacionfm.cl\/index.php?rest_route=\/wp\/v2\/media\/56477"}],"wp:attachment":[{"href":"https:\/\/radiorevelacionfm.cl\/index.php?rest_route=%2Fwp%2Fv2%2Fmedia&parent=56476"}],"wp:term":[{"taxonomy":"category","embeddable":true,"href":"https:\/\/radiorevelacionfm.cl\/index.php?rest_route=%2Fwp%2Fv2%2Fcategories&post=56476"},{"taxonomy":"post_tag","embeddable":true,"href":"https:\/\/radiorevelacionfm.cl\/index.php?rest_route=%2Fwp%2Fv2%2Ftags&post=56476"}],"curies":[{"name":"wp","href":"https:\/\/api.w.org\/{rel}","templated":true}]}}