{"id":56464,"date":"2025-07-12T12:38:02","date_gmt":"2025-07-12T15:38:02","guid":{"rendered":"https:\/\/radiorevelacionfm.cl\/?p=56464"},"modified":"2025-07-12T12:38:02","modified_gmt":"2025-07-12T15:38:02","slug":"ministra-s-de-hacienda-confirma-gestion-coordinada-para-avanzar-en-proyecto-zona-franca-de-aysen","status":"publish","type":"post","link":"https:\/\/radiorevelacionfm.cl\/?p=56464","title":{"rendered":"Ministra (s) de Hacienda confirma gesti\u00f3n coordinada para avanzar en proyecto Zona Franca de Ays\u00e9n"},"content":{"rendered":"<div class=\"flex_column av_one_full  flex_column_div av-zero-column-padding first  avia-builder-el-0  el_before_av_one_full  avia-builder-el-first  \" style='border-radius:0px; '><div  class='avia-image-container  av-styling-    avia-builder-el-1  avia-builder-el-no-sibling  avia-align-center '  itemprop=\"image\" itemscope=\"itemscope\" itemtype=\"https:\/\/schema.org\/ImageObject\"  ><div class='avia-image-container-inner'><div class='avia-image-overlay-wrap'><img decoding=\"async\" class='wp-image-56465 avia-img-lazy-loading-not-56465 avia_image' src=\"https:\/\/radiorevelacionfm.cl\/wp-content\/uploads\/2025\/07\/img_3751-1_optimized-1.jpg\" alt='' title='img_3751-(1)_optimized (1)' height=\"600\" width=\"921\"  itemprop=\"thumbnailUrl\" srcset=\"https:\/\/radiorevelacionfm.cl\/wp-content\/uploads\/2025\/07\/img_3751-1_optimized-1.jpg 921w, https:\/\/radiorevelacionfm.cl\/wp-content\/uploads\/2025\/07\/img_3751-1_optimized-1-300x195.jpg 300w, https:\/\/radiorevelacionfm.cl\/wp-content\/uploads\/2025\/07\/img_3751-1_optimized-1-768x500.jpg 768w, https:\/\/radiorevelacionfm.cl\/wp-content\/uploads\/2025\/07\/img_3751-1_optimized-1-705x459.jpg 705w, https:\/\/radiorevelacionfm.cl\/wp-content\/uploads\/2025\/07\/img_3751-1_optimized-1-450x293.jpg 450w, https:\/\/radiorevelacionfm.cl\/wp-content\/uploads\/2025\/07\/img_3751-1_optimized-1-600x391.jpg 600w\" sizes=\"(max-width: 921px) 100vw, 921px\" \/><\/div><\/div><\/div><\/div><div class=\"flex_column av_one_full  flex_column_div av-zero-column-padding first  avia-builder-el-2  el_after_av_one_full  el_before_av_one_full  column-top-margin\" style='border-radius:0px; '><section class=\"av_textblock_section \"  itemscope=\"itemscope\" itemtype=\"https:\/\/schema.org\/BlogPosting\" itemprop=\"blogPost\" ><div class='avia_textblock  '   itemprop=\"text\" ><p style=\"text-align: center;\"><span style=\"font-size: 18pt;\"><b>Ministra (s) de Hacienda confirma gesti\u00f3n coordinada para avanzar en proyecto Zona Franca de Ays\u00e9n<\/b><\/span><\/p>\n<div id=\"gtx-trans\" style=\"position: absolute; left: -50px; top: 4.31534px;\">\n<div class=\"gtx-trans-icon\"><\/div>\n<\/div>\n<\/div><\/section><\/div><div class=\"flex_column av_one_full  flex_column_div av-zero-column-padding first  avia-builder-el-4  el_after_av_one_full  el_before_av_hr  column-top-margin\" style='border-radius:0px; '><section class=\"av_textblock_section \"  itemscope=\"itemscope\" itemtype=\"https:\/\/schema.org\/BlogPosting\" itemprop=\"blogPost\" ><div class='avia_textblock  '   itemprop=\"text\" ><p style=\"font-weight: 400; text-align: justify;\">Un proceso de trabajo conjunto formal en torno al proyecto de Zona Franca para la Regi\u00f3n de Ays\u00e9n inici\u00f3 el Gobierno, de acuerdo a lo confirmado por la Ministra de Hacienda (s), Heidi Berner, tras una reuni\u00f3n con el Delegado Presidencial Regional, Jorge D\u00edaz Guzm\u00e1n, y el Gobernador Marcelo Santana, acompa\u00f1ados por sus respectivos equipos t\u00e9cnicos.<\/p>\n<p style=\"font-weight: 400; text-align: justify;\">\u00abTuvimos una fruct\u00edfera reuni\u00f3n de trabajo para actualizar los antecedentes con miras a iniciar un proceso de licitaci\u00f3n de la concesi\u00f3n hacia fines de este a\u00f1o y establecer una mesa de trabajo para el logro de este objetivo\u00bb, dijo la ministra (s) de Hacienda, Heidi Berner.<\/p>\n<p style=\"font-weight: 400; text-align: justify;\">En la reuni\u00f3n participaron tambi\u00e9n el equipo t\u00e9cnico del Ministerio de Hacienda,\u00a0 seremi de Econom\u00eda, Felipe Rojas, el director regional de Corfo, Humberto Mar\u00edn, subdirector de Corfo, Boris L\u00f3pez, y el jefe de la Divisi\u00f3n de Fomento e Industria del Gobierno Regional, Fernando Guzm\u00e1n, entre otros.<\/p>\n<p style=\"font-weight: 400; text-align: justify;\">Para el Delegado Jorge D\u00edaz este proceso es fundamental para avanzar de manera coordinada en este proyecto, que busca otorgar beneficios tributarios y aduaneros a la regi\u00f3n, incentivando el comercio y el desarrollo econ\u00f3mico.<\/p>\n<p style=\"font-weight: 400; text-align: justify;\">\u201cEstamos trabajando muy coordinados entre el Ministerio de Hacienda, el Gobierno Regional y la Delegaci\u00f3n Presidencial, para avanzar en el proceso de implementaci\u00f3n de un recinto franco en Puerto Ays\u00e9n. Hemos sostenido un par de reuniones con la subsecretaria de Hacienda, con el Gabinete Econ\u00f3mico y el jueves reci\u00e9n pasado se incorpor\u00f3 el Gobierno Regional, liderado por el Gobernador y su equipo t\u00e9cnico\u201d, se\u00f1al\u00f3.<\/p>\n<p style=\"font-weight: 400; text-align: justify;\">A\u00f1adi\u00f3 que \u201cel objetivo es avanzar en el perfil, queremos que sea una zona franca mixta -es decir, industrial y comercial-, que pueda contribuir al desarrollo de la Regi\u00f3n de Ays\u00e9n. Firmaremos un convenio de colaboraci\u00f3n y lo importante es que el Ministerio de Hacienda y tanto la subsecretaria como el ministro est\u00e1n comprometidos con reimpulsar este proyecto tan anhelado por la Regi\u00f3n de Ays\u00e9n\u201d.<\/p>\n<p style=\"font-weight: 400; text-align: justify;\">El Gobernador Marcelo Santana a\u00f1adi\u00f3 que \u201chemos acordado, en el corto plazo, reunir a los equipos t\u00e9cnicos del Ministerio de Hacienda, de la Delegaci\u00f3n Presidencial, del Gobierno Regional, para revisar r\u00e1pidamente la actualizaci\u00f3n de estudios que se deba hacer para entrar en proceso de licitaci\u00f3n y concesi\u00f3n de esta zona franca. Eso significa que vamos a trabajar t\u00e9cnicamente en esta documentaci\u00f3n, ya que pretendemos a fines de a\u00f1o empezar a hablar de esta licitaci\u00f3n\u201d.<\/p>\n<p style=\"font-weight: 400; text-align: justify;\">Actualmente se dispone de un terreno de 20 hect\u00e1reas ubicado entre Puerto Ays\u00e9n y Puerto Chacabuco, una propuesta de bases de licitaci\u00f3n elaborada en el a\u00f1o 2017 y un estudio realizado por la Universidad Austral de Chile.<\/p>\n<p style=\"font-weight: 400; text-align: justify;\">La siguiente reuni\u00f3n se realizar\u00e1 a fines de julio, mientras se avanza en la redacci\u00f3n del convenio que formalizar\u00e1 la participaci\u00f3n de las instituciones competentes.<\/p>\n<\/div><\/section><\/div><div  style='height:50px' class='hr hr-invisible   avia-builder-el-6  el_after_av_one_full  el_before_av_social_share '><span class='hr-inner ' ><span class='hr-inner-style'><\/span><\/span><\/div><\/p>\n<div  class='av-social-sharing-box  avia-builder-el-7  el_after_av_hr  el_before_av_hr  '><div class='av-share-box'><h5 class='av-share-link-description av-no-toc '>Compartir esta noticia<\/h5><ul class='av-share-box-list noLightbox'><li class='av-share-link av-social-link-facebook' ><a target=\"_blank\" aria-label=\"Compartir en Facebook\" href='https:\/\/www.facebook.com\/sharer.php?u=https:\/\/radiorevelacionfm.cl\/?p=56464&#038;t=Ministra%20%28s%29%20de%20Hacienda%20confirma%20gesti%C3%B3n%20coordinada%20para%20avanzar%20en%20proyecto%20Zona%20Franca%20de%20Ays%C3%A9n' aria-hidden='false' data-av_icon='\ue8f3' data-av_iconfont='entypo-fontello' title='' data-avia-related-tooltip='Compartir en Facebook' rel=\"noopener\"><span class='avia_hidden_link_text'>Compartir en Facebook<\/span><\/a><\/li><li class='av-share-link av-social-link-twitter' ><a target=\"_blank\" aria-label=\"Compartir en Twitter\" href='https:\/\/twitter.com\/share?text=Ministra%20%28s%29%20de%20Hacienda%20confirma%20gesti%C3%B3n%20coordinada%20para%20avanzar%20en%20proyecto%20Zona%20Franca%20de%20Ays%C3%A9n&#038;url=https:\/\/radiorevelacionfm.cl\/?p=56464' aria-hidden='false' data-av_icon='\ue8f1' data-av_iconfont='entypo-fontello' title='' data-avia-related-tooltip='Compartir en Twitter' rel=\"noopener\"><span class='avia_hidden_link_text'>Compartir en Twitter<\/span><\/a><\/li><li class='av-share-link av-social-link-whatsapp' ><a target=\"_blank\" aria-label=\"Compartir en Whatsapp\" href='https:\/\/api.whatsapp.com\/send?text=https:\/\/radiorevelacionfm.cl\/?p=56464' aria-hidden='false' data-av_icon='\uf232' data-av_iconfont='entypo-fontello' title='' data-avia-related-tooltip='Compartir en Whatsapp' rel=\"noopener\"><span class='avia_hidden_link_text'>Compartir en Whatsapp<\/span><\/a><\/li><li class='av-share-link av-social-link-linkedin' ><a target=\"_blank\" aria-label=\"Compartir en LinkedIn\" href='https:\/\/linkedin.com\/shareArticle?mini=true&#038;title=Ministra%20%28s%29%20de%20Hacienda%20confirma%20gesti%C3%B3n%20coordinada%20para%20avanzar%20en%20proyecto%20Zona%20Franca%20de%20Ays%C3%A9n&#038;url=https:\/\/radiorevelacionfm.cl\/?p=56464' aria-hidden='false' data-av_icon='\ue8fc' data-av_iconfont='entypo-fontello' title='' data-avia-related-tooltip='Compartir en LinkedIn' rel=\"noopener\"><span class='avia_hidden_link_text'>Compartir en LinkedIn<\/span><\/a><\/li><li class='av-share-link av-social-link-mail' ><a  aria-label=\"Compartir por correo\" href='mailto:?subject=Ministra%20%28s%29%20de%20Hacienda%20confirma%20gesti%C3%B3n%20coordinada%20para%20avanzar%20en%20proyecto%20Zona%20Franca%20de%20Ays%C3%A9n&#038;body=https:\/\/radiorevelacionfm.cl\/?p=56464' aria-hidden='false' data-av_icon='\ue805' data-av_iconfont='entypo-fontello' title='' data-avia-related-tooltip='Compartir por correo'><span class='avia_hidden_link_text'>Compartir por correo<\/span><\/a><\/li><\/ul><\/div><\/div>\n<div  style='height:50px' class='hr hr-invisible   avia-builder-el-8  el_after_av_social_share  el_before_av_comments_list '><span class='hr-inner ' ><span class='hr-inner-style'><\/span><\/span><\/div>\n<div  class='av-buildercomment  av-blog-meta-html-info-disabled av-blog-meta-tag-disabled  '><\/div>\n","protected":false},"excerpt":{"rendered":"","protected":false},"author":1,"featured_media":56465,"comment_status":"closed","ping_status":"closed","sticky":false,"template":"","format":"standard","meta":{"footnotes":""},"categories":[38],"tags":[],"class_list":["post-56464","post","type-post","status-publish","format-standard","has-post-thumbnail","hentry","category-regional"],"jetpack_featured_media_url":"https:\/\/radiorevelacionfm.cl\/wp-content\/uploads\/2025\/07\/img_3751-1_optimized-1.jpg","_links":{"self":[{"href":"https:\/\/radiorevelacionfm.cl\/index.php?rest_route=\/wp\/v2\/posts\/56464","targetHints":{"allow":["GET"]}}],"collection":[{"href":"https:\/\/radiorevelacionfm.cl\/index.php?rest_route=\/wp\/v2\/posts"}],"about":[{"href":"https:\/\/radiorevelacionfm.cl\/index.php?rest_route=\/wp\/v2\/types\/post"}],"author":[{"embeddable":true,"href":"https:\/\/radiorevelacionfm.cl\/index.php?rest_route=\/wp\/v2\/users\/1"}],"replies":[{"embeddable":true,"href":"https:\/\/radiorevelacionfm.cl\/index.php?rest_route=%2Fwp%2Fv2%2Fcomments&post=56464"}],"version-history":[{"count":2,"href":"https:\/\/radiorevelacionfm.cl\/index.php?rest_route=\/wp\/v2\/posts\/56464\/revisions"}],"predecessor-version":[{"id":56467,"href":"https:\/\/radiorevelacionfm.cl\/index.php?rest_route=\/wp\/v2\/posts\/56464\/revisions\/56467"}],"wp:featuredmedia":[{"embeddable":true,"href":"https:\/\/radiorevelacionfm.cl\/index.php?rest_route=\/wp\/v2\/media\/56465"}],"wp:attachment":[{"href":"https:\/\/radiorevelacionfm.cl\/index.php?rest_route=%2Fwp%2Fv2%2Fmedia&parent=56464"}],"wp:term":[{"taxonomy":"category","embeddable":true,"href":"https:\/\/radiorevelacionfm.cl\/index.php?rest_route=%2Fwp%2Fv2%2Fcategories&post=56464"},{"taxonomy":"post_tag","embeddable":true,"href":"https:\/\/radiorevelacionfm.cl\/index.php?rest_route=%2Fwp%2Fv2%2Ftags&post=56464"}],"curies":[{"name":"wp","href":"https:\/\/api.w.org\/{rel}","templated":true}]}}