{"id":5644,"date":"2021-06-25T16:25:30","date_gmt":"2021-06-25T19:25:30","guid":{"rendered":"https:\/\/radiorevelacionfm.cl\/?p=5644"},"modified":"2021-06-25T16:41:01","modified_gmt":"2021-06-25T19:41:01","slug":"consejeros-abello-y-campos-advierten-lentitud-en-avances-del-plan-de-zona-rezagada","status":"publish","type":"post","link":"https:\/\/radiorevelacionfm.cl\/?p=5644","title":{"rendered":"Consejeros Abello y Campos advierten lentitud en avances del Plan de Zona Rezagada"},"content":{"rendered":"<div class=\"flex_column av_one_full  flex_column_div av-zero-column-padding first  avia-builder-el-0  el_before_av_one_full  avia-builder-el-first  \" style='border-radius:0px; '><div  class='avia-image-container  av-styling-    avia-builder-el-1  avia-builder-el-no-sibling  avia-align-center '  itemprop=\"image\" itemscope=\"itemscope\" itemtype=\"https:\/\/schema.org\/ImageObject\"  ><div class='avia-image-container-inner'><div class='avia-image-overlay-wrap'><img decoding=\"async\" class='wp-image-5647 avia-img-lazy-loading-not-5647 avia_image' src=\"https:\/\/radiorevelacionfm.cl\/wp-content\/uploads\/2021\/06\/PHOTO-2021-06-24-17-44-47-2.jpg\" alt='' title='PHOTO-2021-06-24-17-44-47 (2)' height=\"852\" width=\"926\"  itemprop=\"thumbnailUrl\" srcset=\"https:\/\/radiorevelacionfm.cl\/wp-content\/uploads\/2021\/06\/PHOTO-2021-06-24-17-44-47-2.jpg 926w, https:\/\/radiorevelacionfm.cl\/wp-content\/uploads\/2021\/06\/PHOTO-2021-06-24-17-44-47-2-300x276.jpg 300w, https:\/\/radiorevelacionfm.cl\/wp-content\/uploads\/2021\/06\/PHOTO-2021-06-24-17-44-47-2-768x707.jpg 768w, https:\/\/radiorevelacionfm.cl\/wp-content\/uploads\/2021\/06\/PHOTO-2021-06-24-17-44-47-2-705x649.jpg 705w, https:\/\/radiorevelacionfm.cl\/wp-content\/uploads\/2021\/06\/PHOTO-2021-06-24-17-44-47-2-600x552.jpg 600w\" sizes=\"(max-width: 926px) 100vw, 926px\" \/><\/div><\/div><\/div><\/div><div class=\"flex_column av_one_full  flex_column_div av-zero-column-padding first  avia-builder-el-2  el_after_av_one_full  el_before_av_one_full  column-top-margin\" style='border-radius:0px; '><section class=\"av_textblock_section \"  itemscope=\"itemscope\" itemtype=\"https:\/\/schema.org\/BlogPosting\" itemprop=\"blogPost\" ><div class='avia_textblock  '   itemprop=\"text\" ><p style=\"text-align: center;\"><strong><span style=\"font-size: 18pt;\">Consejeros Abello y Campos advierten lentitud en avances del Plan de Zona Rezagada<\/span><\/strong><\/p>\n<div id=\"gtx-trans\" style=\"position: absolute; left: -50px; top: 4.31534px;\">\n<div class=\"gtx-trans-icon\"><\/div>\n<\/div>\n<\/div><\/section><\/div><\/p>\n<div class=\"flex_column av_one_full  flex_column_div av-zero-column-padding first  avia-builder-el-4  el_after_av_one_full  el_before_av_hr  column-top-margin\" style='border-radius:0px; '><section class=\"av_textblock_section \"  itemscope=\"itemscope\" itemtype=\"https:\/\/schema.org\/BlogPosting\" itemprop=\"blogPost\" ><div class='avia_textblock  '   itemprop=\"text\" ><p class=\"v1MsoNormal\" style=\"text-align: justify;\"><span lang=\"ES-MX\">Lentitud en la materializaci\u00f3n del Plan de Desarrollo Territorio Provincia de los Glaciares, vigente desde finales de abril del a\u00f1o 2020, advirtieron los consejeros regionales por la provincia Capit\u00e1n Prat Jorge Abello y Carlos Campos.<\/span><\/p>\n<p class=\"v1MsoNormal\" style=\"text-align: justify;\"><span lang=\"ES-MX\">Lo anterior considerando que a\u00fan ni siquiera parte la primera iniciativa del Plan, \u00abApoyo al Mejoramiento de Calidad de Vida a Familias de la provincia Capit\u00e1n Prat\u00bb, para el acompa\u00f1amiento psicosocial y el desarrollo productivo de 50 familias, mediante un presupuesto que supera los 860 millones de pesos por dos a\u00f1os, aprobados en agosto de 2020 por el Consejo Regional de Ays\u00e9n.<\/span><\/p>\n<p class=\"v1MsoNormal\" style=\"text-align: justify;\"><span lang=\"ES-MX\">Jorge Abello se\u00f1al\u00f3 que \u00abhemos advertido en varias instancias del Consejo Regional que el Plan de Rezago se escucha, pero no se percibe por parte de la comunidad, y no se percibe porque los programas, los beneficios directos, palpables, no llegan\u00bb.<\/span><\/p>\n<p class=\"v1MsoNormal\" style=\"text-align: justify;\"><span lang=\"ES-MX\">\u00abEn lo que respecta al programa del FOSIS de Habitabilidad Rural \u2013agreg\u00f3-, es un muy buen proyecto desde el dise\u00f1o, pero no avanza, no se licita. En concreto, no hay nada que llegue a los beneficiarios y beneficiarias, que son familias de los sectores m\u00e1s aislados de nuestra provincia y que requieren de m\u00e1s compromiso en lugar de meras ofertas. A este ritmo, vamos a llegar al a\u00f1o 2022 para reci\u00e9n partir con el programa, eso habla de una gesti\u00f3n deficiente\u00bb, enfatiz\u00f3.<\/span><\/p>\n<p class=\"v1MsoNormal\" style=\"text-align: justify;\"><span lang=\"ES-MX\">\u00abY hoy tenemos un proyecto que lidera FOSIS y que tiene que llegar a los campesinos que viven en las zonas m\u00e1s apartadas. Por esta raz\u00f3n, solicitaremos a la directora de FOSIS que pueda presentarse a las comisiones del Gobierno Regional, para que nos explique porqu\u00e9 este atraso del Plan de Zonas de Rezago, con este proyecto que llegar\u00eda a campesinos que viven en lugares muy apartados. Hoy, lo urgente es llegar con la ayuda a las personas, especialmente, con una Plan de Zona de Rezago, que tiene un descriptor diferente y que nos da la posibilidad de bajar recursos y llegar con efectividad\u00bb, recalc\u00f3 Carlos Campos.<\/span><\/p>\n<p class=\"v1MsoNormal\" style=\"text-align: justify;\"><span lang=\"ES-MX\">Los consejeros enfatizaron en que FOSIS debe dar mayor celeridad a este programa, para lo que \u00abvamos a solicitar una presentaci\u00f3n ante el pleno del Consejo Regional, para que se d\u00e9 cuenta de este lento avance, esclarecer d\u00f3nde est\u00e1n los nudos cr\u00edticos y c\u00f3mo colaborar desde el Gobierno Regional para una pronta ejecuci\u00f3n, con la finalidad de llegar prontamente a las familias identificadas como beneficiarias de la provincia Capit\u00e1n Prat, y de los territorios con mayor atraso y brechas importantes en su nivel de desarrollo y bienestar respecto al promedio del resto del pa\u00eds y de la regi\u00f3n\u00bb.<\/span><\/p>\n<\/div><\/section><\/div>\n<div  style='height:50px' class='hr hr-invisible   avia-builder-el-6  el_after_av_one_full  el_before_av_social_share '><span class='hr-inner ' ><span class='hr-inner-style'><\/span><\/span><\/div>\n<div  class='av-social-sharing-box  avia-builder-el-7  el_after_av_hr  el_before_av_hr  '><div class='av-share-box'><h5 class='av-share-link-description av-no-toc '>Compartir esta noticia<\/h5><ul class='av-share-box-list noLightbox'><li class='av-share-link av-social-link-facebook' ><a target=\"_blank\" aria-label=\"Compartir en Facebook\" href='https:\/\/www.facebook.com\/sharer.php?u=https:\/\/radiorevelacionfm.cl\/?p=5644&#038;t=Consejeros%20Abello%20y%20Campos%20advierten%20lentitud%20en%20avances%20del%20Plan%20de%20Zona%20Rezagada' aria-hidden='false' data-av_icon='\ue8f3' data-av_iconfont='entypo-fontello' title='' data-avia-related-tooltip='Compartir en Facebook' rel=\"noopener\"><span class='avia_hidden_link_text'>Compartir en Facebook<\/span><\/a><\/li><li class='av-share-link av-social-link-twitter' ><a target=\"_blank\" aria-label=\"Compartir en Twitter\" href='https:\/\/twitter.com\/share?text=Consejeros%20Abello%20y%20Campos%20advierten%20lentitud%20en%20avances%20del%20Plan%20de%20Zona%20Rezagada&#038;url=https:\/\/radiorevelacionfm.cl\/?p=5644' aria-hidden='false' data-av_icon='\ue8f1' data-av_iconfont='entypo-fontello' title='' data-avia-related-tooltip='Compartir en Twitter' rel=\"noopener\"><span class='avia_hidden_link_text'>Compartir en Twitter<\/span><\/a><\/li><li class='av-share-link av-social-link-whatsapp' ><a target=\"_blank\" aria-label=\"Compartir en Whatsapp\" href='https:\/\/api.whatsapp.com\/send?text=https:\/\/radiorevelacionfm.cl\/?p=5644' aria-hidden='false' data-av_icon='\uf232' data-av_iconfont='entypo-fontello' title='' data-avia-related-tooltip='Compartir en Whatsapp' rel=\"noopener\"><span class='avia_hidden_link_text'>Compartir en Whatsapp<\/span><\/a><\/li><li class='av-share-link av-social-link-linkedin' ><a target=\"_blank\" aria-label=\"Compartir en LinkedIn\" href='https:\/\/linkedin.com\/shareArticle?mini=true&#038;title=Consejeros%20Abello%20y%20Campos%20advierten%20lentitud%20en%20avances%20del%20Plan%20de%20Zona%20Rezagada&#038;url=https:\/\/radiorevelacionfm.cl\/?p=5644' aria-hidden='false' data-av_icon='\ue8fc' data-av_iconfont='entypo-fontello' title='' data-avia-related-tooltip='Compartir en LinkedIn' rel=\"noopener\"><span class='avia_hidden_link_text'>Compartir en LinkedIn<\/span><\/a><\/li><li class='av-share-link av-social-link-mail' ><a  aria-label=\"Compartir por correo\" href='mailto:?subject=Consejeros%20Abello%20y%20Campos%20advierten%20lentitud%20en%20avances%20del%20Plan%20de%20Zona%20Rezagada&#038;body=https:\/\/radiorevelacionfm.cl\/?p=5644' aria-hidden='false' data-av_icon='\ue805' data-av_iconfont='entypo-fontello' title='' data-avia-related-tooltip='Compartir por correo'><span class='avia_hidden_link_text'>Compartir por correo<\/span><\/a><\/li><\/ul><\/div><\/div>\n<div  style='height:50px' class='hr hr-invisible   avia-builder-el-8  el_after_av_social_share  el_before_av_comments_list '><span class='hr-inner ' ><span class='hr-inner-style'><\/span><\/span><\/div>\n<div  class='av-buildercomment  av-blog-meta-html-info-disabled av-blog-meta-tag-disabled  '><\/div>\n","protected":false},"excerpt":{"rendered":"","protected":false},"author":1,"featured_media":5647,"comment_status":"open","ping_status":"open","sticky":false,"template":"","format":"standard","meta":{"footnotes":""},"categories":[38],"tags":[],"class_list":["post-5644","post","type-post","status-publish","format-standard","has-post-thumbnail","hentry","category-regional"],"jetpack_featured_media_url":"https:\/\/radiorevelacionfm.cl\/wp-content\/uploads\/2021\/06\/PHOTO-2021-06-24-17-44-47-2.jpg","_links":{"self":[{"href":"https:\/\/radiorevelacionfm.cl\/index.php?rest_route=\/wp\/v2\/posts\/5644","targetHints":{"allow":["GET"]}}],"collection":[{"href":"https:\/\/radiorevelacionfm.cl\/index.php?rest_route=\/wp\/v2\/posts"}],"about":[{"href":"https:\/\/radiorevelacionfm.cl\/index.php?rest_route=\/wp\/v2\/types\/post"}],"author":[{"embeddable":true,"href":"https:\/\/radiorevelacionfm.cl\/index.php?rest_route=\/wp\/v2\/users\/1"}],"replies":[{"embeddable":true,"href":"https:\/\/radiorevelacionfm.cl\/index.php?rest_route=%2Fwp%2Fv2%2Fcomments&post=5644"}],"version-history":[{"count":3,"href":"https:\/\/radiorevelacionfm.cl\/index.php?rest_route=\/wp\/v2\/posts\/5644\/revisions"}],"predecessor-version":[{"id":5649,"href":"https:\/\/radiorevelacionfm.cl\/index.php?rest_route=\/wp\/v2\/posts\/5644\/revisions\/5649"}],"wp:featuredmedia":[{"embeddable":true,"href":"https:\/\/radiorevelacionfm.cl\/index.php?rest_route=\/wp\/v2\/media\/5647"}],"wp:attachment":[{"href":"https:\/\/radiorevelacionfm.cl\/index.php?rest_route=%2Fwp%2Fv2%2Fmedia&parent=5644"}],"wp:term":[{"taxonomy":"category","embeddable":true,"href":"https:\/\/radiorevelacionfm.cl\/index.php?rest_route=%2Fwp%2Fv2%2Fcategories&post=5644"},{"taxonomy":"post_tag","embeddable":true,"href":"https:\/\/radiorevelacionfm.cl\/index.php?rest_route=%2Fwp%2Fv2%2Ftags&post=5644"}],"curies":[{"name":"wp","href":"https:\/\/api.w.org\/{rel}","templated":true}]}}