{"id":56439,"date":"2025-07-11T17:51:07","date_gmt":"2025-07-11T20:51:07","guid":{"rendered":"https:\/\/radiorevelacionfm.cl\/?p=56439"},"modified":"2025-07-11T18:55:47","modified_gmt":"2025-07-11T21:55:47","slug":"puerto-aysen-2-detenidos-por-almacenamiento-de-pornografia-infantil","status":"publish","type":"post","link":"https:\/\/radiorevelacionfm.cl\/?p=56439","title":{"rendered":"Puerto Ays\u00e9n: Dos detenidos por almacenamiento de Pornograf\u00eda Infantil"},"content":{"rendered":"<div class=\"flex_column av_one_full  flex_column_div av-zero-column-padding first  avia-builder-el-0  el_before_av_one_full  avia-builder-el-first  \" style='border-radius:0px; '><div  class='avia-image-container  av-styling-    avia-builder-el-1  avia-builder-el-no-sibling  avia-align-center '  itemprop=\"image\" itemscope=\"itemscope\" itemtype=\"https:\/\/schema.org\/ImageObject\"  ><div class='avia-image-container-inner'><div class='avia-image-overlay-wrap'><img decoding=\"async\" class='wp-image-56440 avia-img-lazy-loading-not-56440 avia_image' src=\"https:\/\/radiorevelacionfm.cl\/wp-content\/uploads\/2025\/07\/PDI-1-1-1.jpg\" alt='' title='PDI-1 (1) (1)' height=\"600\" width=\"954\"  itemprop=\"thumbnailUrl\" srcset=\"https:\/\/radiorevelacionfm.cl\/wp-content\/uploads\/2025\/07\/PDI-1-1-1.jpg 954w, https:\/\/radiorevelacionfm.cl\/wp-content\/uploads\/2025\/07\/PDI-1-1-1-300x189.jpg 300w, https:\/\/radiorevelacionfm.cl\/wp-content\/uploads\/2025\/07\/PDI-1-1-1-768x483.jpg 768w, https:\/\/radiorevelacionfm.cl\/wp-content\/uploads\/2025\/07\/PDI-1-1-1-705x443.jpg 705w, https:\/\/radiorevelacionfm.cl\/wp-content\/uploads\/2025\/07\/PDI-1-1-1-450x283.jpg 450w, https:\/\/radiorevelacionfm.cl\/wp-content\/uploads\/2025\/07\/PDI-1-1-1-600x377.jpg 600w\" sizes=\"(max-width: 954px) 100vw, 954px\" \/><\/div><\/div><\/div><\/div>\n<div class=\"flex_column av_one_full  flex_column_div av-zero-column-padding first  avia-builder-el-2  el_after_av_one_full  el_before_av_one_full  column-top-margin\" style='border-radius:0px; '><section class=\"av_textblock_section \"  itemscope=\"itemscope\" itemtype=\"https:\/\/schema.org\/BlogPosting\" itemprop=\"blogPost\" ><div class='avia_textblock  '   itemprop=\"text\" ><p style=\"text-align: center;\"><span style=\"font-size: 18pt;\"><strong>Puerto Ays\u00e9n: Dos detenidos por almacenamiento de Pornograf\u00eda Infantil<\/strong><\/span><\/p>\n<div id=\"gtx-trans\" style=\"position: absolute; left: -50px; top: 4.31534px;\">\n<div class=\"gtx-trans-icon\"><\/div>\n<\/div>\n<\/div><\/section><\/div><div class=\"flex_column av_one_full  flex_column_div av-zero-column-padding first  avia-builder-el-4  el_after_av_one_full  el_before_av_hr  column-top-margin\" style='border-radius:0px; '><section class=\"av_textblock_section \"  itemscope=\"itemscope\" itemtype=\"https:\/\/schema.org\/BlogPosting\" itemprop=\"blogPost\" ><div class='avia_textblock  '   itemprop=\"text\" ><p style=\"text-align: justify;\">Producto de una investigaci\u00f3n a cargo de la Fiscal\u00eda Local de Coyhaique, por el delito de Adquisici\u00f3n y Almacenamiento de Material Pornogr\u00e1fico Infantil, detectives de la Brigada del Cibercrimen Metropolitano se trasladaron hasta la Regi\u00f3n de Ays\u00e9n, puesto que dos personas, sin nexo aparente entre ambos, adquir\u00edan, almacenaban y distribu\u00edan material de este tipo en diferentes plataformas digitales.<\/p>\n<p style=\"text-align: justify;\">\u201cEn el marco de la investigaci\u00f3n realizada por la Fiscal\u00eda Local de Coyhaique, en conjunto con la Brigada Investigadora del Cibercrimen, es que se logr\u00f3 determinar la participaci\u00f3n y existencia de dos usuarios dentro de la regi\u00f3n, quienes adquir\u00edan, almacenaban y distribu\u00edan material il\u00edcito a trav\u00e9s de las plataformas de descarga. Es as\u00ed que, conforme a las diligencias atingentes de nuestra propia especialidad, es que se logr\u00f3 la ubicaci\u00f3n y tambi\u00e9n los domicilios de estas personas. Es as\u00ed que se realiz\u00f3 la entrada de registro de incautaci\u00f3n de los dispositivos, de estos domicilios, previa coordinaci\u00f3n con la Fiscal\u00eda Local de Coyhaique\u201d, coment\u00f3 la subinspectora Catalina Csaszar del Cibercrimen.<\/p>\n<p style=\"text-align: justify;\">La investigadora agreg\u00f3 que, adem\u00e1s de las detenciones, en los domicilios se encontraron distintos dispositivos electr\u00f3nicos los que fueron revisados en el lugar, de forma preliminar. \u201cEn el lugar se encontraron distintos dispositivos de almacenamiento digital, los cuales fueron sometidos a un an\u00e1lisis criminal y forense digital, logrando establecer as\u00ed el almacenamiento de este material il\u00edcito\u201d, puntualiz\u00f3 la subinspectora Csaszar.<\/p>\n<p style=\"text-align: justify;\">Finalmente, las personas detenidas de 38 y 27 a\u00f1os, fueron puestas a disposici\u00f3n del Juzgado de Garant\u00eda de Puerto Ays\u00e9n, decret\u00e1ndose la prisi\u00f3n preventiva para ambos, adem\u00e1s de un plazo para continuar la investigaci\u00f3n por 45 d\u00edas.<\/p>\n<p><strong>\u00a0<\/strong><\/p>\n<\/div><\/section><\/div><\/p>\n<div  style='height:50px' class='hr hr-invisible   avia-builder-el-6  el_after_av_one_full  el_before_av_social_share '><span class='hr-inner ' ><span class='hr-inner-style'><\/span><\/span><\/div>\n<div  class='av-social-sharing-box  avia-builder-el-7  el_after_av_hr  el_before_av_hr  '><div class='av-share-box'><h5 class='av-share-link-description av-no-toc '>Compartir esta noticia<\/h5><ul class='av-share-box-list noLightbox'><li class='av-share-link av-social-link-facebook' ><a target=\"_blank\" aria-label=\"Compartir en Facebook\" href='https:\/\/www.facebook.com\/sharer.php?u=https:\/\/radiorevelacionfm.cl\/?p=56439&#038;t=Puerto%20Ays%C3%A9n%3A%20Dos%20detenidos%20por%20almacenamiento%20de%20Pornograf%C3%ADa%20Infantil' aria-hidden='false' data-av_icon='\ue8f3' data-av_iconfont='entypo-fontello' title='' data-avia-related-tooltip='Compartir en Facebook' rel=\"noopener\"><span class='avia_hidden_link_text'>Compartir en Facebook<\/span><\/a><\/li><li class='av-share-link av-social-link-twitter' ><a target=\"_blank\" aria-label=\"Compartir en Twitter\" href='https:\/\/twitter.com\/share?text=Puerto%20Ays%C3%A9n%3A%20Dos%20detenidos%20por%20almacenamiento%20de%20Pornograf%C3%ADa%20Infantil&#038;url=https:\/\/radiorevelacionfm.cl\/?p=56439' aria-hidden='false' data-av_icon='\ue8f1' data-av_iconfont='entypo-fontello' title='' data-avia-related-tooltip='Compartir en Twitter' rel=\"noopener\"><span class='avia_hidden_link_text'>Compartir en Twitter<\/span><\/a><\/li><li class='av-share-link av-social-link-whatsapp' ><a target=\"_blank\" aria-label=\"Compartir en Whatsapp\" href='https:\/\/api.whatsapp.com\/send?text=https:\/\/radiorevelacionfm.cl\/?p=56439' aria-hidden='false' data-av_icon='\uf232' data-av_iconfont='entypo-fontello' title='' data-avia-related-tooltip='Compartir en Whatsapp' rel=\"noopener\"><span class='avia_hidden_link_text'>Compartir en Whatsapp<\/span><\/a><\/li><li class='av-share-link av-social-link-linkedin' ><a target=\"_blank\" aria-label=\"Compartir en LinkedIn\" href='https:\/\/linkedin.com\/shareArticle?mini=true&#038;title=Puerto%20Ays%C3%A9n%3A%20Dos%20detenidos%20por%20almacenamiento%20de%20Pornograf%C3%ADa%20Infantil&#038;url=https:\/\/radiorevelacionfm.cl\/?p=56439' aria-hidden='false' data-av_icon='\ue8fc' data-av_iconfont='entypo-fontello' title='' data-avia-related-tooltip='Compartir en LinkedIn' rel=\"noopener\"><span class='avia_hidden_link_text'>Compartir en LinkedIn<\/span><\/a><\/li><li class='av-share-link av-social-link-mail' ><a  aria-label=\"Compartir por correo\" href='mailto:?subject=Puerto%20Ays%C3%A9n%3A%20Dos%20detenidos%20por%20almacenamiento%20de%20Pornograf%C3%ADa%20Infantil&#038;body=https:\/\/radiorevelacionfm.cl\/?p=56439' aria-hidden='false' data-av_icon='\ue805' data-av_iconfont='entypo-fontello' title='' data-avia-related-tooltip='Compartir por correo'><span class='avia_hidden_link_text'>Compartir por correo<\/span><\/a><\/li><\/ul><\/div><\/div>\n<div  style='height:50px' class='hr hr-invisible   avia-builder-el-8  el_after_av_social_share  el_before_av_comments_list '><span class='hr-inner ' ><span class='hr-inner-style'><\/span><\/span><\/div>\n<div  class='av-buildercomment  av-blog-meta-html-info-disabled av-blog-meta-tag-disabled  '><\/div>\n","protected":false},"excerpt":{"rendered":"","protected":false},"author":1,"featured_media":56440,"comment_status":"closed","ping_status":"closed","sticky":false,"template":"","format":"standard","meta":{"footnotes":""},"categories":[36],"tags":[],"class_list":["post-56439","post","type-post","status-publish","format-standard","has-post-thumbnail","hentry","category-policial"],"jetpack_featured_media_url":"https:\/\/radiorevelacionfm.cl\/wp-content\/uploads\/2025\/07\/PDI-1-1-1.jpg","_links":{"self":[{"href":"https:\/\/radiorevelacionfm.cl\/index.php?rest_route=\/wp\/v2\/posts\/56439","targetHints":{"allow":["GET"]}}],"collection":[{"href":"https:\/\/radiorevelacionfm.cl\/index.php?rest_route=\/wp\/v2\/posts"}],"about":[{"href":"https:\/\/radiorevelacionfm.cl\/index.php?rest_route=\/wp\/v2\/types\/post"}],"author":[{"embeddable":true,"href":"https:\/\/radiorevelacionfm.cl\/index.php?rest_route=\/wp\/v2\/users\/1"}],"replies":[{"embeddable":true,"href":"https:\/\/radiorevelacionfm.cl\/index.php?rest_route=%2Fwp%2Fv2%2Fcomments&post=56439"}],"version-history":[{"count":3,"href":"https:\/\/radiorevelacionfm.cl\/index.php?rest_route=\/wp\/v2\/posts\/56439\/revisions"}],"predecessor-version":[{"id":56443,"href":"https:\/\/radiorevelacionfm.cl\/index.php?rest_route=\/wp\/v2\/posts\/56439\/revisions\/56443"}],"wp:featuredmedia":[{"embeddable":true,"href":"https:\/\/radiorevelacionfm.cl\/index.php?rest_route=\/wp\/v2\/media\/56440"}],"wp:attachment":[{"href":"https:\/\/radiorevelacionfm.cl\/index.php?rest_route=%2Fwp%2Fv2%2Fmedia&parent=56439"}],"wp:term":[{"taxonomy":"category","embeddable":true,"href":"https:\/\/radiorevelacionfm.cl\/index.php?rest_route=%2Fwp%2Fv2%2Fcategories&post=56439"},{"taxonomy":"post_tag","embeddable":true,"href":"https:\/\/radiorevelacionfm.cl\/index.php?rest_route=%2Fwp%2Fv2%2Ftags&post=56439"}],"curies":[{"name":"wp","href":"https:\/\/api.w.org\/{rel}","templated":true}]}}