{"id":56432,"date":"2025-07-11T21:20:38","date_gmt":"2025-07-12T00:20:38","guid":{"rendered":"https:\/\/radiorevelacionfm.cl\/?p=56432"},"modified":"2025-07-11T21:26:07","modified_gmt":"2025-07-12T00:26:07","slug":"en-caleta-tortel-lanzan-por-segundo-ano-consecutivo-el-programa-mujeres-jefas-de-hogar","status":"publish","type":"post","link":"https:\/\/radiorevelacionfm.cl\/?p=56432","title":{"rendered":"En Caleta Tortel lanzan por segundo a\u00f1o consecutivo el Programa Mujeres Jefas de Hogar"},"content":{"rendered":"<div class=\"flex_column av_one_full  flex_column_div av-zero-column-padding first  avia-builder-el-0  el_before_av_one_full  avia-builder-el-first  \" style='border-radius:0px; '><div  class='avia-image-container  av-styling-    avia-builder-el-1  avia-builder-el-no-sibling  avia-align-center '  itemprop=\"image\" itemscope=\"itemscope\" itemtype=\"https:\/\/schema.org\/ImageObject\"  ><div class='avia-image-container-inner'><div class='avia-image-overlay-wrap'><img decoding=\"async\" class='wp-image-56433 avia-img-lazy-loading-not-56433 avia_image' src=\"https:\/\/radiorevelacionfm.cl\/wp-content\/uploads\/2025\/07\/jefas-de-hogar-tortel-1-1-1.jpeg\" alt='' title='jefas de hogar tortel 1 (1) (1)' height=\"600\" width=\"800\"  itemprop=\"thumbnailUrl\" srcset=\"https:\/\/radiorevelacionfm.cl\/wp-content\/uploads\/2025\/07\/jefas-de-hogar-tortel-1-1-1.jpeg 800w, https:\/\/radiorevelacionfm.cl\/wp-content\/uploads\/2025\/07\/jefas-de-hogar-tortel-1-1-1-300x225.jpeg 300w, https:\/\/radiorevelacionfm.cl\/wp-content\/uploads\/2025\/07\/jefas-de-hogar-tortel-1-1-1-768x576.jpeg 768w, https:\/\/radiorevelacionfm.cl\/wp-content\/uploads\/2025\/07\/jefas-de-hogar-tortel-1-1-1-705x529.jpeg 705w, https:\/\/radiorevelacionfm.cl\/wp-content\/uploads\/2025\/07\/jefas-de-hogar-tortel-1-1-1-450x338.jpeg 450w, https:\/\/radiorevelacionfm.cl\/wp-content\/uploads\/2025\/07\/jefas-de-hogar-tortel-1-1-1-600x450.jpeg 600w\" sizes=\"(max-width: 800px) 100vw, 800px\" \/><\/div><\/div><\/div><\/div><div class=\"flex_column av_one_full  flex_column_div av-zero-column-padding first  avia-builder-el-2  el_after_av_one_full  el_before_av_one_full  column-top-margin\" style='border-radius:0px; '><section class=\"av_textblock_section \"  itemscope=\"itemscope\" itemtype=\"https:\/\/schema.org\/BlogPosting\" itemprop=\"blogPost\" ><div class='avia_textblock  '   itemprop=\"text\" ><p style=\"text-align: center;\"><span style=\"font-size: 18pt;\"><strong>En Caleta Tortel lanzan por segundo a\u00f1o consecutivo el Programa Mujeres Jefas de Hogar<\/strong><\/span><\/p>\n<div id=\"gtx-trans\" style=\"position: absolute; left: -50px; top: 4.31534px;\">\n<div class=\"gtx-trans-icon\"><\/div>\n<\/div>\n<\/div><\/section><\/div><div class=\"flex_column av_one_full  flex_column_div av-zero-column-padding first  avia-builder-el-4  el_after_av_one_full  el_before_av_hr  column-top-margin\" style='border-radius:0px; '><section class=\"av_textblock_section \"  itemscope=\"itemscope\" itemtype=\"https:\/\/schema.org\/BlogPosting\" itemprop=\"blogPost\" ><div class='avia_textblock  '   itemprop=\"text\" ><p style=\"text-align: justify;\"><em>El programa es financiado por Sernameg y lo ejecuta la Municipalidad de Tortel.<\/em><\/p>\n<p style=\"text-align: justify;\"><strong>\u00a0<\/strong>Durante la tarde del pasado mi\u00e9rcoles 9 de julio, en dependencias municipales, se realiz\u00f3 la ceremonia de \u201cLanzamiento del Programa Mujeres Jefas de Hogar en la Comuna de Tortel a\u00f1o 2025\u201d, el que cont\u00f3 con la presencia de autoridades locales, provinciales y regionales, y las mujeres que ingresaron al programa durante este a\u00f1o.<\/p>\n<p style=\"text-align: justify;\">El Programa <strong>Mujeres Jefas de Hogar del Servicio Nacional de la Mujer y la Equidad de G\u00e9nero,<\/strong>\u00a0contribuye al fortalecimiento de la<strong>\u00a0autonom\u00eda econ\u00f3mica<\/strong>\u00a0de las mujeres. Para ello, las participantes adquieren herramientas y desarrollan habilidades que les permiten incorporarse al mercado laboral. Adem\u00e1s, favorece el desarrollo de competencias para mejorar la empleabilidad, as\u00ed como la creaci\u00f3n de capital social y redes de apoyo.<\/p>\n<p style=\"text-align: justify;\">Respecto a esto, fue la propia directora regional de Sernameg, Patricia Baeza Cabezas, quien se refiri\u00f3 a la importancia de este programa para las mujeres del territorio y destac\u00f3: \u201cPara nosotras como servicio es totalmente relevante poder hoy d\u00eda estar en este lanzamiento del Programa Mujeres Jefas de Hogar versi\u00f3n 2025 y efectivamente celebrar el egreso de las mujeres de Caleta Tortel. Este programa adem\u00e1s de ser uno de los m\u00e1s emblem\u00e1ticos del Servicio, que fortalece la autonom\u00eda econ\u00f3mica de las mujeres, tambi\u00e9n da cuenta hoy del esfuerzo de poder descentralizar nuestra oferta p\u00fablica a los diferentes territorios de la regi\u00f3n y poder llegar as\u00ed a todas las mujeres\u201d.<\/p>\n<p style=\"text-align: justify;\">Por su parte la alcaldesa de la comuna de Tortel, Marisela Jim\u00e9nez Cruces, se mostr\u00f3 agradecida de poder dar inicio al Programa este a\u00f1o 2025 y agreg\u00f3: \u201cEsta iniciativa reconoce y potencia el rol fundamental que cumplen tantas mujeres en Tortel. Desde este Municipio creemos firmemente que la equidad de g\u00e9nero no es s\u00f3lo un principio sino una responsabilidad concreta. Garantizar que cada mujer sin importar su origen o situaci\u00f3n tenga las herramientas para desarrollarse, emprender y liderar con autonom\u00eda. Agradezco al Servicio Nacional de la Mujer y Equidad de G\u00e9nero por hacer posible este programa\u201d.<\/p>\n<p style=\"text-align: justify;\">Este el segundo a\u00f1o que el programa se ejecuta en la comuna de Tortel, por lo que durante la ceremonia tambi\u00e9n se certificaron mujeres de la versi\u00f3n 2024, una de las egresadas fue Claudina C\u00e1rdenas Parra, quien manifest\u00f3 lo siguiente: \u201cEl programa para m\u00ed en general fue muy bueno, me sirvi\u00f3 mucho en el mundo laboral y personal. Aprend\u00ed cosas nuevas que no sab\u00eda, a utilizar otros recursos que no sab\u00eda c\u00f3mo llegar a ellos y le insisto a las mujeres que est\u00e1n este a\u00f1o que traten de hacer al m\u00e1ximo y que no falten a ning\u00fan curso porque es muy importante\u201d.<\/p>\n<p style=\"text-align: justify;\">Adem\u00e1s de acceder a distintos cursos y talleres, las participantes tambi\u00e9n tienen actividades transversales como:<\/p>\n<ul style=\"text-align: justify;\">\n<li>Nivelaci\u00f3n de estudios.<\/li>\n<li>Alfabetizaci\u00f3n digital.<\/li>\n<li>Atenci\u00f3n de salud odontol\u00f3gica para mayores de 50 a\u00f1os, psicol\u00f3gica y general de la mujer.<\/li>\n<li>Otros apoyos para la autonom\u00eda econ\u00f3mica de mujeres dependientes e independientes. Por ejemplo: regularizaci\u00f3n de situaci\u00f3n migratoria, atenciones m\u00e9dicas, psicosociales y jur\u00eddicas, entre otras.<\/li>\n<\/ul>\n<p style=\"text-align: justify;\">Por su parte, Marta Montiel Alarc\u00f3n, delegada Presidencial de la Provincia de Capit\u00e1n Prat, destac\u00f3 el trabajo intersectorial y colaborativo: \u201cLo destacable sin duda es el generar los espacios a trav\u00e9s de la articulaci\u00f3n intersectorial de las mujeres en el territorio. La agenda estuvo muy provechosa, dado que en Tortel nos contaron que prontamente esperan inaugurar su unidad municipal, enfocada exclusivamente a tem\u00e1ticas de la mujer y eso es una muy buena noticia\u201d.<\/p>\n<p style=\"text-align: justify;\">Finalmente fue la Seremi de la Mujer y la Equidad de G\u00e9nero, Isidora Gacit\u00faa Goles, quien relev\u00f3 el trabajo colaborativo y con las mujeres del territorio, puntualizando que: \u201cEstar hoy en Tortel es muy relevante porque representa el compromiso de nuestro gobierno por llegar a todos los rincones de Chile, en particular Tortel es una comuna d\u00f3nde venimos desarrollando un trabajo con las mujeres que viven brechas con un componente territorial que debemos abordar colaborativamente, es por esto que nos hemos comprometido con la alcaldesa,\u00a0 Marisela Jim\u00e9nez Cruces, a seguir trabajando en post de fortalecer el trabajo colaborativo, recordemos adem\u00e1s que en Chile solo un 16,5% de los municipios son liderados por mujeres y en el caso de los concejos municipales solo un 33%, ac\u00e1 en Tortel tenemos una Alcaldesa mujer y un concejo municipal donde la mayor\u00eda son mujeres. Es por esto por lo que nos hemos reunido para conversar y respaldar la iniciativa presentada en el \u00faltimo concejo municipal, de inaugurar una unidad de mujer y g\u00e9nero, que esperamos en el futuro avance hacia una oficina, ya que esto permitir\u00e1 profundizar el trabajo que ya se ha venido desarrollando, pero sobre todo avanzar hac\u00eda un tortel con menos brechas de g\u00e9nero\u201d.<\/p>\n<p style=\"text-align: justify;\">El Programa Mujeres Jefas de Hogar, tiene presencia en las 16 regiones de nuestro pa\u00eds, y en la regi\u00f3n de Ays\u00e9n, se ejecutar\u00e1 en 3 comunas durante este a\u00f1o, siendo beneficiadas las mujeres de Guaitecas, Puerto Ays\u00e9n, y en el caso de la Provincia de Capit\u00e1n Prat, la comuna de Tortel.<\/p>\n<\/div><\/section><\/div><div  style='height:50px' class='hr hr-invisible   avia-builder-el-6  el_after_av_one_full  el_before_av_social_share '><span class='hr-inner ' ><span class='hr-inner-style'><\/span><\/span><\/div><\/p>\n<div  class='av-social-sharing-box  avia-builder-el-7  el_after_av_hr  el_before_av_hr  '><div class='av-share-box'><h5 class='av-share-link-description av-no-toc '>Compartir esta noticia<\/h5><ul class='av-share-box-list noLightbox'><li class='av-share-link av-social-link-facebook' ><a target=\"_blank\" aria-label=\"Compartir en Facebook\" href='https:\/\/www.facebook.com\/sharer.php?u=https:\/\/radiorevelacionfm.cl\/?p=56432&#038;t=En%20Caleta%20Tortel%20lanzan%20por%20segundo%20a%C3%B1o%20consecutivo%20el%20Programa%20Mujeres%20Jefas%20de%20Hogar' aria-hidden='false' data-av_icon='\ue8f3' data-av_iconfont='entypo-fontello' title='' data-avia-related-tooltip='Compartir en Facebook' rel=\"noopener\"><span class='avia_hidden_link_text'>Compartir en Facebook<\/span><\/a><\/li><li class='av-share-link av-social-link-twitter' ><a target=\"_blank\" aria-label=\"Compartir en Twitter\" href='https:\/\/twitter.com\/share?text=En%20Caleta%20Tortel%20lanzan%20por%20segundo%20a%C3%B1o%20consecutivo%20el%20Programa%20Mujeres%20Jefas%20de%20Hogar&#038;url=https:\/\/radiorevelacionfm.cl\/?p=56432' aria-hidden='false' data-av_icon='\ue8f1' data-av_iconfont='entypo-fontello' title='' data-avia-related-tooltip='Compartir en Twitter' rel=\"noopener\"><span class='avia_hidden_link_text'>Compartir en Twitter<\/span><\/a><\/li><li class='av-share-link av-social-link-whatsapp' ><a target=\"_blank\" aria-label=\"Compartir en Whatsapp\" href='https:\/\/api.whatsapp.com\/send?text=https:\/\/radiorevelacionfm.cl\/?p=56432' aria-hidden='false' data-av_icon='\uf232' data-av_iconfont='entypo-fontello' title='' data-avia-related-tooltip='Compartir en Whatsapp' rel=\"noopener\"><span class='avia_hidden_link_text'>Compartir en Whatsapp<\/span><\/a><\/li><li class='av-share-link av-social-link-linkedin' ><a target=\"_blank\" aria-label=\"Compartir en LinkedIn\" href='https:\/\/linkedin.com\/shareArticle?mini=true&#038;title=En%20Caleta%20Tortel%20lanzan%20por%20segundo%20a%C3%B1o%20consecutivo%20el%20Programa%20Mujeres%20Jefas%20de%20Hogar&#038;url=https:\/\/radiorevelacionfm.cl\/?p=56432' aria-hidden='false' data-av_icon='\ue8fc' data-av_iconfont='entypo-fontello' title='' data-avia-related-tooltip='Compartir en LinkedIn' rel=\"noopener\"><span class='avia_hidden_link_text'>Compartir en LinkedIn<\/span><\/a><\/li><li class='av-share-link av-social-link-mail' ><a  aria-label=\"Compartir por correo\" href='mailto:?subject=En%20Caleta%20Tortel%20lanzan%20por%20segundo%20a%C3%B1o%20consecutivo%20el%20Programa%20Mujeres%20Jefas%20de%20Hogar&#038;body=https:\/\/radiorevelacionfm.cl\/?p=56432' aria-hidden='false' data-av_icon='\ue805' data-av_iconfont='entypo-fontello' title='' data-avia-related-tooltip='Compartir por correo'><span class='avia_hidden_link_text'>Compartir por correo<\/span><\/a><\/li><\/ul><\/div><\/div>\n<div  style='height:50px' class='hr hr-invisible   avia-builder-el-8  el_after_av_social_share  el_before_av_comments_list '><span class='hr-inner ' ><span class='hr-inner-style'><\/span><\/span><\/div>\n<div  class='av-buildercomment  av-blog-meta-html-info-disabled av-blog-meta-tag-disabled  '><\/div>\n","protected":false},"excerpt":{"rendered":"","protected":false},"author":1,"featured_media":56433,"comment_status":"closed","ping_status":"closed","sticky":false,"template":"","format":"standard","meta":{"footnotes":""},"categories":[38],"tags":[],"class_list":["post-56432","post","type-post","status-publish","format-standard","has-post-thumbnail","hentry","category-regional"],"jetpack_featured_media_url":"https:\/\/radiorevelacionfm.cl\/wp-content\/uploads\/2025\/07\/jefas-de-hogar-tortel-1-1-1.jpeg","_links":{"self":[{"href":"https:\/\/radiorevelacionfm.cl\/index.php?rest_route=\/wp\/v2\/posts\/56432","targetHints":{"allow":["GET"]}}],"collection":[{"href":"https:\/\/radiorevelacionfm.cl\/index.php?rest_route=\/wp\/v2\/posts"}],"about":[{"href":"https:\/\/radiorevelacionfm.cl\/index.php?rest_route=\/wp\/v2\/types\/post"}],"author":[{"embeddable":true,"href":"https:\/\/radiorevelacionfm.cl\/index.php?rest_route=\/wp\/v2\/users\/1"}],"replies":[{"embeddable":true,"href":"https:\/\/radiorevelacionfm.cl\/index.php?rest_route=%2Fwp%2Fv2%2Fcomments&post=56432"}],"version-history":[{"count":2,"href":"https:\/\/radiorevelacionfm.cl\/index.php?rest_route=\/wp\/v2\/posts\/56432\/revisions"}],"predecessor-version":[{"id":56455,"href":"https:\/\/radiorevelacionfm.cl\/index.php?rest_route=\/wp\/v2\/posts\/56432\/revisions\/56455"}],"wp:featuredmedia":[{"embeddable":true,"href":"https:\/\/radiorevelacionfm.cl\/index.php?rest_route=\/wp\/v2\/media\/56433"}],"wp:attachment":[{"href":"https:\/\/radiorevelacionfm.cl\/index.php?rest_route=%2Fwp%2Fv2%2Fmedia&parent=56432"}],"wp:term":[{"taxonomy":"category","embeddable":true,"href":"https:\/\/radiorevelacionfm.cl\/index.php?rest_route=%2Fwp%2Fv2%2Fcategories&post=56432"},{"taxonomy":"post_tag","embeddable":true,"href":"https:\/\/radiorevelacionfm.cl\/index.php?rest_route=%2Fwp%2Fv2%2Ftags&post=56432"}],"curies":[{"name":"wp","href":"https:\/\/api.w.org\/{rel}","templated":true}]}}