{"id":56427,"date":"2025-07-11T16:33:22","date_gmt":"2025-07-11T19:33:22","guid":{"rendered":"https:\/\/radiorevelacionfm.cl\/?p=56427"},"modified":"2025-07-11T16:33:22","modified_gmt":"2025-07-11T19:33:22","slug":"programa-accion-local-permitira-implementar-iniciativas-comunitarias-en-valle-simpson","status":"publish","type":"post","link":"https:\/\/radiorevelacionfm.cl\/?p=56427","title":{"rendered":"Programa Acci\u00f3n Local permitir\u00e1 implementar iniciativas comunitarias en Valle Simpson"},"content":{"rendered":"<p>\/|*9 890&#8242; \/|*<\/p>\n<p>-av_o-ne_full first min_height=\u00bb vertical_alignment=\u00bb space=\u00bb row_boxshadow=\u00bb row_boxshadow_color=\u00bb row_boxshadow_width=&#8217;10&#8217; custom_margin=\u00bb margin=&#8217;0px&#8217; mobile_breaking=\u00bb border=\u00bb border_color=\u00bb radius=&#8217;0px&#8217; padding=&#8217;0px&#8217; column_boxshadow=\u00bb column_boxshadow_color=\u00bb column_boxshadow_width=&#8217;10&#8217; background=&#8217;bg_color&#8217; background_color=\u00bb background_gradient_color1=\u00bb background_gradient_color2=\u00bb background_gradient_direction=&#8217;vertical&#8217; src=\u00bb background_position=&#8217;top left&#8217; background_repeat=&#8217;no-repeat&#8217; highlight=\u00bb highlight_size=\u00bb animation=\u00bb link=\u00bb linktarget=\u00bb link_hover=\u00bb title_attr=\u00bb alt_attr=\u00bb mobile_display=\u00bb id=\u00bb custom_class=\u00bb aria_label=\u00bb av_uid=&#8217;av-r9tgz&#8217;]<\/p>\n<section class=\"av_textblock_section \"  itemscope=\"itemscope\" itemtype=\"https:\/\/schema.org\/BlogPosting\" itemprop=\"blogPost\" ><div class='avia_textblock  '   itemprop=\"text\" ><p style=\"text-align: center;\"><span style=\"font-size: 18pt;\"><strong>Programa Acci\u00f3n Local permitir\u00e1 implementar iniciativas comunitarias en Valle Simpson <\/strong><\/span><\/p>\n<div id=\"gtx-trans\" style=\"position: absolute; left: -50px; top: 4.31534px;\">\n<div class=\"gtx-trans-icon\"><\/div>\n<\/div>\n<\/div><\/section>\n<p>[\/av_one_full]<div class=\"flex_column av_one_full  flex_column_div av-zero-column-padding first  avia-builder-el-0  el_before_av_one_full  avia-builder-el-first  \" style='border-radius:0px; '><section class=\"av_textblock_section \"  itemscope=\"itemscope\" itemtype=\"https:\/\/schema.org\/BlogPosting\" itemprop=\"blogPost\" ><div class='avia_textblock  '   itemprop=\"text\" ><p style=\"text-align: justify;\"><em>Este programa del FOSIS busca concretar iniciativas priorizadas por los propios vecinos y vecinas de esta localidad, para solucionar problem\u00e1ticas que les afecten y mejorar su calidad de vida.<\/em><\/p>\n<p style=\"text-align: justify;\">Hasta Valle Simpson lleg\u00f3 la directora regional del Fondo de Solidaridad e Inversi\u00f3n Social, FOSIS, acompa\u00f1ada de la Seremi de Desarrollo Social y Familia para participar de la mesa territorial del programa Acci\u00f3n Local, donde integrantes de la comunidad, instituciones y servicios p\u00fablicos se comprometieron a trabajar colaborativamente para atender las necesidades que aquejan a vecinos y vecinas de esta localidad rural de la comuna de Coyhaique.<\/p>\n<p style=\"text-align: justify;\">En la oportunidad se conform\u00f3 el grupo motor donde doce personas, que son parte de la comunidad de Valle Simpson, trabajar\u00e1n en las distintas etapas metodol\u00f3gicas del programa con el fin de implementar iniciativas que permitan resolver problem\u00e1ticas que emanen del diagn\u00f3stico que realizar\u00e1n conjuntamente en las pr\u00f3ximas sesiones.<\/p>\n<p style=\"text-align: justify;\">La integrante del Grupo Motor y presidenta del Club de Adultos Mayores nuestra Se\u00f1ora de F\u00e1tima de Valle Simpson, Elsa Abarz\u00faa Millaldeo, valor\u00f3 positivamente la intervenci\u00f3n. \u201cYo hac\u00eda a\u00f1os que estaba peleando porque se hiciera un Acci\u00f3n Local ac\u00e1. Me encant\u00f3 porque yo creo que ahora que estamos unidas la mayor\u00eda de las agrupaciones de ac\u00e1 podemos conseguir m\u00e1s cosas, y si nos est\u00e1 cooperando FOSIS y se van a sumar m\u00e1s instituciones y servicios vamos a poder conseguir algo importante para la localidad\u201d.<\/p>\n<p style=\"text-align: justify;\">Fernanda Leiva Mu\u00f1oz, directora regional del FOSIS, asegur\u00f3 que \u00abla idea es que despu\u00e9s de la conformaci\u00f3n de este grupo motor puedan trabajar en el diagn\u00f3stico territorial que se va a realizar, convocar a la comunidad y entre todos detectar las necesidades y problem\u00e1ticas que hay. Estamos muy contentos porque tuvimos una gran convocatoria, se ve el compromiso, las ganas de sacar adelante y trabajar por el bien com\u00fan de todos y todas\u00bb.<\/p>\n<p style=\"text-align: justify;\">La Seremi de Desarrollo Social y Familia, Karina Acevedo Auad, concluyo que \u201cestamos tremendamente contentos de haber participado de esta tercera reuni\u00f3 del programa Acci\u00f3n Local, donde se ha dado una conversaci\u00f3n entretenida y un di\u00e1logo importante desde este grupo motor que va a impulsar a la comunidad y adem\u00e1s a toda la red del Estado para que puedan venir y dar respuesta a lo que Valle Simpson quiere\u201d.<\/p>\n<p style=\"text-align: justify;\">Cabe destacar que en la jornada estuvo presente la Seremi de Desarrollo Social y Familia, Senama, Universidad de Ays\u00e9n, Ilustre Municipalidad de Coyhaique y Gobierno Regional de Ays\u00e9n.<\/p>\n<p style=\"text-align: justify;\">Acci\u00f3n Local pertenece a la l\u00ednea de programas de cohesi\u00f3n social del FOSIS y tiene el objetivo de fortalecer lazos socio comunitarios, enfoc\u00e1ndose en el establecimiento de sanas relaciones entre las familias que conforman una comunidad y territorio, promoviendo el fortalecimiento del capital social comunitario, la participaci\u00f3n ciudadana y la gobernanza local.<\/p>\n<\/div><\/section><\/div><div  style='height:50px' class='hr hr-invisible  '><span class='hr-inner ' ><span class='hr-inner-style'><\/span><\/span><\/div><\/p>\n<div  class='av-social-sharing-box  '><div class='av-share-box'><h5 class='av-share-link-description av-no-toc '>Compartir esta noticia<\/h5><ul class='av-share-box-list noLightbox'><li class='av-share-link av-social-link-facebook' ><a target=\"_blank\" aria-label=\"Compartir en Facebook\" href='https:\/\/www.facebook.com\/sharer.php?u=https:\/\/radiorevelacionfm.cl\/?p=56427&#038;t=Programa%20Acci%C3%B3n%20Local%20permitir%C3%A1%20implementar%20iniciativas%20comunitarias%20en%20Valle%20Simpson' aria-hidden='false' data-av_icon='\ue8f3' data-av_iconfont='entypo-fontello' title='' data-avia-related-tooltip='Compartir en Facebook' rel=\"noopener\"><span class='avia_hidden_link_text'>Compartir en Facebook<\/span><\/a><\/li><li class='av-share-link av-social-link-twitter' ><a target=\"_blank\" aria-label=\"Compartir en Twitter\" href='https:\/\/twitter.com\/share?text=Programa%20Acci%C3%B3n%20Local%20permitir%C3%A1%20implementar%20iniciativas%20comunitarias%20en%20Valle%20Simpson&#038;url=https:\/\/radiorevelacionfm.cl\/?p=56427' aria-hidden='false' data-av_icon='\ue8f1' data-av_iconfont='entypo-fontello' title='' data-avia-related-tooltip='Compartir en Twitter' rel=\"noopener\"><span class='avia_hidden_link_text'>Compartir en Twitter<\/span><\/a><\/li><li class='av-share-link av-social-link-whatsapp' ><a target=\"_blank\" aria-label=\"Compartir en Whatsapp\" href='https:\/\/api.whatsapp.com\/send?text=https:\/\/radiorevelacionfm.cl\/?p=56427' aria-hidden='false' data-av_icon='\uf232' data-av_iconfont='entypo-fontello' title='' data-avia-related-tooltip='Compartir en Whatsapp' rel=\"noopener\"><span class='avia_hidden_link_text'>Compartir en Whatsapp<\/span><\/a><\/li><li class='av-share-link av-social-link-linkedin' ><a target=\"_blank\" aria-label=\"Compartir en LinkedIn\" href='https:\/\/linkedin.com\/shareArticle?mini=true&#038;title=Programa%20Acci%C3%B3n%20Local%20permitir%C3%A1%20implementar%20iniciativas%20comunitarias%20en%20Valle%20Simpson&#038;url=https:\/\/radiorevelacionfm.cl\/?p=56427' aria-hidden='false' data-av_icon='\ue8fc' data-av_iconfont='entypo-fontello' title='' data-avia-related-tooltip='Compartir en LinkedIn' rel=\"noopener\"><span class='avia_hidden_link_text'>Compartir en LinkedIn<\/span><\/a><\/li><li class='av-share-link av-social-link-mail' ><a  aria-label=\"Compartir por correo\" href='mailto:?subject=Programa%20Acci%C3%B3n%20Local%20permitir%C3%A1%20implementar%20iniciativas%20comunitarias%20en%20Valle%20Simpson&#038;body=https:\/\/radiorevelacionfm.cl\/?p=56427' aria-hidden='false' data-av_icon='\ue805' data-av_iconfont='entypo-fontello' title='' data-avia-related-tooltip='Compartir por correo'><span class='avia_hidden_link_text'>Compartir por correo<\/span><\/a><\/li><\/ul><\/div><\/div>\n<div  style='height:50px' class='hr hr-invisible  '><span class='hr-inner ' ><span class='hr-inner-style'><\/span><\/span><\/div>\n<div  class='av-buildercomment  av-blog-meta-html-info-disabled av-blog-meta-tag-disabled  '><\/div>\n","protected":false},"excerpt":{"rendered":"<p>\/|*9 890&#8242; \/|* -av_o-ne_full first min_height=\u00bb vertical_alignment=\u00bb space=\u00bb row_boxshadow=\u00bb row_boxshadow_color=\u00bb row_boxshadow_width=&#8217;10&#8217; custom_margin=\u00bb margin=&#8217;0px&#8217; mobile_breaking=\u00bb border=\u00bb border_color=\u00bb radius=&#8217;0px&#8217; padding=&#8217;0px&#8217; column_boxshadow=\u00bb column_boxshadow_color=\u00bb column_boxshadow_width=&#8217;10&#8217; background=&#8217;bg_color&#8217; background_color=\u00bb background_gradient_color1=\u00bb background_gradient_color2=\u00bb background_gradient_direction=&#8217;vertical&#8217; src=\u00bb background_position=&#8217;top left&#8217; background_repeat=&#8217;no-repeat&#8217; highlight=\u00bb highlight_size=\u00bb animation=\u00bb link=\u00bb linktarget=\u00bb link_hover=\u00bb title_attr=\u00bb alt_attr=\u00bb mobile_display=\u00bb id=\u00bb custom_class=\u00bb aria_label=\u00bb av_uid=&#8217;av-r9tgz&#8217;] [\/av_one_full]<\/p>\n","protected":false},"author":1,"featured_media":56428,"comment_status":"closed","ping_status":"closed","sticky":false,"template":"","format":"standard","meta":{"footnotes":""},"categories":[62],"tags":[],"class_list":["post-56427","post","type-post","status-publish","format-standard","has-post-thumbnail","hentry","category-social"],"jetpack_featured_media_url":"https:\/\/radiorevelacionfm.cl\/wp-content\/uploads\/2025\/07\/alvs2_optimized.jpg","_links":{"self":[{"href":"https:\/\/radiorevelacionfm.cl\/index.php?rest_route=\/wp\/v2\/posts\/56427","targetHints":{"allow":["GET"]}}],"collection":[{"href":"https:\/\/radiorevelacionfm.cl\/index.php?rest_route=\/wp\/v2\/posts"}],"about":[{"href":"https:\/\/radiorevelacionfm.cl\/index.php?rest_route=\/wp\/v2\/types\/post"}],"author":[{"embeddable":true,"href":"https:\/\/radiorevelacionfm.cl\/index.php?rest_route=\/wp\/v2\/users\/1"}],"replies":[{"embeddable":true,"href":"https:\/\/radiorevelacionfm.cl\/index.php?rest_route=%2Fwp%2Fv2%2Fcomments&post=56427"}],"version-history":[{"count":3,"href":"https:\/\/radiorevelacionfm.cl\/index.php?rest_route=\/wp\/v2\/posts\/56427\/revisions"}],"predecessor-version":[{"id":56431,"href":"https:\/\/radiorevelacionfm.cl\/index.php?rest_route=\/wp\/v2\/posts\/56427\/revisions\/56431"}],"wp:featuredmedia":[{"embeddable":true,"href":"https:\/\/radiorevelacionfm.cl\/index.php?rest_route=\/wp\/v2\/media\/56428"}],"wp:attachment":[{"href":"https:\/\/radiorevelacionfm.cl\/index.php?rest_route=%2Fwp%2Fv2%2Fmedia&parent=56427"}],"wp:term":[{"taxonomy":"category","embeddable":true,"href":"https:\/\/radiorevelacionfm.cl\/index.php?rest_route=%2Fwp%2Fv2%2Fcategories&post=56427"},{"taxonomy":"post_tag","embeddable":true,"href":"https:\/\/radiorevelacionfm.cl\/index.php?rest_route=%2Fwp%2Fv2%2Ftags&post=56427"}],"curies":[{"name":"wp","href":"https:\/\/api.w.org\/{rel}","templated":true}]}}