{"id":56423,"date":"2025-07-11T15:58:48","date_gmt":"2025-07-11T18:58:48","guid":{"rendered":"https:\/\/radiorevelacionfm.cl\/?p=56423"},"modified":"2025-07-11T15:58:48","modified_gmt":"2025-07-11T18:58:48","slug":"equipo-en-terreno-del-registro-civil-realizo-atencion-en-supermercado-hiperpatagonico","status":"publish","type":"post","link":"https:\/\/radiorevelacionfm.cl\/?p=56423","title":{"rendered":"Equipo en terreno del Registro Civil realiz\u00f3 atenci\u00f3n en Supermercado Hiperpatag\u00f3nico"},"content":{"rendered":"<div class=\"flex_column av_one_full  flex_column_div av-zero-column-padding first  avia-builder-el-0  el_before_av_one_full  avia-builder-el-first  \" style='border-radius:0px; '><div  class='avia-image-container  av-styling-    avia-builder-el-1  avia-builder-el-no-sibling  avia-align-center '  itemprop=\"image\" itemscope=\"itemscope\" itemtype=\"https:\/\/schema.org\/ImageObject\"  ><div class='avia-image-container-inner'><div class='avia-image-overlay-wrap'><img decoding=\"async\" class='wp-image-56424 avia-img-lazy-loading-not-56424 avia_image' src=\"https:\/\/radiorevelacionfm.cl\/wp-content\/uploads\/2025\/07\/registro-1-1-1.jpg\" alt='' title='registro 1 (1) (1)' height=\"600\" width=\"800\"  itemprop=\"thumbnailUrl\" srcset=\"https:\/\/radiorevelacionfm.cl\/wp-content\/uploads\/2025\/07\/registro-1-1-1.jpg 800w, https:\/\/radiorevelacionfm.cl\/wp-content\/uploads\/2025\/07\/registro-1-1-1-300x225.jpg 300w, https:\/\/radiorevelacionfm.cl\/wp-content\/uploads\/2025\/07\/registro-1-1-1-768x576.jpg 768w, https:\/\/radiorevelacionfm.cl\/wp-content\/uploads\/2025\/07\/registro-1-1-1-705x529.jpg 705w, https:\/\/radiorevelacionfm.cl\/wp-content\/uploads\/2025\/07\/registro-1-1-1-450x338.jpg 450w, https:\/\/radiorevelacionfm.cl\/wp-content\/uploads\/2025\/07\/registro-1-1-1-600x450.jpg 600w\" sizes=\"(max-width: 800px) 100vw, 800px\" \/><\/div><\/div><\/div><\/div><div class=\"flex_column av_one_full  flex_column_div av-zero-column-padding first  avia-builder-el-2  el_after_av_one_full  el_before_av_one_full  column-top-margin\" style='border-radius:0px; '><section class=\"av_textblock_section \"  itemscope=\"itemscope\" itemtype=\"https:\/\/schema.org\/BlogPosting\" itemprop=\"blogPost\" ><div class='avia_textblock  '   itemprop=\"text\" ><p style=\"text-align: center;\"><span style=\"font-size: 18pt;\"><strong>Equipo en terreno del Registro Civil realiz\u00f3 atenci\u00f3n en Supermercado Hiperpatag\u00f3nico <\/strong><\/span><\/p>\n<div id=\"gtx-trans\" style=\"position: absolute; left: -50px; top: 4.31534px;\">\n<div class=\"gtx-trans-icon\"><\/div>\n<\/div>\n<\/div><\/section><\/div><div class=\"flex_column av_one_full  flex_column_div av-zero-column-padding first  avia-builder-el-4  el_after_av_one_full  el_before_av_hr  column-top-margin\" style='border-radius:0px; '><section class=\"av_textblock_section \"  itemscope=\"itemscope\" itemtype=\"https:\/\/schema.org\/BlogPosting\" itemprop=\"blogPost\" ><div class='avia_textblock  '   itemprop=\"text\" ><p style=\"text-align: justify;\">Con el objetivo de acercar los servicios del sector Justicia a las comunidades, este mi\u00e9rcoles funcionarios en terreno del Servicio de Registro Civil e Identificaci\u00f3n se dieron cita en las inmediaciones del Supermercado Hiperpatag\u00f3nico, instancia en la que brindaron atenci\u00f3n a los requerimientos y solicitudes de quienes concurrieron a este local comercial.<\/p>\n<p style=\"text-align: justify;\">Respecto a estas atenciones en terreno en lugares con afluencia de p\u00fablico, el director (s) del Registro Civil e Identificaci\u00f3n Matias Y\u00e1\u00f1ez se\u00f1al\u00f3 \u00a0\u201cdecirle a la comunidad que el Registro Civil est\u00e1 constantemente haciendo actividades junto a nuestro Seremi de Justicia y Derechos Humanos, ayer mi\u00e9rcoles tuvimos en el Hiperpatag\u00f3nico, esta no es la primera ni la \u00faltima actividad, se vienen muchas m\u00e1s, y estamos tratando de cuadrar los horarios con los horarios que no son de oficina, invitamos a la ciudadan\u00eda a que est\u00e9 atenta a nuestra redes sociales donde estaremos informando nuestras atenciones en terreno\u201d.<\/p>\n<p style=\"text-align: justify;\">Laura Mar\u00eda Garc\u00eda, madre del peque\u00f1o Matteo de dos a\u00f1os, se mostr\u00f3 muy agradecida por la atenci\u00f3n recibida se\u00f1alando que \u201cestoy muy satisfecha por la atenci\u00f3n del Registro Civil ac\u00e1 en el Hiperpatag\u00f3nico, se me hizo m\u00e1s f\u00e1cil y r\u00e1pido que ir a la oficina directamente, ya que ac\u00e1 es la atenci\u00f3n m\u00e1s preferencial, le tramit\u00e9 el pasaporte a mi hijo porque estamos pronto a viajar y ya lo necesitaba\u201d.<\/p>\n<p style=\"text-align: justify;\">Por su parte, el seremi de Justicia y Derechos Humanos Samuel Navarro Castro explic\u00f3 que \u00a0\u201ccomo Gobierno hemos estado muy preocupados y ocupados de que los servicios del sector Justicia se acerquen al territorio, se acerquen a la gente tal como se plantea, se acerca la Justicia a la necesidad de la gente que puedan estar en lugares con afluencia de p\u00fablico, en horarios de no funcionamiento de las oficinas, en lugares donde a veces por situaciones de acceso, de movilidad, de transporte, a la gente se le dificulta llegar y nos parece pertinente que pudieran tener esos servicios, en este caso del Registro Civil que es para renovaci\u00f3n de c\u00e9dulas, sacar pasaporte, clave \u00fanica, que son servicios muy necesarios e importantes para la ciudadan\u00eda, y en este sentido el poder acceder y llegar a distintas localidades, territorios, barrios nos permiten llevar estos servicios para que la gente pueda disponer de ello y utilizarlos, esto con el objetivo central de mejorar su calidad de vida\u201d.<\/p>\n<p style=\"text-align: justify;\">En tanto, Paz Cardenas, madre de una peque\u00f1a de un a\u00f1o, tambi\u00e9n agradeci\u00f3 la instancia se\u00f1alando que \u201cme facilita mucho, te ahorras tiempo, distancia, todo y pude sacar el primer carnet de identidad de mi hija\u201d.<\/p>\n<p style=\"text-align: justify;\">Finalmente, cabe mencionar que estas atenciones en terreno se desarrollar\u00e1n durante todo este segundo semestre en distintos lugares de Coyhaique y Puerto Ays\u00e9n, por lo que se insta a la comunidad a estar atenta a la informaci\u00f3n y concurrir a hacer sus tr\u00e1mites de manera m\u00e1s expedita, en horarios distintos a los de atenci\u00f3n en oficinas y m\u00e1s cercanos a sus domicilios.<\/p>\n<\/div><\/section><\/div><div  style='height:50px' class='hr hr-invisible   avia-builder-el-6  el_after_av_one_full  el_before_av_social_share '><span class='hr-inner ' ><span class='hr-inner-style'><\/span><\/span><\/div><\/p>\n<div  class='av-social-sharing-box  avia-builder-el-7  el_after_av_hr  el_before_av_hr  '><div class='av-share-box'><h5 class='av-share-link-description av-no-toc '>Compartir esta noticia<\/h5><ul class='av-share-box-list noLightbox'><li class='av-share-link av-social-link-facebook' ><a target=\"_blank\" aria-label=\"Compartir en Facebook\" href='https:\/\/www.facebook.com\/sharer.php?u=https:\/\/radiorevelacionfm.cl\/?p=56423&#038;t=Equipo%20en%20terreno%20del%20Registro%20Civil%20realiz%C3%B3%20atenci%C3%B3n%20en%20Supermercado%20Hiperpatag%C3%B3nico' aria-hidden='false' data-av_icon='\ue8f3' data-av_iconfont='entypo-fontello' title='' data-avia-related-tooltip='Compartir en Facebook' rel=\"noopener\"><span class='avia_hidden_link_text'>Compartir en Facebook<\/span><\/a><\/li><li class='av-share-link av-social-link-twitter' ><a target=\"_blank\" aria-label=\"Compartir en Twitter\" href='https:\/\/twitter.com\/share?text=Equipo%20en%20terreno%20del%20Registro%20Civil%20realiz%C3%B3%20atenci%C3%B3n%20en%20Supermercado%20Hiperpatag%C3%B3nico&#038;url=https:\/\/radiorevelacionfm.cl\/?p=56423' aria-hidden='false' data-av_icon='\ue8f1' data-av_iconfont='entypo-fontello' title='' data-avia-related-tooltip='Compartir en Twitter' rel=\"noopener\"><span class='avia_hidden_link_text'>Compartir en Twitter<\/span><\/a><\/li><li class='av-share-link av-social-link-whatsapp' ><a target=\"_blank\" aria-label=\"Compartir en Whatsapp\" href='https:\/\/api.whatsapp.com\/send?text=https:\/\/radiorevelacionfm.cl\/?p=56423' aria-hidden='false' data-av_icon='\uf232' data-av_iconfont='entypo-fontello' title='' data-avia-related-tooltip='Compartir en Whatsapp' rel=\"noopener\"><span class='avia_hidden_link_text'>Compartir en Whatsapp<\/span><\/a><\/li><li class='av-share-link av-social-link-linkedin' ><a target=\"_blank\" aria-label=\"Compartir en LinkedIn\" href='https:\/\/linkedin.com\/shareArticle?mini=true&#038;title=Equipo%20en%20terreno%20del%20Registro%20Civil%20realiz%C3%B3%20atenci%C3%B3n%20en%20Supermercado%20Hiperpatag%C3%B3nico&#038;url=https:\/\/radiorevelacionfm.cl\/?p=56423' aria-hidden='false' data-av_icon='\ue8fc' data-av_iconfont='entypo-fontello' title='' data-avia-related-tooltip='Compartir en LinkedIn' rel=\"noopener\"><span class='avia_hidden_link_text'>Compartir en LinkedIn<\/span><\/a><\/li><li class='av-share-link av-social-link-mail' ><a  aria-label=\"Compartir por correo\" href='mailto:?subject=Equipo%20en%20terreno%20del%20Registro%20Civil%20realiz%C3%B3%20atenci%C3%B3n%20en%20Supermercado%20Hiperpatag%C3%B3nico&#038;body=https:\/\/radiorevelacionfm.cl\/?p=56423' aria-hidden='false' data-av_icon='\ue805' data-av_iconfont='entypo-fontello' title='' data-avia-related-tooltip='Compartir por correo'><span class='avia_hidden_link_text'>Compartir por correo<\/span><\/a><\/li><\/ul><\/div><\/div>\n<div  style='height:50px' class='hr hr-invisible   avia-builder-el-8  el_after_av_social_share  el_before_av_comments_list '><span class='hr-inner ' ><span class='hr-inner-style'><\/span><\/span><\/div>\n<div  class='av-buildercomment  av-blog-meta-html-info-disabled av-blog-meta-tag-disabled  '><\/div>\n","protected":false},"excerpt":{"rendered":"","protected":false},"author":1,"featured_media":56424,"comment_status":"closed","ping_status":"closed","sticky":false,"template":"","format":"standard","meta":{"footnotes":""},"categories":[55],"tags":[],"class_list":["post-56423","post","type-post","status-publish","format-standard","has-post-thumbnail","hentry","category-justicia"],"jetpack_featured_media_url":"https:\/\/radiorevelacionfm.cl\/wp-content\/uploads\/2025\/07\/registro-1-1-1.jpg","_links":{"self":[{"href":"https:\/\/radiorevelacionfm.cl\/index.php?rest_route=\/wp\/v2\/posts\/56423","targetHints":{"allow":["GET"]}}],"collection":[{"href":"https:\/\/radiorevelacionfm.cl\/index.php?rest_route=\/wp\/v2\/posts"}],"about":[{"href":"https:\/\/radiorevelacionfm.cl\/index.php?rest_route=\/wp\/v2\/types\/post"}],"author":[{"embeddable":true,"href":"https:\/\/radiorevelacionfm.cl\/index.php?rest_route=\/wp\/v2\/users\/1"}],"replies":[{"embeddable":true,"href":"https:\/\/radiorevelacionfm.cl\/index.php?rest_route=%2Fwp%2Fv2%2Fcomments&post=56423"}],"version-history":[{"count":2,"href":"https:\/\/radiorevelacionfm.cl\/index.php?rest_route=\/wp\/v2\/posts\/56423\/revisions"}],"predecessor-version":[{"id":56426,"href":"https:\/\/radiorevelacionfm.cl\/index.php?rest_route=\/wp\/v2\/posts\/56423\/revisions\/56426"}],"wp:featuredmedia":[{"embeddable":true,"href":"https:\/\/radiorevelacionfm.cl\/index.php?rest_route=\/wp\/v2\/media\/56424"}],"wp:attachment":[{"href":"https:\/\/radiorevelacionfm.cl\/index.php?rest_route=%2Fwp%2Fv2%2Fmedia&parent=56423"}],"wp:term":[{"taxonomy":"category","embeddable":true,"href":"https:\/\/radiorevelacionfm.cl\/index.php?rest_route=%2Fwp%2Fv2%2Fcategories&post=56423"},{"taxonomy":"post_tag","embeddable":true,"href":"https:\/\/radiorevelacionfm.cl\/index.php?rest_route=%2Fwp%2Fv2%2Ftags&post=56423"}],"curies":[{"name":"wp","href":"https:\/\/api.w.org\/{rel}","templated":true}]}}