{"id":56419,"date":"2025-07-11T15:00:54","date_gmt":"2025-07-11T18:00:54","guid":{"rendered":"https:\/\/radiorevelacionfm.cl\/?p=56419"},"modified":"2025-07-11T15:00:54","modified_gmt":"2025-07-11T18:00:54","slug":"uaysen-lanza-la-decima-version-de-su-escuela-de-invierno-con-mas-de-30-actividades-abiertas-a-la-comunidad","status":"publish","type":"post","link":"https:\/\/radiorevelacionfm.cl\/?p=56419","title":{"rendered":"UAys\u00e9n lanza la d\u00e9cima versi\u00f3n de su Escuela de Invierno  con m\u00e1s de 30 actividades abiertas a la comunidad"},"content":{"rendered":"<div class=\"flex_column av_one_full  flex_column_div av-zero-column-padding first  avia-builder-el-0  el_before_av_one_full  avia-builder-el-first  \" style='border-radius:0px; '><div  class='avia-image-container  av-styling-    avia-builder-el-1  avia-builder-el-no-sibling  avia-align-center '  itemprop=\"image\" itemscope=\"itemscope\" itemtype=\"https:\/\/schema.org\/ImageObject\"  ><div class='avia-image-container-inner'><div class='avia-image-overlay-wrap'><img decoding=\"async\" class='wp-image-56420 avia-img-lazy-loading-not-56420 avia_image' src=\"https:\/\/radiorevelacionfm.cl\/wp-content\/uploads\/2025\/07\/edi-3-1-1.jpg\" alt='' title='edi 3 (1) (1)' height=\"600\" width=\"900\"  itemprop=\"thumbnailUrl\" srcset=\"https:\/\/radiorevelacionfm.cl\/wp-content\/uploads\/2025\/07\/edi-3-1-1.jpg 900w, https:\/\/radiorevelacionfm.cl\/wp-content\/uploads\/2025\/07\/edi-3-1-1-300x200.jpg 300w, https:\/\/radiorevelacionfm.cl\/wp-content\/uploads\/2025\/07\/edi-3-1-1-768x512.jpg 768w, https:\/\/radiorevelacionfm.cl\/wp-content\/uploads\/2025\/07\/edi-3-1-1-705x470.jpg 705w, https:\/\/radiorevelacionfm.cl\/wp-content\/uploads\/2025\/07\/edi-3-1-1-450x300.jpg 450w, https:\/\/radiorevelacionfm.cl\/wp-content\/uploads\/2025\/07\/edi-3-1-1-600x400.jpg 600w\" sizes=\"(max-width: 900px) 100vw, 900px\" \/><\/div><\/div><\/div><\/div><div class=\"flex_column av_one_full  flex_column_div av-zero-column-padding first  avia-builder-el-2  el_after_av_one_full  el_before_av_one_full  column-top-margin\" style='border-radius:0px; '><section class=\"av_textblock_section \"  itemscope=\"itemscope\" itemtype=\"https:\/\/schema.org\/BlogPosting\" itemprop=\"blogPost\" ><div class='avia_textblock  '   itemprop=\"text\" ><h3 dir=\"ltr\" style=\"text-align: center;\"><strong><span style=\"font-size: 18pt;\">UAys\u00e9n lanza la d\u00e9cima versi\u00f3n de su Escuela de Invierno con\u00a0<\/span><\/strong><strong><span style=\"font-size: 18pt;\">m\u00e1s de 30 actividades abiertas a la comunidad<\/span><\/strong><\/h3>\n<div id=\"gtx-trans\" style=\"position: absolute; left: -50px; top: 4.31534px;\">\n<div class=\"gtx-trans-icon\"><\/div>\n<\/div>\n<\/div><\/section><\/div><div class=\"flex_column av_one_full  flex_column_div av-zero-column-padding first  avia-builder-el-4  el_after_av_one_full  el_before_av_hr  column-top-margin\" style='border-radius:0px; '><section class=\"av_textblock_section \"  itemscope=\"itemscope\" itemtype=\"https:\/\/schema.org\/BlogPosting\" itemprop=\"blogPost\" ><div class='avia_textblock  '   itemprop=\"text\" ><div>\n<p dir=\"ltr\" style=\"text-align: justify;\"><em>La tradicional iniciativa se desarrollar\u00e1 entre el 21 y el 25 de julio en Coyhaique, con talleres, charlas, visitas a terreno, conciertos y actividades culturales. Destacan la participaci\u00f3n del divulgador cient\u00edfico Gabriel Le\u00f3n, un concierto barroco con la Orquesta de C\u00e1mara UAys\u00e9n y un ciclo de cine de monta\u00f1a.<\/em><\/p>\n<p dir=\"ltr\" style=\"text-align: justify;\">Con una nutrida programaci\u00f3n de m\u00e1s de 30 actividades abiertas a toda la comunidad regional, la Universidad de Ays\u00e9n dio inicio esta ma\u00f1ana a la d\u00e9cima versi\u00f3n de su tradicional Escuela de Invierno, un espacio de encuentro, aprendizaje y vinculaci\u00f3n territorial que se extender\u00e1 hasta el viernes 25 de julio, con actividades gratuitas en Campus Lillo, el Centro Cultural Coyhaique y otros espacios p\u00fablicos.<\/p>\n<p dir=\"ltr\" style=\"text-align: justify;\">La iniciativa, organizada por la Direcci\u00f3n General de V\u00ednculos de la UAys\u00e9n, busca acercar el conocimiento a la ciudadan\u00eda, fortalecer redes de colaboraci\u00f3n institucional y ofrecer contenidos relevantes desde diversas disciplinas. El programa incluye talleres cient\u00edficos, actividades pr\u00e1cticas, charlas abiertas, salidas a terreno, ciclos de cine y expresiones art\u00edsticas, con la participaci\u00f3n de acad\u00e9micos, estudiantes, expertos invitados y organizaciones regionales.<\/p>\n<p dir=\"ltr\" style=\"text-align: justify;\">Gabriel N\u00fa\u00f1ez, director general de V\u00ednculos de la UAys\u00e9n, valor\u00f3 el car\u00e1cter abierto e inclusivo de esta edici\u00f3n.\u00a0\u00abInvitamos a toda la comunidad en general \u2014ni\u00f1os, ni\u00f1as, adolescentes, adultos\u2014 a participar en esta d\u00e9cima versi\u00f3n de la Escuela de Invierno de la Universidad de Ays\u00e9n, una tradici\u00f3n institucional que marca la extensi\u00f3n acad\u00e9mica, el traspaso de conocimiento desde los funcionarios y de otras instituciones colaboradoras como el COSAM y la Universidad de Magallanes. Hay talleres, charlas, visitas de terreno, un conjunto de actividades todas gratuitas para la comunidad. Tenemos dos hitos relevantes dentro de la escuela: la visita del destacado divulgador cient\u00edfico Gabriel Le\u00f3n, con una charla abierta a la comunidad, adem\u00e1s de actividades con acad\u00e9micos, funcionarios y estudiantes de la universidad; y tambi\u00e9n un gran concierto barroco el d\u00eda 25 de julio, a las 18:30 horas, en el Santuario del Carmen, junto a nuestro Coro Universitario, m\u00fasicos de la regi\u00f3n y artistas invitados. Adem\u00e1s, gracias a nuestra colaboraci\u00f3n con el Gobierno Regional, hemos invitado al acad\u00e9mico Pedro Alberti, experto en tecnolog\u00edas de la informaci\u00f3n, quien impartir\u00e1 un taller de realidad aumentada\u00bb, puntualiz\u00f3.<\/p>\n<p dir=\"ltr\" style=\"text-align: justify;\">Desde el \u00e1rea de salud mental, Gisela Molina, directora del Centro Comunitario de Salud Mental (COSAM) de Coyhaique, destac\u00f3 la alianza con la UAys\u00e9n. \u00abVamos a tener una semana de talleres donde presentaremos distintas tem\u00e1ticas relacionadas con salud mental. Como centro comunitario, necesitamos abrirnos a la comunidad en diversas instancias, y una de ellas es la educativa. Lo valioso de esta Escuela de Invierno es que es abierta a todo p\u00fablico, lo que calza plenamente con nuestro enfoque de trabajo. Invitamos a todos a participar de los talleres, que se realizar\u00e1n en las tardes, entre el 21 y el 25 de julio, para compartir conocimientos y experiencias\u00bb.<\/p>\n<p dir=\"ltr\" style=\"text-align: justify;\">En cuanto a los talleres vinculados al mundo rural, el acad\u00e9mico Marcelo Sanhueza, del Departamento de Ciencias Naturales y Tecnolog\u00eda, se\u00f1al\u00f3 que, \u00abvamos a desarrollar dos talleres directamente conectados con demandas territoriales del mundo campesino, gracias a la colaboraci\u00f3n con la Federaci\u00f3n Campesina Ays\u00e9n Patagonia Verde. Se abordar\u00e1n temas de salud laboral y fomento silvoagropecuario, con participaci\u00f3n activa de campesinas y campesinos que vendr\u00e1n a compartir sus experiencias y problem\u00e1ticas. Esperamos que la comunidad se acerque, escuche y participe, para aportar entre todos con un granito de arena al desarrollo territorial\u00bb.<\/p>\n<p dir=\"ltr\" style=\"text-align: justify;\">Por su parte, la acad\u00e9mica Astrid Garrido, del Departamento de Ciencias de la Salud, hizo un llamado especial a la comunidad estudiantil. \u00abInvito con mucho entusiasmo a los estudiantes de la Universidad de Ays\u00e9n y de otras casas de estudios, as\u00ed como tambi\u00e9n a j\u00f3venes de ense\u00f1anza media de la regi\u00f3n, a que participen de los talleres disponibles en la p\u00e1gina web. Son grandes oportunidades de aprendizaje, no solo en temas acad\u00e9micos, sino tambi\u00e9n de la vida cotidiana. Les esperamos en esta semana que promete ser muy enriquecedora\u00bb.<\/p>\n<p dir=\"ltr\" style=\"text-align: justify;\">Entre los hitos m\u00e1s relevantes de esta edici\u00f3n destacan la charla \u00abLa curiosidad como motor de la ciencia\u00bb, a cargo de Gabriel Le\u00f3n, reconocido divulgador cient\u00edfico y autor de trece libros; el taller de realidad aumentada impartido por el acad\u00e9mico Pedro Alberti, del Programa PAM de la Universidad de Magallanes; y una variada oferta de talleres vinculados a tem\u00e1ticas como pol\u00edticas p\u00fablicas, compostaje de lana, salud mental e inclusi\u00f3n. Adem\u00e1s, se desarrollar\u00e1 un ciclo de cine de monta\u00f1a en el Centro Cultural Coyhaique y un concierto barroco de clausura con la Orquesta de C\u00e1mara y el Coro Universitario UAys\u00e9n.<\/p>\n<p><span id=\"v1gmail-docs-internal-guid-748b6096-7fff-356b-47d6-4be66f478d67\">Todas las actividades son gratuitas, con inscripci\u00f3n a trav\u00e9s del sitio web<a href=\"http:\/\/www.escuelasuaysen.cl\/\" target=\"_blank\" rel=\"noopener noreferrer\">\u00a0www.escuelasuaysen.cl<\/a>, donde se puede revisar el programa completo, fechas, horarios y cupos disponibles.<\/span><\/p>\n<\/div>\n<div><\/div>\n<\/div><\/section><\/div><div  style='height:50px' class='hr hr-invisible   avia-builder-el-6  el_after_av_one_full  el_before_av_social_share '><span class='hr-inner ' ><span class='hr-inner-style'><\/span><\/span><\/div><\/p>\n<div  class='av-social-sharing-box  avia-builder-el-7  el_after_av_hr  el_before_av_hr  '><div class='av-share-box'><h5 class='av-share-link-description av-no-toc '>Compartir esta noticia<\/h5><ul class='av-share-box-list noLightbox'><li class='av-share-link av-social-link-facebook' ><a target=\"_blank\" aria-label=\"Compartir en Facebook\" href='https:\/\/www.facebook.com\/sharer.php?u=https:\/\/radiorevelacionfm.cl\/?p=56419&#038;t=UAys%C3%A9n%20lanza%20la%20d%C3%A9cima%20versi%C3%B3n%20de%20su%20Escuela%20de%20Invierno%20%20con%20m%C3%A1s%20de%2030%20actividades%20abiertas%20a%20la%20comunidad' aria-hidden='false' data-av_icon='\ue8f3' data-av_iconfont='entypo-fontello' title='' data-avia-related-tooltip='Compartir en Facebook' rel=\"noopener\"><span class='avia_hidden_link_text'>Compartir en Facebook<\/span><\/a><\/li><li class='av-share-link av-social-link-twitter' ><a target=\"_blank\" aria-label=\"Compartir en Twitter\" href='https:\/\/twitter.com\/share?text=UAys%C3%A9n%20lanza%20la%20d%C3%A9cima%20versi%C3%B3n%20de%20su%20Escuela%20de%20Invierno%20%20con%20m%C3%A1s%20de%2030%20actividades%20abiertas%20a%20la%20comunidad&#038;url=https:\/\/radiorevelacionfm.cl\/?p=56419' aria-hidden='false' data-av_icon='\ue8f1' data-av_iconfont='entypo-fontello' title='' data-avia-related-tooltip='Compartir en Twitter' rel=\"noopener\"><span class='avia_hidden_link_text'>Compartir en Twitter<\/span><\/a><\/li><li class='av-share-link av-social-link-whatsapp' ><a target=\"_blank\" aria-label=\"Compartir en Whatsapp\" href='https:\/\/api.whatsapp.com\/send?text=https:\/\/radiorevelacionfm.cl\/?p=56419' aria-hidden='false' data-av_icon='\uf232' data-av_iconfont='entypo-fontello' title='' data-avia-related-tooltip='Compartir en Whatsapp' rel=\"noopener\"><span class='avia_hidden_link_text'>Compartir en Whatsapp<\/span><\/a><\/li><li class='av-share-link av-social-link-linkedin' ><a target=\"_blank\" aria-label=\"Compartir en LinkedIn\" href='https:\/\/linkedin.com\/shareArticle?mini=true&#038;title=UAys%C3%A9n%20lanza%20la%20d%C3%A9cima%20versi%C3%B3n%20de%20su%20Escuela%20de%20Invierno%20%20con%20m%C3%A1s%20de%2030%20actividades%20abiertas%20a%20la%20comunidad&#038;url=https:\/\/radiorevelacionfm.cl\/?p=56419' aria-hidden='false' data-av_icon='\ue8fc' data-av_iconfont='entypo-fontello' title='' data-avia-related-tooltip='Compartir en LinkedIn' rel=\"noopener\"><span class='avia_hidden_link_text'>Compartir en LinkedIn<\/span><\/a><\/li><li class='av-share-link av-social-link-mail' ><a  aria-label=\"Compartir por correo\" href='mailto:?subject=UAys%C3%A9n%20lanza%20la%20d%C3%A9cima%20versi%C3%B3n%20de%20su%20Escuela%20de%20Invierno%20%20con%20m%C3%A1s%20de%2030%20actividades%20abiertas%20a%20la%20comunidad&#038;body=https:\/\/radiorevelacionfm.cl\/?p=56419' aria-hidden='false' data-av_icon='\ue805' data-av_iconfont='entypo-fontello' title='' data-avia-related-tooltip='Compartir por correo'><span class='avia_hidden_link_text'>Compartir por correo<\/span><\/a><\/li><\/ul><\/div><\/div>\n<div  style='height:50px' class='hr hr-invisible   avia-builder-el-8  el_after_av_social_share  el_before_av_comments_list '><span class='hr-inner ' ><span class='hr-inner-style'><\/span><\/span><\/div>\n<div  class='av-buildercomment  av-blog-meta-html-info-disabled av-blog-meta-tag-disabled  '><\/div>\n","protected":false},"excerpt":{"rendered":"","protected":false},"author":1,"featured_media":56420,"comment_status":"closed","ping_status":"closed","sticky":false,"template":"","format":"standard","meta":{"footnotes":""},"categories":[49],"tags":[],"class_list":["post-56419","post","type-post","status-publish","format-standard","has-post-thumbnail","hentry","category-educacion"],"jetpack_featured_media_url":"https:\/\/radiorevelacionfm.cl\/wp-content\/uploads\/2025\/07\/edi-3-1-1.jpg","_links":{"self":[{"href":"https:\/\/radiorevelacionfm.cl\/index.php?rest_route=\/wp\/v2\/posts\/56419","targetHints":{"allow":["GET"]}}],"collection":[{"href":"https:\/\/radiorevelacionfm.cl\/index.php?rest_route=\/wp\/v2\/posts"}],"about":[{"href":"https:\/\/radiorevelacionfm.cl\/index.php?rest_route=\/wp\/v2\/types\/post"}],"author":[{"embeddable":true,"href":"https:\/\/radiorevelacionfm.cl\/index.php?rest_route=\/wp\/v2\/users\/1"}],"replies":[{"embeddable":true,"href":"https:\/\/radiorevelacionfm.cl\/index.php?rest_route=%2Fwp%2Fv2%2Fcomments&post=56419"}],"version-history":[{"count":2,"href":"https:\/\/radiorevelacionfm.cl\/index.php?rest_route=\/wp\/v2\/posts\/56419\/revisions"}],"predecessor-version":[{"id":56422,"href":"https:\/\/radiorevelacionfm.cl\/index.php?rest_route=\/wp\/v2\/posts\/56419\/revisions\/56422"}],"wp:featuredmedia":[{"embeddable":true,"href":"https:\/\/radiorevelacionfm.cl\/index.php?rest_route=\/wp\/v2\/media\/56420"}],"wp:attachment":[{"href":"https:\/\/radiorevelacionfm.cl\/index.php?rest_route=%2Fwp%2Fv2%2Fmedia&parent=56419"}],"wp:term":[{"taxonomy":"category","embeddable":true,"href":"https:\/\/radiorevelacionfm.cl\/index.php?rest_route=%2Fwp%2Fv2%2Fcategories&post=56419"},{"taxonomy":"post_tag","embeddable":true,"href":"https:\/\/radiorevelacionfm.cl\/index.php?rest_route=%2Fwp%2Fv2%2Ftags&post=56419"}],"curies":[{"name":"wp","href":"https:\/\/api.w.org\/{rel}","templated":true}]}}