{"id":56413,"date":"2025-07-11T20:25:32","date_gmt":"2025-07-11T23:25:32","guid":{"rendered":"https:\/\/radiorevelacionfm.cl\/?p=56413"},"modified":"2025-07-11T20:31:29","modified_gmt":"2025-07-11T23:31:29","slug":"campus-patagonia-organiza-encuentro-en-torno-a-las-musica-tradicional-de-aysen-continental","status":"publish","type":"post","link":"https:\/\/radiorevelacionfm.cl\/?p=56413","title":{"rendered":"Campus Patagonia organiza encuentro en torno a las m\u00fasica tradicional de Ays\u00e9n Continental"},"content":{"rendered":"<div class=\"flex_column av_one_full  flex_column_div av-zero-column-padding first  avia-builder-el-0  el_before_av_one_full  avia-builder-el-first  \" style='border-radius:0px; '><div  class='avia-image-container  av-styling-    avia-builder-el-1  avia-builder-el-no-sibling  avia-align-center '  itemprop=\"image\" itemscope=\"itemscope\" itemtype=\"https:\/\/schema.org\/ImageObject\"  ><div class='avia-image-container-inner'><div class='avia-image-overlay-wrap'><img decoding=\"async\" class='wp-image-56446 avia-img-lazy-loading-not-56446 avia_image' src=\"https:\/\/radiorevelacionfm.cl\/wp-content\/uploads\/2025\/07\/conversatorio-ritmos-de-aysen2-1_optimized.jpeg\" alt='' title='conversatorio-ritmos-de-ays\u00e9n2-(1)_optimized' height=\"605\" width=\"800\"  itemprop=\"thumbnailUrl\" srcset=\"https:\/\/radiorevelacionfm.cl\/wp-content\/uploads\/2025\/07\/conversatorio-ritmos-de-aysen2-1_optimized.jpeg 800w, https:\/\/radiorevelacionfm.cl\/wp-content\/uploads\/2025\/07\/conversatorio-ritmos-de-aysen2-1_optimized-300x227.jpeg 300w, https:\/\/radiorevelacionfm.cl\/wp-content\/uploads\/2025\/07\/conversatorio-ritmos-de-aysen2-1_optimized-768x581.jpeg 768w, https:\/\/radiorevelacionfm.cl\/wp-content\/uploads\/2025\/07\/conversatorio-ritmos-de-aysen2-1_optimized-705x533.jpeg 705w, https:\/\/radiorevelacionfm.cl\/wp-content\/uploads\/2025\/07\/conversatorio-ritmos-de-aysen2-1_optimized-450x340.jpeg 450w, https:\/\/radiorevelacionfm.cl\/wp-content\/uploads\/2025\/07\/conversatorio-ritmos-de-aysen2-1_optimized-600x454.jpeg 600w\" sizes=\"(max-width: 800px) 100vw, 800px\" \/><\/div><\/div><\/div><\/div><div class=\"flex_column av_one_full  flex_column_div av-zero-column-padding first  avia-builder-el-2  el_after_av_one_full  el_before_av_one_full  column-top-margin\" style='border-radius:0px; '><section class=\"av_textblock_section \"  itemscope=\"itemscope\" itemtype=\"https:\/\/schema.org\/BlogPosting\" itemprop=\"blogPost\" ><div class='avia_textblock  '   itemprop=\"text\" ><p style=\"text-align: center;\"><strong><span style=\"font-size: 18pt;\">Campus Patagonia organiza encuentro en torno a las m\u00fasica tradicional de Ays\u00e9n Continental<\/span><\/strong><\/p>\n<div id=\"gtx-trans\" style=\"position: absolute; left: -50px; top: 4.31534px;\">\n<div class=\"gtx-trans-icon\"><\/div>\n<\/div>\n<\/div><\/section><\/div><\/p>\n<div class=\"flex_column av_one_full  flex_column_div av-zero-column-padding first  avia-builder-el-4  el_after_av_one_full  el_before_av_hr  column-top-margin\" style='border-radius:0px; '><section class=\"av_textblock_section \"  itemscope=\"itemscope\" itemtype=\"https:\/\/schema.org\/BlogPosting\" itemprop=\"blogPost\" ><div class='avia_textblock  '   itemprop=\"text\" ><p style=\"text-align: justify;\"><em>Estudiantes de T\u00e9cnico Universitario en Turismo de Naturaleza y la comunidad en general participaron de un conversatorio en torno a los principales ritmos tradicionales de la Patagonia continental.<\/em><\/p>\n<p style=\"text-align: justify;\">La m\u00fasica tradicional de Ays\u00e9n continental fue la protagonista del encuentro \u201cPara Contar, Cantar y Bailar\u201d organizado por la carrera T\u00e9cnico Universitario en Turismo de Naturaleza del Campus Patagonia de la Universidad Austral de Chile.<\/p>\n<p style=\"text-align: justify;\">Esta actividad se enmarca en la asignatura \u201cHistoria y Cultura de Chile para el Turismo\u201d, a cargo de la docente Alejandra Mu\u00f1oz, quien indic\u00f3 que: \u201cEl prop\u00f3sito de este encuentro fue acercar a los participantes, a la historia y cultura regional como una forma de entender la diversidad y riqueza de la tradici\u00f3n y las expresiones culturales nacionales. Debemos distinguir entre la cultura litoral\/insular y la continental, ya que son muy diferentes en todo el pa\u00eds. Es importante que, tanto los y las estudiantes de turismo, como la comunidad en general, conozcan en este caso, los principales ritmos tradicionales de la Patagonia\u201d.<\/p>\n<p style=\"text-align: justify;\">En la actividad participaron los m\u00fasicos y cultores tradicionales, Evaristo Alarc\u00f3n (acorde\u00f3n) y Jorge Pe\u00f1a (guitarra), quienes compartieron sus conocimientos, no s\u00f3lo interpretando diversos ritmos, sino tambi\u00e9n, conversando en torno a las melod\u00edas de Ays\u00e9n continental rural.<\/p>\n<p style=\"text-align: justify;\">El encuentro incluy\u00f3 adem\u00e1s, una muestra de cer\u00e1mica de Puerto Ib\u00e1\u00f1ez y de comida t\u00edpica de la regi\u00f3n, para dejar de manifiesto que las expresiones culturales son muy amplias y diversas.<\/p>\n<p style=\"text-align: justify;\">Para la profesora Alejandra Mu\u00f1oz, este tipo de actividades profundizan el conocimiento de los ritmos que se consideran tradicionales, distinguiendo entre aquellos utilizados para la danza y los usados para el canto. \u201cEs importante tener una visi\u00f3n que supere el tiempo presente, ya que en especial las personas m\u00e1s j\u00f3venes tienden a creer que lo que ellos conocen ha sido siempre as\u00ed, por ejemplo el Chamam\u00e9 hoy goza de popularidad y es un ritmo muy atractivo, pero es bastante nuevo en la historia Aysenina. La idea de la charla es conocer el origen de los ritmos y el porqu\u00e9 de su\u00a0arraigo en el contexto m\u00e1s amplio del territorio, por ejemplo, nuestra condici\u00f3n de frontera con Argentina en el sector continental y el intercambio hist\u00f3rico que hemos tenido\u201d, destac\u00f3 la docente.<\/p>\n<p style=\"text-align: justify;\">Durante el resto del a\u00f1o, se continuar\u00e1n organizando charlas y encuentros de este tipo para profundizar los conocimientos de estudiantes y la comunidad en general, en torno a la tradiciones de las distintas \u00e1reas geogr\u00e1ficas de la regi\u00f3n de Ays\u00e9n.<\/p>\n<\/div><\/section><\/div>\n<div  style='height:50px' class='hr hr-invisible   avia-builder-el-6  el_after_av_one_full  el_before_av_social_share '><span class='hr-inner ' ><span class='hr-inner-style'><\/span><\/span><\/div>\n<div  class='av-social-sharing-box  avia-builder-el-7  el_after_av_hr  el_before_av_hr  '><div class='av-share-box'><h5 class='av-share-link-description av-no-toc '>Compartir esta noticia<\/h5><ul class='av-share-box-list noLightbox'><li class='av-share-link av-social-link-facebook' ><a target=\"_blank\" aria-label=\"Compartir en Facebook\" href='https:\/\/www.facebook.com\/sharer.php?u=https:\/\/radiorevelacionfm.cl\/?p=56413&#038;t=Campus%20Patagonia%20organiza%20encuentro%20en%20torno%20a%20las%20m%C3%BAsica%20tradicional%20de%20Ays%C3%A9n%20Continental' aria-hidden='false' data-av_icon='\ue8f3' data-av_iconfont='entypo-fontello' title='' data-avia-related-tooltip='Compartir en Facebook' rel=\"noopener\"><span class='avia_hidden_link_text'>Compartir en Facebook<\/span><\/a><\/li><li class='av-share-link av-social-link-twitter' ><a target=\"_blank\" aria-label=\"Compartir en Twitter\" href='https:\/\/twitter.com\/share?text=Campus%20Patagonia%20organiza%20encuentro%20en%20torno%20a%20las%20m%C3%BAsica%20tradicional%20de%20Ays%C3%A9n%20Continental&#038;url=https:\/\/radiorevelacionfm.cl\/?p=56413' aria-hidden='false' data-av_icon='\ue8f1' data-av_iconfont='entypo-fontello' title='' data-avia-related-tooltip='Compartir en Twitter' rel=\"noopener\"><span class='avia_hidden_link_text'>Compartir en Twitter<\/span><\/a><\/li><li class='av-share-link av-social-link-whatsapp' ><a target=\"_blank\" aria-label=\"Compartir en Whatsapp\" href='https:\/\/api.whatsapp.com\/send?text=https:\/\/radiorevelacionfm.cl\/?p=56413' aria-hidden='false' data-av_icon='\uf232' data-av_iconfont='entypo-fontello' title='' data-avia-related-tooltip='Compartir en Whatsapp' rel=\"noopener\"><span class='avia_hidden_link_text'>Compartir en Whatsapp<\/span><\/a><\/li><li class='av-share-link av-social-link-linkedin' ><a target=\"_blank\" aria-label=\"Compartir en LinkedIn\" href='https:\/\/linkedin.com\/shareArticle?mini=true&#038;title=Campus%20Patagonia%20organiza%20encuentro%20en%20torno%20a%20las%20m%C3%BAsica%20tradicional%20de%20Ays%C3%A9n%20Continental&#038;url=https:\/\/radiorevelacionfm.cl\/?p=56413' aria-hidden='false' data-av_icon='\ue8fc' data-av_iconfont='entypo-fontello' title='' data-avia-related-tooltip='Compartir en LinkedIn' rel=\"noopener\"><span class='avia_hidden_link_text'>Compartir en LinkedIn<\/span><\/a><\/li><li class='av-share-link av-social-link-mail' ><a  aria-label=\"Compartir por correo\" href='mailto:?subject=Campus%20Patagonia%20organiza%20encuentro%20en%20torno%20a%20las%20m%C3%BAsica%20tradicional%20de%20Ays%C3%A9n%20Continental&#038;body=https:\/\/radiorevelacionfm.cl\/?p=56413' aria-hidden='false' data-av_icon='\ue805' data-av_iconfont='entypo-fontello' title='' data-avia-related-tooltip='Compartir por correo'><span class='avia_hidden_link_text'>Compartir por correo<\/span><\/a><\/li><\/ul><\/div><\/div>\n<div  style='height:50px' class='hr hr-invisible   avia-builder-el-8  el_after_av_social_share  el_before_av_comments_list '><span class='hr-inner ' ><span class='hr-inner-style'><\/span><\/span><\/div>\n<div  class='av-buildercomment  av-blog-meta-html-info-disabled av-blog-meta-tag-disabled  '><\/div>\n","protected":false},"excerpt":{"rendered":"","protected":false},"author":1,"featured_media":56446,"comment_status":"closed","ping_status":"closed","sticky":false,"template":"","format":"standard","meta":{"footnotes":""},"categories":[49],"tags":[],"class_list":["post-56413","post","type-post","status-publish","format-standard","has-post-thumbnail","hentry","category-educacion"],"jetpack_featured_media_url":"https:\/\/radiorevelacionfm.cl\/wp-content\/uploads\/2025\/07\/conversatorio-ritmos-de-aysen2-1_optimized.jpeg","_links":{"self":[{"href":"https:\/\/radiorevelacionfm.cl\/index.php?rest_route=\/wp\/v2\/posts\/56413","targetHints":{"allow":["GET"]}}],"collection":[{"href":"https:\/\/radiorevelacionfm.cl\/index.php?rest_route=\/wp\/v2\/posts"}],"about":[{"href":"https:\/\/radiorevelacionfm.cl\/index.php?rest_route=\/wp\/v2\/types\/post"}],"author":[{"embeddable":true,"href":"https:\/\/radiorevelacionfm.cl\/index.php?rest_route=\/wp\/v2\/users\/1"}],"replies":[{"embeddable":true,"href":"https:\/\/radiorevelacionfm.cl\/index.php?rest_route=%2Fwp%2Fv2%2Fcomments&post=56413"}],"version-history":[{"count":3,"href":"https:\/\/radiorevelacionfm.cl\/index.php?rest_route=\/wp\/v2\/posts\/56413\/revisions"}],"predecessor-version":[{"id":56445,"href":"https:\/\/radiorevelacionfm.cl\/index.php?rest_route=\/wp\/v2\/posts\/56413\/revisions\/56445"}],"wp:featuredmedia":[{"embeddable":true,"href":"https:\/\/radiorevelacionfm.cl\/index.php?rest_route=\/wp\/v2\/media\/56446"}],"wp:attachment":[{"href":"https:\/\/radiorevelacionfm.cl\/index.php?rest_route=%2Fwp%2Fv2%2Fmedia&parent=56413"}],"wp:term":[{"taxonomy":"category","embeddable":true,"href":"https:\/\/radiorevelacionfm.cl\/index.php?rest_route=%2Fwp%2Fv2%2Fcategories&post=56413"},{"taxonomy":"post_tag","embeddable":true,"href":"https:\/\/radiorevelacionfm.cl\/index.php?rest_route=%2Fwp%2Fv2%2Ftags&post=56413"}],"curies":[{"name":"wp","href":"https:\/\/api.w.org\/{rel}","templated":true}]}}