{"id":56409,"date":"2025-07-11T11:41:24","date_gmt":"2025-07-11T14:41:24","guid":{"rendered":"https:\/\/radiorevelacionfm.cl\/?p=56409"},"modified":"2025-07-11T11:41:24","modified_gmt":"2025-07-11T14:41:24","slug":"provincia-capitan-prat-villa-ohiggins-y-caleta-tortel-avanzan-en-el-programa-para-pequenas-localidades-con-obras-y-participacion-territorial","status":"publish","type":"post","link":"https:\/\/radiorevelacionfm.cl\/?p=56409","title":{"rendered":"Provincia capit\u00e1n Prat: Villa O\u2019Higgins y Caleta Tortel avanzan en el programa para peque\u00f1as localidades con obras y participaci\u00f3n territorial"},"content":{"rendered":"<div class=\"flex_column av_one_full  flex_column_div av-zero-column-padding first  avia-builder-el-0  el_before_av_one_full  avia-builder-el-first  \" style='border-radius:0px; '><div  class='avia-image-container  av-styling-    avia-builder-el-1  avia-builder-el-no-sibling  avia-align-center '  itemprop=\"image\" itemscope=\"itemscope\" itemtype=\"https:\/\/schema.org\/ImageObject\"  ><div class='avia-image-container-inner'><div class='avia-image-overlay-wrap'><img decoding=\"async\" class='wp-image-56410 avia-img-lazy-loading-not-56410 avia_image' src=\"https:\/\/radiorevelacionfm.cl\/wp-content\/uploads\/2025\/07\/reunion-mesa-de-dialogo-tortel-1_optimized.jpeg\" alt='' title='reuni\u00f3n-mesa-de-di\u00e1logo-tortel-(1)_optimized' height=\"600\" width=\"1107\"  itemprop=\"thumbnailUrl\" srcset=\"https:\/\/radiorevelacionfm.cl\/wp-content\/uploads\/2025\/07\/reunion-mesa-de-dialogo-tortel-1_optimized.jpeg 1107w, https:\/\/radiorevelacionfm.cl\/wp-content\/uploads\/2025\/07\/reunion-mesa-de-dialogo-tortel-1_optimized-300x163.jpeg 300w, https:\/\/radiorevelacionfm.cl\/wp-content\/uploads\/2025\/07\/reunion-mesa-de-dialogo-tortel-1_optimized-1030x558.jpeg 1030w, https:\/\/radiorevelacionfm.cl\/wp-content\/uploads\/2025\/07\/reunion-mesa-de-dialogo-tortel-1_optimized-768x416.jpeg 768w, https:\/\/radiorevelacionfm.cl\/wp-content\/uploads\/2025\/07\/reunion-mesa-de-dialogo-tortel-1_optimized-705x382.jpeg 705w, https:\/\/radiorevelacionfm.cl\/wp-content\/uploads\/2025\/07\/reunion-mesa-de-dialogo-tortel-1_optimized-450x244.jpeg 450w, https:\/\/radiorevelacionfm.cl\/wp-content\/uploads\/2025\/07\/reunion-mesa-de-dialogo-tortel-1_optimized-600x325.jpeg 600w\" sizes=\"(max-width: 1107px) 100vw, 1107px\" \/><\/div><\/div><\/div><\/div><div class=\"flex_column av_one_full  flex_column_div av-zero-column-padding first  avia-builder-el-2  el_after_av_one_full  el_before_av_one_full  column-top-margin\" style='border-radius:0px; '><section class=\"av_textblock_section \"  itemscope=\"itemscope\" itemtype=\"https:\/\/schema.org\/BlogPosting\" itemprop=\"blogPost\" ><div class='avia_textblock  '   itemprop=\"text\" ><p style=\"text-align: center;\"><strong><span style=\"font-size: 18pt;\">Provincia capit\u00e1n Prat: Villa O\u2019Higgins y Caleta Tortel avanzan en el programa para peque\u00f1as localidades con obras y participaci\u00f3n territorial<\/span><\/strong><\/p>\n<div id=\"gtx-trans\" style=\"position: absolute; left: -50px; top: 4.31534px;\">\n<div class=\"gtx-trans-icon\"><\/div>\n<\/div>\n<\/div><\/section><\/div><div class=\"flex_column av_one_full  flex_column_div av-zero-column-padding first  avia-builder-el-4  el_after_av_one_full  el_before_av_hr  column-top-margin\" style='border-radius:0px; '><section class=\"av_textblock_section \"  itemscope=\"itemscope\" itemtype=\"https:\/\/schema.org\/BlogPosting\" itemprop=\"blogPost\" ><div class='avia_textblock  '   itemprop=\"text\" ><p style=\"text-align: justify;\">A fines de junio, en el extremo sur de la Provincia Capit\u00e1n Prat, se concretaron dos hitos clave para el desarrollo territorial: el cierre del Programa para Peque\u00f1as Localidades (PPL) en Villa O\u2019Higgins y una jornada participativa con la Mesa de Actores Locales en Caleta Tortel, en el marco del mismo programa impulsado por el Ministerio de Vivienda y Urbanismo.<\/p>\n<p style=\"text-align: justify;\">Este 2025, el Programa para Peque\u00f1as Localidades cumple 10 a\u00f1os a nivel nacional desde su creaci\u00f3n, consolid\u00e1ndose como una herramienta estrat\u00e9gica para el fortalecimiento del desarrollo local en comunas con menos de 20 mil habitantes y presencia limitada de oferta p\u00fablica.<\/p>\n<p style=\"text-align: justify;\">En Villa O\u2019Higgins, el 23 de junio, la actividad estuvo marcada por la inauguraci\u00f3n del mejoramiento de senderos y se\u00f1al\u00e9ticas del Parque Glaciar Mosco, una de las obras emblem\u00e1ticas del plan que desde 2018 impulsa el Minvu en la localidad. El programa, que se implementa junto a la Municipalidad de O\u2019Higgins y la comunidad organizada, ha sido clave para consolidar la vocaci\u00f3n tur\u00edstica de la comuna, mejorando infraestructura urbana, conectividad y espacios de encuentro comunitario.<\/p>\n<p style=\"text-align: justify;\">Durante la jornada se inaugur\u00f3 el proyecto del Parque Glaciar Mosco, con una inversi\u00f3n de 167 millones de pesos que permiti\u00f3 intervenir 16 kil\u00f3metros de senderos, construir pasarelas, zonas de descanso y un refugio, adem\u00e1s de instalar se\u00f1al\u00e9tica informativa. Esta ruta esc\u00e9nica es un activo fundamental para residentes y turistas que recorren el sur austral.<\/p>\n<p style=\"text-align: justify;\">Tambi\u00e9n se revisaron los avances de la obra en ejecuci\u00f3n del borde urbano de Villa O\u2019Higgins, que contempla una inversi\u00f3n de m\u00e1s de 771 millones de pesos para conformar un circuito caminable con pavimentos, \u00e1reas verdes, juegos, mobiliario urbano e iluminaci\u00f3n, generando un nuevo espacio p\u00fablico para el encuentro y el turismo.<\/p>\n<p style=\"text-align: justify;\">Uno de los anuncios destacados fue el financiamiento del futuro Edificio Tur\u00edstico Polifuncional, con 281 millones de pesos aprobados y cuya firma de convenio est\u00e1 prevista para agosto de este a\u00f1o. Este nuevo equipamiento funcionar\u00e1 como terminal para peajeros, oficina de informaci\u00f3n tur\u00edstica y punto de venta para emprendedores locales, integrando servicios clave para la comunidad y los visitantes.<\/p>\n<p style=\"text-align: justify;\">\u00abEl Programa para Peque\u00f1as Localidades cumple 10 a\u00f1os de vigencia, y nosotros quisimos celebrarlo tanto en la primera localidad que fue seleccionada en su momento, que fue Villa O\u2019Higgins, como tambi\u00e9n en la \u00faltima seleccionada el a\u00f1o pasado, que fue Caleta Tortel.<\/p>\n<p style=\"text-align: justify;\">Este programa tiene un componente muy fuerte de participaci\u00f3n ciudadana, donde son los vecinos y las vecinas quienes determinan las obras m\u00e1s pertinentes a su realidad territorial.<\/p>\n<p style=\"text-align: justify;\">En el caso de Villa O\u2019Higgins, pudimos inaugurar la obra de mejoramiento de las se\u00f1al\u00e9ticas y senderos del Parque Glaciar El Mosco. Pero tambi\u00e9n realizamos una visita a un proyecto muy ambicioso: la construcci\u00f3n de un borde urbano, con una inversi\u00f3n que supera los 770 millones de pesos.<\/p>\n<p style=\"text-align: justify;\">Esto da cuenta de un trabajo colaborativo sostenido con el municipio de O&#8217;Higgins, y que no solo beneficiar\u00e1 a la comunidad local, sino que tambi\u00e9n potenciar\u00e1 su vocaci\u00f3n tur\u00edstica para quienes visitan el lugar en \u00e9poca estival y recorren estos sectores\u00bb, destac\u00f3 la Seremi de Vivienda y Urbanismo, Paulina Ruz Delf\u00edn.<\/p>\n<p style=\"text-align: justify;\">La jornada tambi\u00e9n contempl\u00f3 un encuentro con vecinos y vecinas, adem\u00e1s de una reuni\u00f3n con el Comit\u00e9 Villa Austral, donde la entidad patrocinante municipal present\u00f3 el dise\u00f1o de loteo a sus 40 socios. Estos espacios de di\u00e1logo permitieron evaluar el impacto del programa y proyectar nuevos desaf\u00edos.<\/p>\n<p style=\"text-align: justify;\">Posteriormente, la Seremi de Vivienda encabez\u00f3 una reuni\u00f3n con la Mesa de Actores Locales en Caleta Tortel, donde se presentaron los avances del programa, los resultados del diagn\u00f3stico participativo y se inici\u00f3 la construcci\u00f3n de una estrategia comunicacional conjunta. En la instancia participaron dirigencias sociales, organizaciones comunitarias, representantes municipales, del \u00e1mbito tur\u00edstico, salud y ni\u00f1ez, quienes entregaron aportes y reflexiones para fortalecer el proceso.<\/p>\n<p style=\"text-align: justify;\">Con dos obras ejecutadas, una en ejecuci\u00f3n, una con financiamiento vigente y dos proyectos en etapa de dise\u00f1o postulados al Gobierno Regional (un mirador en el Salto El P\u00e9rez y otro en la pasarela hist\u00f3rica R\u00edo Mayer), el Programa para Peque\u00f1as Localidades deja un legado concreto en Villa O\u2019Higgins, al tiempo que sigue avanzando en Caleta Tortel con una activa participaci\u00f3n ciudadana.<\/p>\n<p style=\"text-align: justify;\">Esta experiencia reafirma el compromiso del Gobierno del Presidente Gabriel Boric con los territorios m\u00e1s aislados de Chile, avanzando hacia un desarrollo m\u00e1s justo, digno y conectado para las familias del extremo austral.<\/p>\n<\/div><\/section><\/div><div  style='height:50px' class='hr hr-invisible   avia-builder-el-6  el_after_av_one_full  el_before_av_social_share '><span class='hr-inner ' ><span class='hr-inner-style'><\/span><\/span><\/div><\/p>\n<div  class='av-social-sharing-box  avia-builder-el-7  el_after_av_hr  el_before_av_hr  '><div class='av-share-box'><h5 class='av-share-link-description av-no-toc '>Compartir esta noticia<\/h5><ul class='av-share-box-list noLightbox'><li class='av-share-link av-social-link-facebook' ><a target=\"_blank\" aria-label=\"Compartir en Facebook\" href='https:\/\/www.facebook.com\/sharer.php?u=https:\/\/radiorevelacionfm.cl\/?p=56409&#038;t=Provincia%20capit%C3%A1n%20Prat%3A%20Villa%20O%E2%80%99Higgins%20y%20Caleta%20Tortel%20avanzan%20en%20el%20programa%20para%20peque%C3%B1as%20localidades%20con%20obras%20y%20participaci%C3%B3n%20territorial' aria-hidden='false' data-av_icon='\ue8f3' data-av_iconfont='entypo-fontello' title='' data-avia-related-tooltip='Compartir en Facebook' rel=\"noopener\"><span class='avia_hidden_link_text'>Compartir en Facebook<\/span><\/a><\/li><li class='av-share-link av-social-link-twitter' ><a target=\"_blank\" aria-label=\"Compartir en Twitter\" href='https:\/\/twitter.com\/share?text=Provincia%20capit%C3%A1n%20Prat%3A%20Villa%20O%E2%80%99Higgins%20y%20Caleta%20Tortel%20avanzan%20en%20el%20programa%20para%20peque%C3%B1as%20localidades%20con%20obras%20y%20participaci%C3%B3n%20territorial&#038;url=https:\/\/radiorevelacionfm.cl\/?p=56409' aria-hidden='false' data-av_icon='\ue8f1' data-av_iconfont='entypo-fontello' title='' data-avia-related-tooltip='Compartir en Twitter' rel=\"noopener\"><span class='avia_hidden_link_text'>Compartir en Twitter<\/span><\/a><\/li><li class='av-share-link av-social-link-whatsapp' ><a target=\"_blank\" aria-label=\"Compartir en Whatsapp\" href='https:\/\/api.whatsapp.com\/send?text=https:\/\/radiorevelacionfm.cl\/?p=56409' aria-hidden='false' data-av_icon='\uf232' data-av_iconfont='entypo-fontello' title='' data-avia-related-tooltip='Compartir en Whatsapp' rel=\"noopener\"><span class='avia_hidden_link_text'>Compartir en Whatsapp<\/span><\/a><\/li><li class='av-share-link av-social-link-linkedin' ><a target=\"_blank\" aria-label=\"Compartir en LinkedIn\" href='https:\/\/linkedin.com\/shareArticle?mini=true&#038;title=Provincia%20capit%C3%A1n%20Prat%3A%20Villa%20O%E2%80%99Higgins%20y%20Caleta%20Tortel%20avanzan%20en%20el%20programa%20para%20peque%C3%B1as%20localidades%20con%20obras%20y%20participaci%C3%B3n%20territorial&#038;url=https:\/\/radiorevelacionfm.cl\/?p=56409' aria-hidden='false' data-av_icon='\ue8fc' data-av_iconfont='entypo-fontello' title='' data-avia-related-tooltip='Compartir en LinkedIn' rel=\"noopener\"><span class='avia_hidden_link_text'>Compartir en LinkedIn<\/span><\/a><\/li><li class='av-share-link av-social-link-mail' ><a  aria-label=\"Compartir por correo\" href='mailto:?subject=Provincia%20capit%C3%A1n%20Prat%3A%20Villa%20O%E2%80%99Higgins%20y%20Caleta%20Tortel%20avanzan%20en%20el%20programa%20para%20peque%C3%B1as%20localidades%20con%20obras%20y%20participaci%C3%B3n%20territorial&#038;body=https:\/\/radiorevelacionfm.cl\/?p=56409' aria-hidden='false' data-av_icon='\ue805' data-av_iconfont='entypo-fontello' title='' data-avia-related-tooltip='Compartir por correo'><span class='avia_hidden_link_text'>Compartir por correo<\/span><\/a><\/li><\/ul><\/div><\/div>\n<div  style='height:50px' class='hr hr-invisible   avia-builder-el-8  el_after_av_social_share  el_before_av_comments_list '><span class='hr-inner ' ><span class='hr-inner-style'><\/span><\/span><\/div>\n<div  class='av-buildercomment  av-blog-meta-html-info-disabled av-blog-meta-tag-disabled  '><\/div>\n","protected":false},"excerpt":{"rendered":"","protected":false},"author":1,"featured_media":56410,"comment_status":"closed","ping_status":"closed","sticky":false,"template":"","format":"standard","meta":{"footnotes":""},"categories":[38],"tags":[],"class_list":["post-56409","post","type-post","status-publish","format-standard","has-post-thumbnail","hentry","category-regional"],"jetpack_featured_media_url":"https:\/\/radiorevelacionfm.cl\/wp-content\/uploads\/2025\/07\/reunion-mesa-de-dialogo-tortel-1_optimized.jpeg","_links":{"self":[{"href":"https:\/\/radiorevelacionfm.cl\/index.php?rest_route=\/wp\/v2\/posts\/56409","targetHints":{"allow":["GET"]}}],"collection":[{"href":"https:\/\/radiorevelacionfm.cl\/index.php?rest_route=\/wp\/v2\/posts"}],"about":[{"href":"https:\/\/radiorevelacionfm.cl\/index.php?rest_route=\/wp\/v2\/types\/post"}],"author":[{"embeddable":true,"href":"https:\/\/radiorevelacionfm.cl\/index.php?rest_route=\/wp\/v2\/users\/1"}],"replies":[{"embeddable":true,"href":"https:\/\/radiorevelacionfm.cl\/index.php?rest_route=%2Fwp%2Fv2%2Fcomments&post=56409"}],"version-history":[{"count":2,"href":"https:\/\/radiorevelacionfm.cl\/index.php?rest_route=\/wp\/v2\/posts\/56409\/revisions"}],"predecessor-version":[{"id":56417,"href":"https:\/\/radiorevelacionfm.cl\/index.php?rest_route=\/wp\/v2\/posts\/56409\/revisions\/56417"}],"wp:featuredmedia":[{"embeddable":true,"href":"https:\/\/radiorevelacionfm.cl\/index.php?rest_route=\/wp\/v2\/media\/56410"}],"wp:attachment":[{"href":"https:\/\/radiorevelacionfm.cl\/index.php?rest_route=%2Fwp%2Fv2%2Fmedia&parent=56409"}],"wp:term":[{"taxonomy":"category","embeddable":true,"href":"https:\/\/radiorevelacionfm.cl\/index.php?rest_route=%2Fwp%2Fv2%2Fcategories&post=56409"},{"taxonomy":"post_tag","embeddable":true,"href":"https:\/\/radiorevelacionfm.cl\/index.php?rest_route=%2Fwp%2Fv2%2Ftags&post=56409"}],"curies":[{"name":"wp","href":"https:\/\/api.w.org\/{rel}","templated":true}]}}