{"id":56406,"date":"2025-07-11T14:34:23","date_gmt":"2025-07-11T17:34:23","guid":{"rendered":"https:\/\/radiorevelacionfm.cl\/?p=56406"},"modified":"2025-07-11T14:34:23","modified_gmt":"2025-07-11T17:34:23","slug":"red-local-de-apoyos-y-cuidados-amplia-al-doble-su-cobertura-en-7-comunas-de-la-region-de-aysen","status":"publish","type":"post","link":"https:\/\/radiorevelacionfm.cl\/?p=56406","title":{"rendered":"Red Local de Apoyos y Cuidados ampl\u00eda al doble su cobertura en 7 comunas de la regi\u00f3n de Ays\u00e9n"},"content":{"rendered":"<div class=\"flex_column av_one_full  flex_column_div av-zero-column-padding first  avia-builder-el-0  el_before_av_one_full  avia-builder-el-first  \" style='border-radius:0px; '><div  class='avia-image-container  av-styling-    avia-builder-el-1  avia-builder-el-no-sibling  avia-align-center '  itemprop=\"image\" itemscope=\"itemscope\" itemtype=\"https:\/\/schema.org\/ImageObject\"  ><div class='avia-image-container-inner'><div class='avia-image-overlay-wrap'><img decoding=\"async\" class='wp-image-56407 avia-img-lazy-loading-not-56407 avia_image' src=\"https:\/\/radiorevelacionfm.cl\/wp-content\/uploads\/2025\/07\/rlac-muni-1-1-1.jpeg\" alt='' title='rlac muni 1 (1) (1)' height=\"600\" width=\"800\"  itemprop=\"thumbnailUrl\" srcset=\"https:\/\/radiorevelacionfm.cl\/wp-content\/uploads\/2025\/07\/rlac-muni-1-1-1.jpeg 800w, https:\/\/radiorevelacionfm.cl\/wp-content\/uploads\/2025\/07\/rlac-muni-1-1-1-300x225.jpeg 300w, https:\/\/radiorevelacionfm.cl\/wp-content\/uploads\/2025\/07\/rlac-muni-1-1-1-768x576.jpeg 768w, https:\/\/radiorevelacionfm.cl\/wp-content\/uploads\/2025\/07\/rlac-muni-1-1-1-705x529.jpeg 705w, https:\/\/radiorevelacionfm.cl\/wp-content\/uploads\/2025\/07\/rlac-muni-1-1-1-450x338.jpeg 450w, https:\/\/radiorevelacionfm.cl\/wp-content\/uploads\/2025\/07\/rlac-muni-1-1-1-600x450.jpeg 600w\" sizes=\"(max-width: 800px) 100vw, 800px\" \/><\/div><\/div><\/div><\/div><div class=\"flex_column av_one_full  flex_column_div av-zero-column-padding first  avia-builder-el-2  el_after_av_one_full  el_before_av_one_full  column-top-margin\" style='border-radius:0px; '><section class=\"av_textblock_section \"  itemscope=\"itemscope\" itemtype=\"https:\/\/schema.org\/BlogPosting\" itemprop=\"blogPost\" ><div class='avia_textblock  '   itemprop=\"text\" ><p style=\"text-align: center;\"><strong><span style=\"font-size: 18pt;\">Red Local de Apoyos y Cuidados ampl\u00eda al doble su cobertura en 7 comunas de la regi\u00f3n de Ays\u00e9n<\/span><\/strong><\/p>\n<div id=\"gtx-trans\" style=\"position: absolute; left: -50px; top: 4.31534px;\">\n<div class=\"gtx-trans-icon\"><\/div>\n<\/div>\n<\/div><\/section><\/div><div class=\"flex_column av_one_full  flex_column_div av-zero-column-padding first  avia-builder-el-4  el_after_av_one_full  el_before_av_hr  column-top-margin\" style='border-radius:0px; '><section class=\"av_textblock_section \"  itemscope=\"itemscope\" itemtype=\"https:\/\/schema.org\/BlogPosting\" itemprop=\"blogPost\" ><div class='avia_textblock  '   itemprop=\"text\" ><div class=\"v1elementToProof\" style=\"text-align: justify;\"><i>La seremi de Desarrollo Social y Familia destac\u00f3 el aumento de presupuesto que se materializar\u00e1 desde este per\u00edodo y, que permitir\u00e1, apoyar a los 416 hogares de personas que tienen dependencia y a sus respectivas cuidadoras\/es.<\/i><\/div>\n<div class=\"v1elementToProof\" style=\"text-align: justify;\"><i>\u00a0<\/i><\/div>\n<div class=\"v1elementToProof\" style=\"text-align: justify;\">La Red Local de Apoyos y Cuidados inici\u00f3 una expansi\u00f3n hist\u00f3rica en 7 comunas de la regi\u00f3n de Ays\u00e9n este 2025, aumentando su cobertura al doble en presupuesto. El Programa es parte del avance del Sistema Nacional de Apoyos y Cuidados, Chile Cuida del Ministerio de Desarrollo Social y Familia y, ofrece a los hogares de personas con dependencia severa, acompa\u00f1amiento en red, servicios especializados domiciliarios, adem\u00e1s del apoyo de asistentes de cuidados quienes relevan a las personas cuidadoras, ayud\u00e1ndoles a reducir la sobrecarga que experimentan.<\/div>\n<div class=\"v1elementToProof\" style=\"text-align: justify;\">As\u00ed lo explic\u00f3 la seremi de Desarrollo Social y Familia quien dio la noticia \u00abChile Cuida est\u00e1 creciendo en la regi\u00f3n de Ays\u00e9n con la Red Local de Apoyos y Cuidados hemos aumentado sustancialmente en cobertura, hoy llegamos a 416 hogares con Chile Cuida a lo largo de 7 comunas de nuestro territorio. Entre los servicios con estos hogares seleccionados tenemos un plan de diagn\u00f3stico, adem\u00e1s de toda la atenci\u00f3n profesional con kinesi\u00f3logos, psic\u00f3logos, terapeuta ocupacional, entre otros y para este a\u00f1o se incorporan asistentes de cuidados en todos los hogares donde tenemos la Red Local de Apoyos y Cuidados en nuestras 7 comunas, permitiendo dar un respiro a las personas cuidadoras, reducir la sobrecarga que viven y devolverles tiempo libre\u00bb.<\/div>\n<div class=\"v1elementToProof\" style=\"text-align: justify;\">A la vez agreg\u00f3 \u00abestamos tremendamente contentos porque hemos logrado que la Red Local de Apoyos y Cuidados duplique el presupuesto en nuestra regi\u00f3n. El a\u00f1o 2024 cont\u00e1bamos con 300 millones de pesos y este 2025 esas cifras se incrementaron a $631.960.000 para ejecuci\u00f3n, con esto podemos decir que Ays\u00e9n crece con Chile Cuida\u00bb.<\/div>\n<div class=\"v1elementToProof\" style=\"text-align: justify;\">Este programa creado en el 2017 y ahora perteneciente a Chile Cuida, es altamente valorado por los hogares que lo reciben, pues les permite recibir en forma gratuita servicios especializados en sus domicilios, adem\u00e1s de recibir el apoyo de asistentes de cuidados, quienes relevan a las personas cuidadoras, ayud\u00e1ndoles a reducir la sobrecarga que estas experimentan.<\/div>\n<div class=\"v1elementToProof\" style=\"text-align: justify;\"><\/div>\n<div class=\"v1elementToProof\" style=\"text-align: justify;\">ALCALDE DE AYS\u00c9N REACCIONA A NUEVA COBERTURA<\/div>\n<div class=\"v1elementToProof\" style=\"text-align: justify;\">La Red Local de Apoyos y Cuidados est\u00e1 presente en la regi\u00f3n en las comunas de Tortel, Cochrane, Coyhaique, Lago Verde, Ib\u00e1\u00f1ez, Guaitecas y Ays\u00e9n en donde los municipios son los que ejecutan. En una reuni\u00f3n sostenida entre la Seremi Karina Acevedo y el alcalde Luis Mart\u00ednez de Ays\u00e9n, se le inform\u00f3 que su comuna pasar\u00e1 de 15 hogares a 101 los beneficiarios con una completa atenci\u00f3n, por lo que se\u00f1al\u00f3 \u00abNos tiene emocionado, porque pens\u00e1bamos en c\u00f3mo pod\u00edamos avanzar en c\u00f3mo lo pod\u00edamos hacer este a\u00f1o y nos traen esta noticia que es maravillosa. Yo quiero felicitar al equipo regional, porque de aqu\u00ed se levanta la inquietud para que, en Santiago, comience esta bajada de recursos que sin lugar a dudas la vamos a ocupar muy bien para que el pr\u00f3ximo a\u00f1o tambi\u00e9n podamos seguir aumentando\u00bb.<\/div>\n<div class=\"v1elementToProof\" style=\"text-align: justify;\">Finalmente, la Seremi Acevedo Auad enfatiz\u00f3 \u00abEs una muy buena noticia para las 7 comunas, llevamos dos a\u00f1os trabajando intensamente para que la Red se ampl\u00ede y le trajimos la excelente noticia al alcalde de Ays\u00e9n, porque logramos de manera excepcional traer para esta comuna, un monto que supera con creces lo que hab\u00edan ejecutado el a\u00f1o anterior. Hoy entregamos un Programa que se ajusta a la realidad de cada comuna de nuestro territorio\u00bb.<\/div>\n<div class=\"v1elementToProof\"><\/div>\n<table cellspacing=\"0\" cellpadding=\"0\">\n<tbody>\n<tr>\n<td>\n<div class=\"v1elementToProof\"><b>\u00a0<\/b><\/div>\n<\/td>\n<td>\n<div class=\"v1elementToProof\"><b>Cobertura 2024<\/b><\/div>\n<div class=\"v1elementToProof\"><b>(diada: persona cuidada y cuidador\/a)<\/b><\/div>\n<\/td>\n<td>\n<div class=\"v1elementToProof\"><b>Monto $<\/b><\/div>\n<\/td>\n<td>\n<div class=\"v1elementToProof\"><b>Cobertura 2025<\/b><\/div>\n<div class=\"v1elementToProof\"><b>(diada: persona cuidada y cuidador\/a)<\/b><\/div>\n<\/td>\n<td>\n<div class=\"v1elementToProof\"><b>Monto $<\/b><\/div>\n<\/td>\n<\/tr>\n<tr>\n<td>\n<div class=\"v1elementToProof\">Tortel<\/div>\n<\/td>\n<td>\n<div class=\"v1elementToProof\">11<\/div>\n<\/td>\n<td>\n<div class=\"v1elementToProof\">31.094.020<\/div>\n<\/td>\n<td>\n<div class=\"v1elementToProof\">29<\/div>\n<\/td>\n<td>\n<div class=\"v1elementToProof\">44.875.000<\/div>\n<\/td>\n<\/tr>\n<tr>\n<td>\n<div class=\"v1elementToProof\">Cochrane<\/div>\n<\/td>\n<td>\n<div class=\"v1elementToProof\">15<\/div>\n<\/td>\n<td>\n<div class=\"v1elementToProof\">31.094.020<\/div>\n<\/td>\n<td>\n<div class=\"v1elementToProof\">51<\/div>\n<\/td>\n<td>\n<div class=\"v1elementToProof\">88.525.000<\/div>\n<\/td>\n<\/tr>\n<tr>\n<td>\n<div class=\"v1elementToProof\">Coyhaique<\/div>\n<\/td>\n<td>\n<div class=\"v1elementToProof\">71<\/div>\n<\/td>\n<td>\n<div class=\"v1elementToProof\">180.259.267<\/div>\n<\/td>\n<td>\n<div class=\"v1elementToProof\">148<\/div>\n<\/td>\n<td>\n<div class=\"v1elementToProof\">210.740.000<\/div>\n<\/td>\n<\/tr>\n<tr>\n<td>\n<div class=\"v1elementToProof\">Lago Verde<\/div>\n<\/td>\n<td>\n<div class=\"v1elementToProof\">15<\/div>\n<\/td>\n<td>\n<div class=\"v1elementToProof\">31.094.020<\/div>\n<\/td>\n<td>\n<div class=\"v1elementToProof\">29<\/div>\n<\/td>\n<td>\n<div class=\"v1elementToProof\">44.875.000<\/div>\n<\/td>\n<\/tr>\n<tr>\n<td>\n<div class=\"v1elementToProof\">Ays\u00e9n<\/div>\n<\/td>\n<td>\n<div class=\"v1elementToProof\">15<\/div>\n<\/td>\n<td>\n<div class=\"v1elementToProof\">31.094.020<\/div>\n<\/td>\n<td>\n<div class=\"v1elementToProof\">101<\/div>\n<\/td>\n<td>\n<div class=\"v1elementToProof\">153.195.000<\/div>\n<\/td>\n<\/tr>\n<tr>\n<td>\n<div class=\"v1elementToProof\">Guaitecas<\/div>\n<\/td>\n<td>\n<div class=\"v1elementToProof\">15<\/div>\n<\/td>\n<td>\n<div class=\"v1elementToProof\">31.094.020<\/div>\n<\/td>\n<td>\n<div class=\"v1elementToProof\">29<\/div>\n<\/td>\n<td>\n<div class=\"v1elementToProof\">44.875.000<\/div>\n<\/td>\n<\/tr>\n<tr>\n<td>\n<div class=\"v1elementToProof\">Rio Ib\u00e1\u00f1ez<\/div>\n<\/td>\n<td>\n<div class=\"v1elementToProof\">15<\/div>\n<\/td>\n<td>\n<div class=\"v1elementToProof\">31.094.020<\/div>\n<\/td>\n<td>\n<div class=\"v1elementToProof\">29<\/div>\n<\/td>\n<td>\n<div class=\"v1elementToProof\">44.875.000<\/div>\n<\/td>\n<\/tr>\n<tr>\n<td>\n<div class=\"v1elementToProof\"><b>\u00a0TOTAL<\/b><\/div>\n<\/td>\n<td>\n<div class=\"v1elementToProof\"><b>157<\/b><\/div>\n<\/td>\n<td>\n<div class=\"v1elementToProof\"><b>$366.823.387<\/b><\/div>\n<\/td>\n<td>\n<div class=\"v1elementToProof\"><b>416<\/b><\/div>\n<\/td>\n<td>\n<div class=\"v1elementToProof\"><b>$631.960.000<\/b><\/div>\n<\/td>\n<\/tr>\n<\/tbody>\n<\/table>\n<div class=\"v1elementToProof\"><\/div>\n<\/div><\/section><\/div><div  style='height:50px' class='hr hr-invisible   avia-builder-el-6  el_after_av_one_full  el_before_av_social_share '><span class='hr-inner ' ><span class='hr-inner-style'><\/span><\/span><\/div><\/p>\n<div  class='av-social-sharing-box  avia-builder-el-7  el_after_av_hr  el_before_av_hr  '><div class='av-share-box'><h5 class='av-share-link-description av-no-toc '>Compartir esta noticia<\/h5><ul class='av-share-box-list noLightbox'><li class='av-share-link av-social-link-facebook' ><a target=\"_blank\" aria-label=\"Compartir en Facebook\" href='https:\/\/www.facebook.com\/sharer.php?u=https:\/\/radiorevelacionfm.cl\/?p=56406&#038;t=Red%20Local%20de%20Apoyos%20y%20Cuidados%20ampl%C3%ADa%20al%20doble%20su%20cobertura%20en%207%20comunas%20de%20la%20regi%C3%B3n%20de%20Ays%C3%A9n' aria-hidden='false' data-av_icon='\ue8f3' data-av_iconfont='entypo-fontello' title='' data-avia-related-tooltip='Compartir en Facebook' rel=\"noopener\"><span class='avia_hidden_link_text'>Compartir en Facebook<\/span><\/a><\/li><li class='av-share-link av-social-link-twitter' ><a target=\"_blank\" aria-label=\"Compartir en Twitter\" href='https:\/\/twitter.com\/share?text=Red%20Local%20de%20Apoyos%20y%20Cuidados%20ampl%C3%ADa%20al%20doble%20su%20cobertura%20en%207%20comunas%20de%20la%20regi%C3%B3n%20de%20Ays%C3%A9n&#038;url=https:\/\/radiorevelacionfm.cl\/?p=56406' aria-hidden='false' data-av_icon='\ue8f1' data-av_iconfont='entypo-fontello' title='' data-avia-related-tooltip='Compartir en Twitter' rel=\"noopener\"><span class='avia_hidden_link_text'>Compartir en Twitter<\/span><\/a><\/li><li class='av-share-link av-social-link-whatsapp' ><a target=\"_blank\" aria-label=\"Compartir en Whatsapp\" href='https:\/\/api.whatsapp.com\/send?text=https:\/\/radiorevelacionfm.cl\/?p=56406' aria-hidden='false' data-av_icon='\uf232' data-av_iconfont='entypo-fontello' title='' data-avia-related-tooltip='Compartir en Whatsapp' rel=\"noopener\"><span class='avia_hidden_link_text'>Compartir en Whatsapp<\/span><\/a><\/li><li class='av-share-link av-social-link-linkedin' ><a target=\"_blank\" aria-label=\"Compartir en LinkedIn\" href='https:\/\/linkedin.com\/shareArticle?mini=true&#038;title=Red%20Local%20de%20Apoyos%20y%20Cuidados%20ampl%C3%ADa%20al%20doble%20su%20cobertura%20en%207%20comunas%20de%20la%20regi%C3%B3n%20de%20Ays%C3%A9n&#038;url=https:\/\/radiorevelacionfm.cl\/?p=56406' aria-hidden='false' data-av_icon='\ue8fc' data-av_iconfont='entypo-fontello' title='' data-avia-related-tooltip='Compartir en LinkedIn' rel=\"noopener\"><span class='avia_hidden_link_text'>Compartir en LinkedIn<\/span><\/a><\/li><li class='av-share-link av-social-link-mail' ><a  aria-label=\"Compartir por correo\" href='mailto:?subject=Red%20Local%20de%20Apoyos%20y%20Cuidados%20ampl%C3%ADa%20al%20doble%20su%20cobertura%20en%207%20comunas%20de%20la%20regi%C3%B3n%20de%20Ays%C3%A9n&#038;body=https:\/\/radiorevelacionfm.cl\/?p=56406' aria-hidden='false' data-av_icon='\ue805' data-av_iconfont='entypo-fontello' title='' data-avia-related-tooltip='Compartir por correo'><span class='avia_hidden_link_text'>Compartir por correo<\/span><\/a><\/li><\/ul><\/div><\/div>\n<div  style='height:50px' class='hr hr-invisible   avia-builder-el-8  el_after_av_social_share  el_before_av_comments_list '><span class='hr-inner ' ><span class='hr-inner-style'><\/span><\/span><\/div>\n<div  class='av-buildercomment  av-blog-meta-html-info-disabled av-blog-meta-tag-disabled  '><\/div>\n","protected":false},"excerpt":{"rendered":"","protected":false},"author":1,"featured_media":56407,"comment_status":"closed","ping_status":"closed","sticky":false,"template":"","format":"standard","meta":{"footnotes":""},"categories":[62],"tags":[],"class_list":["post-56406","post","type-post","status-publish","format-standard","has-post-thumbnail","hentry","category-social"],"jetpack_featured_media_url":"https:\/\/radiorevelacionfm.cl\/wp-content\/uploads\/2025\/07\/rlac-muni-1-1-1.jpeg","_links":{"self":[{"href":"https:\/\/radiorevelacionfm.cl\/index.php?rest_route=\/wp\/v2\/posts\/56406","targetHints":{"allow":["GET"]}}],"collection":[{"href":"https:\/\/radiorevelacionfm.cl\/index.php?rest_route=\/wp\/v2\/posts"}],"about":[{"href":"https:\/\/radiorevelacionfm.cl\/index.php?rest_route=\/wp\/v2\/types\/post"}],"author":[{"embeddable":true,"href":"https:\/\/radiorevelacionfm.cl\/index.php?rest_route=\/wp\/v2\/users\/1"}],"replies":[{"embeddable":true,"href":"https:\/\/radiorevelacionfm.cl\/index.php?rest_route=%2Fwp%2Fv2%2Fcomments&post=56406"}],"version-history":[{"count":2,"href":"https:\/\/radiorevelacionfm.cl\/index.php?rest_route=\/wp\/v2\/posts\/56406\/revisions"}],"predecessor-version":[{"id":56418,"href":"https:\/\/radiorevelacionfm.cl\/index.php?rest_route=\/wp\/v2\/posts\/56406\/revisions\/56418"}],"wp:featuredmedia":[{"embeddable":true,"href":"https:\/\/radiorevelacionfm.cl\/index.php?rest_route=\/wp\/v2\/media\/56407"}],"wp:attachment":[{"href":"https:\/\/radiorevelacionfm.cl\/index.php?rest_route=%2Fwp%2Fv2%2Fmedia&parent=56406"}],"wp:term":[{"taxonomy":"category","embeddable":true,"href":"https:\/\/radiorevelacionfm.cl\/index.php?rest_route=%2Fwp%2Fv2%2Fcategories&post=56406"},{"taxonomy":"post_tag","embeddable":true,"href":"https:\/\/radiorevelacionfm.cl\/index.php?rest_route=%2Fwp%2Fv2%2Ftags&post=56406"}],"curies":[{"name":"wp","href":"https:\/\/api.w.org\/{rel}","templated":true}]}}