{"id":56401,"date":"2025-07-11T11:07:26","date_gmt":"2025-07-11T14:07:26","guid":{"rendered":"https:\/\/radiorevelacionfm.cl\/?p=56401"},"modified":"2025-07-11T11:07:26","modified_gmt":"2025-07-11T14:07:26","slug":"empresas-bahamonde-dira-presente-en-el-beerfest-aysen-2025-dictara-charla-ambiental-para-incentivar-el-reciclaje-y-el-cuidado-del-medio-ambiente","status":"publish","type":"post","link":"https:\/\/radiorevelacionfm.cl\/?p=56401","title":{"rendered":"Empresas Bahamonde dir\u00e1 presente en el Beerfest Ays\u00e9n 2025: Dictar\u00e1 charla ambiental para incentivar el reciclaje y el cuidado del Medio Ambiente"},"content":{"rendered":"<div class=\"flex_column av_one_full  flex_column_div av-zero-column-padding first  avia-builder-el-0  el_before_av_one_full  avia-builder-el-first  \" style='border-radius:0px; '><div  class='avia-image-container  av-styling-    avia-builder-el-1  avia-builder-el-no-sibling  avia-align-center '  itemprop=\"image\" itemscope=\"itemscope\" itemtype=\"https:\/\/schema.org\/ImageObject\"  ><div class='avia-image-container-inner'><div class='avia-image-overlay-wrap'><img decoding=\"async\" class='wp-image-56403 avia-img-lazy-loading-not-56403 avia_image' src=\"https:\/\/radiorevelacionfm.cl\/wp-content\/uploads\/2025\/07\/empresas-bahamonde-en-beerfest_optimized.jpg\" alt='' title='empresas-bahamonde-en-beerfest_optimized' height=\"600\" width=\"922\"  itemprop=\"thumbnailUrl\" srcset=\"https:\/\/radiorevelacionfm.cl\/wp-content\/uploads\/2025\/07\/empresas-bahamonde-en-beerfest_optimized.jpg 922w, https:\/\/radiorevelacionfm.cl\/wp-content\/uploads\/2025\/07\/empresas-bahamonde-en-beerfest_optimized-300x195.jpg 300w, https:\/\/radiorevelacionfm.cl\/wp-content\/uploads\/2025\/07\/empresas-bahamonde-en-beerfest_optimized-768x500.jpg 768w, https:\/\/radiorevelacionfm.cl\/wp-content\/uploads\/2025\/07\/empresas-bahamonde-en-beerfest_optimized-705x459.jpg 705w, https:\/\/radiorevelacionfm.cl\/wp-content\/uploads\/2025\/07\/empresas-bahamonde-en-beerfest_optimized-450x293.jpg 450w, https:\/\/radiorevelacionfm.cl\/wp-content\/uploads\/2025\/07\/empresas-bahamonde-en-beerfest_optimized-600x390.jpg 600w\" sizes=\"(max-width: 922px) 100vw, 922px\" \/><\/div><\/div><\/div><\/div><div class=\"flex_column av_one_full  flex_column_div av-zero-column-padding first  avia-builder-el-2  el_after_av_one_full  el_before_av_one_full  column-top-margin\" style='border-radius:0px; '><section class=\"av_textblock_section \"  itemscope=\"itemscope\" itemtype=\"https:\/\/schema.org\/BlogPosting\" itemprop=\"blogPost\" ><div class='avia_textblock  '   itemprop=\"text\" ><p style=\"text-align: center;\"><span style=\"font-size: 18pt;\"><strong>Empresas Bahamonde dir\u00e1 presente en el Beerfest Ays\u00e9n 2025: Dictar\u00e1 charla ambiental para incentivar el reciclaje y el cuidado del Medio Ambiente <\/strong><\/span><\/p>\n<div id=\"gtx-trans\" style=\"position: absolute; left: -50px; top: 4.31534px;\">\n<div class=\"gtx-trans-icon\"><\/div>\n<\/div>\n<\/div><\/section><\/div><\/p>\n<div class=\"flex_column av_one_full  flex_column_div av-zero-column-padding first  avia-builder-el-4  el_after_av_one_full  el_before_av_hr  column-top-margin\" style='border-radius:0px; '><section class=\"av_textblock_section \"  itemscope=\"itemscope\" itemtype=\"https:\/\/schema.org\/BlogPosting\" itemprop=\"blogPost\" ><div class='avia_textblock  '   itemprop=\"text\" ><p style=\"text-align: justify;\">Empresas Bahamonde formar\u00e1 parte del Beerfest Ays\u00e9n 2025. Este evento se realizar\u00e1 el 12 y 13 de julio en el Gimnasio Nalcayec, teniendo un enfoque sustentable.<\/p>\n<p style=\"text-align: justify;\">De hecho, la destacada empresa aysenina dictar\u00e1 la charla \u201cSalud por el reciclaje\u201d durante la jornada del s\u00e1bado 12, donde se abordar\u00e1 la gesti\u00f3n ambiental que ha estado desarrollando en los \u00faltimos a\u00f1os. As\u00ed lo detall\u00f3 la encargada de Vinculaci\u00f3n con el Medio, Daniela Garriga Leiva.<\/p>\n<p style=\"text-align: justify;\">\u201cAbordaremos diferentes tem\u00e1ticas de gesti\u00f3n ambiental, el funcionamiento de nuestros puntos verdes, las campa\u00f1as colaborativas que realizamos y podr\u00e1s aprender c\u00f3mo segregar y disponer tus residuos reciclables correctamente en los puntos verdes\u201d, afirm\u00f3 al respecto.<\/p>\n<p style=\"text-align: justify;\">Adem\u00e1s de ello, habr\u00e1 un punto verde en el festival cervecero, donde se podr\u00e1 llevar botellas pl\u00e1sticas -PET 1-, latas de aluminio, cart\u00f3n y vidrio. Con esta actividad, se invita a la comunidad a transformar sus h\u00e1bitos, sum\u00e1ndose al cambio por un Ays\u00e9n de Futuro, cuidando del entorno en el que vive cada uno.<\/p>\n<p style=\"text-align: justify;\">Cabe precisar que Empresas Bahamonde ha estado presente en distintas instancias potenciando el reciclaje. Incluso se han gestionado visitas a la Planta que est\u00e1 ubicada en el kil\u00f3metro 4 de la ruta Ays\u00e9n-Puerto Chacabuco y al Relleno Sanitario, en el kil\u00f3metro 12 del camino que une a Puerto Ays\u00e9n y Coyhaique.<\/p>\n<\/div><\/section><\/div>\n<div  style='height:50px' class='hr hr-invisible   avia-builder-el-6  el_after_av_one_full  el_before_av_social_share '><span class='hr-inner ' ><span class='hr-inner-style'><\/span><\/span><\/div>\n<div  class='av-social-sharing-box  avia-builder-el-7  el_after_av_hr  el_before_av_hr  '><div class='av-share-box'><h5 class='av-share-link-description av-no-toc '>Compartir esta noticia<\/h5><ul class='av-share-box-list noLightbox'><li class='av-share-link av-social-link-facebook' ><a target=\"_blank\" aria-label=\"Compartir en Facebook\" href='https:\/\/www.facebook.com\/sharer.php?u=https:\/\/radiorevelacionfm.cl\/?p=56401&#038;t=Empresas%20Bahamonde%20dir%C3%A1%20presente%20en%20el%20Beerfest%20Ays%C3%A9n%202025%3A%20Dictar%C3%A1%20charla%20ambiental%20para%20incentivar%20el%20reciclaje%20y%20el%20cuidado%20del%20Medio%20Ambiente' aria-hidden='false' data-av_icon='\ue8f3' data-av_iconfont='entypo-fontello' title='' data-avia-related-tooltip='Compartir en Facebook' rel=\"noopener\"><span class='avia_hidden_link_text'>Compartir en Facebook<\/span><\/a><\/li><li class='av-share-link av-social-link-twitter' ><a target=\"_blank\" aria-label=\"Compartir en Twitter\" href='https:\/\/twitter.com\/share?text=Empresas%20Bahamonde%20dir%C3%A1%20presente%20en%20el%20Beerfest%20Ays%C3%A9n%202025%3A%20Dictar%C3%A1%20charla%20ambiental%20para%20incentivar%20el%20reciclaje%20y%20el%20cuidado%20del%20Medio%20Ambiente&#038;url=https:\/\/radiorevelacionfm.cl\/?p=56401' aria-hidden='false' data-av_icon='\ue8f1' data-av_iconfont='entypo-fontello' title='' data-avia-related-tooltip='Compartir en Twitter' rel=\"noopener\"><span class='avia_hidden_link_text'>Compartir en Twitter<\/span><\/a><\/li><li class='av-share-link av-social-link-whatsapp' ><a target=\"_blank\" aria-label=\"Compartir en Whatsapp\" href='https:\/\/api.whatsapp.com\/send?text=https:\/\/radiorevelacionfm.cl\/?p=56401' aria-hidden='false' data-av_icon='\uf232' data-av_iconfont='entypo-fontello' title='' data-avia-related-tooltip='Compartir en Whatsapp' rel=\"noopener\"><span class='avia_hidden_link_text'>Compartir en Whatsapp<\/span><\/a><\/li><li class='av-share-link av-social-link-linkedin' ><a target=\"_blank\" aria-label=\"Compartir en LinkedIn\" href='https:\/\/linkedin.com\/shareArticle?mini=true&#038;title=Empresas%20Bahamonde%20dir%C3%A1%20presente%20en%20el%20Beerfest%20Ays%C3%A9n%202025%3A%20Dictar%C3%A1%20charla%20ambiental%20para%20incentivar%20el%20reciclaje%20y%20el%20cuidado%20del%20Medio%20Ambiente&#038;url=https:\/\/radiorevelacionfm.cl\/?p=56401' aria-hidden='false' data-av_icon='\ue8fc' data-av_iconfont='entypo-fontello' title='' data-avia-related-tooltip='Compartir en LinkedIn' rel=\"noopener\"><span class='avia_hidden_link_text'>Compartir en LinkedIn<\/span><\/a><\/li><li class='av-share-link av-social-link-mail' ><a  aria-label=\"Compartir por correo\" href='mailto:?subject=Empresas%20Bahamonde%20dir%C3%A1%20presente%20en%20el%20Beerfest%20Ays%C3%A9n%202025%3A%20Dictar%C3%A1%20charla%20ambiental%20para%20incentivar%20el%20reciclaje%20y%20el%20cuidado%20del%20Medio%20Ambiente&#038;body=https:\/\/radiorevelacionfm.cl\/?p=56401' aria-hidden='false' data-av_icon='\ue805' data-av_iconfont='entypo-fontello' title='' data-avia-related-tooltip='Compartir por correo'><span class='avia_hidden_link_text'>Compartir por correo<\/span><\/a><\/li><\/ul><\/div><\/div>\n<div  style='height:50px' class='hr hr-invisible   avia-builder-el-8  el_after_av_social_share  el_before_av_comments_list '><span class='hr-inner ' ><span class='hr-inner-style'><\/span><\/span><\/div>\n<div  class='av-buildercomment  av-blog-meta-html-info-disabled av-blog-meta-tag-disabled  '><\/div>\n","protected":false},"excerpt":{"rendered":"","protected":false},"author":1,"featured_media":56403,"comment_status":"closed","ping_status":"closed","sticky":false,"template":"","format":"standard","meta":{"footnotes":""},"categories":[1],"tags":[],"class_list":["post-56401","post","type-post","status-publish","format-standard","has-post-thumbnail","hentry","category-sin-categoria"],"jetpack_featured_media_url":"https:\/\/radiorevelacionfm.cl\/wp-content\/uploads\/2025\/07\/empresas-bahamonde-en-beerfest_optimized.jpg","_links":{"self":[{"href":"https:\/\/radiorevelacionfm.cl\/index.php?rest_route=\/wp\/v2\/posts\/56401","targetHints":{"allow":["GET"]}}],"collection":[{"href":"https:\/\/radiorevelacionfm.cl\/index.php?rest_route=\/wp\/v2\/posts"}],"about":[{"href":"https:\/\/radiorevelacionfm.cl\/index.php?rest_route=\/wp\/v2\/types\/post"}],"author":[{"embeddable":true,"href":"https:\/\/radiorevelacionfm.cl\/index.php?rest_route=\/wp\/v2\/users\/1"}],"replies":[{"embeddable":true,"href":"https:\/\/radiorevelacionfm.cl\/index.php?rest_route=%2Fwp%2Fv2%2Fcomments&post=56401"}],"version-history":[{"count":2,"href":"https:\/\/radiorevelacionfm.cl\/index.php?rest_route=\/wp\/v2\/posts\/56401\/revisions"}],"predecessor-version":[{"id":56405,"href":"https:\/\/radiorevelacionfm.cl\/index.php?rest_route=\/wp\/v2\/posts\/56401\/revisions\/56405"}],"wp:featuredmedia":[{"embeddable":true,"href":"https:\/\/radiorevelacionfm.cl\/index.php?rest_route=\/wp\/v2\/media\/56403"}],"wp:attachment":[{"href":"https:\/\/radiorevelacionfm.cl\/index.php?rest_route=%2Fwp%2Fv2%2Fmedia&parent=56401"}],"wp:term":[{"taxonomy":"category","embeddable":true,"href":"https:\/\/radiorevelacionfm.cl\/index.php?rest_route=%2Fwp%2Fv2%2Fcategories&post=56401"},{"taxonomy":"post_tag","embeddable":true,"href":"https:\/\/radiorevelacionfm.cl\/index.php?rest_route=%2Fwp%2Fv2%2Ftags&post=56401"}],"curies":[{"name":"wp","href":"https:\/\/api.w.org\/{rel}","templated":true}]}}