{"id":56398,"date":"2025-07-11T12:09:31","date_gmt":"2025-07-11T15:09:31","guid":{"rendered":"https:\/\/radiorevelacionfm.cl\/?p=56398"},"modified":"2025-07-11T12:09:31","modified_gmt":"2025-07-11T15:09:31","slug":"invitan-a-participar-de-la-consulta-ciudadana-virtual-tercer-plan-de-derechos-humanos","status":"publish","type":"post","link":"https:\/\/radiorevelacionfm.cl\/?p=56398","title":{"rendered":"Invitan a participar de la Consulta Ciudadana Virtual Tercer Plan de Derechos Humanos"},"content":{"rendered":"<div class=\"flex_column av_one_full  flex_column_div av-zero-column-padding first  avia-builder-el-0  el_before_av_one_full  avia-builder-el-first  \" style='border-radius:0px; '><div  class='avia-image-container  av-styling-    avia-builder-el-1  avia-builder-el-no-sibling  avia-align-center '  itemprop=\"image\" itemscope=\"itemscope\" itemtype=\"https:\/\/schema.org\/ImageObject\"  ><div class='avia-image-container-inner'><div class='avia-image-overlay-wrap'><img decoding=\"async\" class='wp-image-56399 avia-img-lazy-loading-not-56399 avia_image' src=\"https:\/\/radiorevelacionfm.cl\/wp-content\/uploads\/2025\/07\/Consulta-ciudadana-tercer-Plan-de-Derechos-Humanos-1.jpg\" alt='' title='Consulta ciudadana tercer Plan de Derechos Humanos (1)' height=\"600\" width=\"480\"  itemprop=\"thumbnailUrl\" srcset=\"https:\/\/radiorevelacionfm.cl\/wp-content\/uploads\/2025\/07\/Consulta-ciudadana-tercer-Plan-de-Derechos-Humanos-1.jpg 480w, https:\/\/radiorevelacionfm.cl\/wp-content\/uploads\/2025\/07\/Consulta-ciudadana-tercer-Plan-de-Derechos-Humanos-1-240x300.jpg 240w, https:\/\/radiorevelacionfm.cl\/wp-content\/uploads\/2025\/07\/Consulta-ciudadana-tercer-Plan-de-Derechos-Humanos-1-450x563.jpg 450w\" sizes=\"(max-width: 480px) 100vw, 480px\" \/><\/div><\/div><\/div><\/div><div class=\"flex_column av_one_full  flex_column_div av-zero-column-padding first  avia-builder-el-2  el_after_av_one_full  el_before_av_one_full  column-top-margin\" style='border-radius:0px; '><section class=\"av_textblock_section \"  itemscope=\"itemscope\" itemtype=\"https:\/\/schema.org\/BlogPosting\" itemprop=\"blogPost\" ><div class='avia_textblock  '   itemprop=\"text\" ><p style=\"text-align: center;\"><span style=\"font-size: 18pt;\"><strong>Invitan a participar de la Consulta Ciudadana Virtual Tercer Plan de Derechos Humanos <\/strong><\/span><\/p>\n<div id=\"gtx-trans\" style=\"position: absolute; left: -50px; top: 4.31534px;\">\n<div class=\"gtx-trans-icon\"><\/div>\n<\/div>\n<\/div><\/section><\/div><div class=\"flex_column av_one_full  flex_column_div av-zero-column-padding first  avia-builder-el-4  el_after_av_one_full  el_before_av_hr  column-top-margin\" style='border-radius:0px; '><section class=\"av_textblock_section \"  itemscope=\"itemscope\" itemtype=\"https:\/\/schema.org\/BlogPosting\" itemprop=\"blogPost\" ><div class='avia_textblock  '   itemprop=\"text\" ><p style=\"text-align: justify;\">Hasta el 20 de julio pr\u00f3ximo se encuentra disponible la plataforma virtual participaderechoshumanos.gob.cl para participar de la Consulta Ciudadana Virtual Tercer Plan de Derechos Humanos, instancia que busca mediante este mecanismo, recoger la opini\u00f3n de la ciudadan\u00eda y la sociedad civil para contribuir al fortalecimiento del dise\u00f1o de las acciones que conformar\u00e1n el Tercer Plan Nacional de Derechos Humanos (PNDH) y el Tercer Plan de Acci\u00f3n sobre Derechos Humanos y Empresas (PAN).<\/p>\n<p style=\"text-align: justify;\">Esta consulta busca recoger opiniones de la ciudadan\u00eda respecto a principales problemas relacionados a los objetivos estrat\u00e9gicos, de cada plan y las acciones presentadas por las instituciones y empresas p\u00fablicas de los terceros planes.<\/p>\n<p style=\"text-align: justify;\">El seremi de Justicia y DDHH Samuel Navarro Castro hizo extensiva la invitaci\u00f3n a participar se\u00f1alando que \u201cpara el Ministerio de Justicia y Derechos Humanos, para nuestro gobierno es importante conocer la opini\u00f3n de la ciudadan\u00eda y de la sociedad civil por cuanto nos permite fortalecer el dise\u00f1o de las acciones de este Plan Nacional de Derechos Humanos y del Tercer Plan de acci\u00f3n de Derechos Humanos y Empresas, de esta forma elevamos en forma importante la participaci\u00f3n ciudadana, lo consideramos en forma muy destacada en la elaboraci\u00f3n, en el dise\u00f1o de las pol\u00edticas p\u00fablicas para ir ajustando dentro del marco normativo y dentro de los objetivos generales que tiene la subsecretar\u00eda de derechos Humanos como impulsar el \u00e1mbito de los derechos humanos como un aspecto importante de nuestra sociedad de como reforzar la vigencia, la promoci\u00f3n, la prevenci\u00f3n, la difusi\u00f3n de los derechos humanos, por cuanto en una sociedad democr\u00e1tica el valor de los derechos humanos hace que el espacio de convivencia, el di\u00e1logo y la fraternidad, la paz sean valores que se vayan profundizando que son objetivos permanentes para el bien com\u00fan de todas las personas\u201d.<\/p>\n<p style=\"text-align: justify;\">Para iniciar el proceso de participaci\u00f3n, las personas interesadas deber\u00e1n registrarse por medio de su Clave \u00danica o un correo electr\u00f3nico. Adem\u00e1s, deber\u00e1n completar un formulario de inscripci\u00f3n con datos personales y sociodemogr\u00e1ficos. Para esto se habilitaron tres modalidades de inscripci\u00f3n: a) personas naturales, b) organizaciones de la sociedad civil y Consejos de la Sociedad Civil de las instituciones p\u00fablicas, y c) ni\u00f1os, ni\u00f1as y adolescentes. En el caso de registro de personas naturales, \u00e9stas podr\u00e1n indicar si son defensores de derechos humanos.<\/p>\n<p style=\"text-align: justify;\">Tambi\u00e9n podr\u00e1n participar Ni\u00f1os, Ni\u00f1as y Adolescentes a quienes para el ingreso se les solicitar\u00e1 registro por correo electr\u00f3nico y clave \u00fanica, adem\u00e1s se deber\u00e1 llenar un consentimiento informado por parte de un adulto y completar un formulario con datos personales y sociodemogr\u00e1ficos.<\/p>\n<p style=\"text-align: justify;\">Finalmente, respecto a los resultados se espera obtener las primeras estad\u00edsticas generales de participaci\u00f3n una semana despu\u00e9s de finalizado el proceso. Adem\u00e1s, durante esa misma semana, se enviar\u00e1n las respuestas espec\u00edficas sobre acciones a todas las instituciones que recibieron comentarios, y as\u00ed puedan tener tiempo para mejorar las acciones ya presentadas. Tambi\u00e9n se contempla el env\u00edo de correos electr\u00f3nicos para informar resultados a los participantes.<\/p>\n<\/div><\/section><\/div><div  style='height:50px' class='hr hr-invisible   avia-builder-el-6  el_after_av_one_full  el_before_av_social_share '><span class='hr-inner ' ><span class='hr-inner-style'><\/span><\/span><\/div><\/p>\n<div  class='av-social-sharing-box  avia-builder-el-7  el_after_av_hr  el_before_av_hr  '><div class='av-share-box'><h5 class='av-share-link-description av-no-toc '>Compartir esta noticia<\/h5><ul class='av-share-box-list noLightbox'><li class='av-share-link av-social-link-facebook' ><a target=\"_blank\" aria-label=\"Compartir en Facebook\" href='https:\/\/www.facebook.com\/sharer.php?u=https:\/\/radiorevelacionfm.cl\/?p=56398&#038;t=Invitan%20a%20participar%20de%20la%20Consulta%20Ciudadana%20Virtual%20Tercer%20Plan%20de%20Derechos%20Humanos' aria-hidden='false' data-av_icon='\ue8f3' data-av_iconfont='entypo-fontello' title='' data-avia-related-tooltip='Compartir en Facebook' rel=\"noopener\"><span class='avia_hidden_link_text'>Compartir en Facebook<\/span><\/a><\/li><li class='av-share-link av-social-link-twitter' ><a target=\"_blank\" aria-label=\"Compartir en Twitter\" href='https:\/\/twitter.com\/share?text=Invitan%20a%20participar%20de%20la%20Consulta%20Ciudadana%20Virtual%20Tercer%20Plan%20de%20Derechos%20Humanos&#038;url=https:\/\/radiorevelacionfm.cl\/?p=56398' aria-hidden='false' data-av_icon='\ue8f1' data-av_iconfont='entypo-fontello' title='' data-avia-related-tooltip='Compartir en Twitter' rel=\"noopener\"><span class='avia_hidden_link_text'>Compartir en Twitter<\/span><\/a><\/li><li class='av-share-link av-social-link-whatsapp' ><a target=\"_blank\" aria-label=\"Compartir en Whatsapp\" href='https:\/\/api.whatsapp.com\/send?text=https:\/\/radiorevelacionfm.cl\/?p=56398' aria-hidden='false' data-av_icon='\uf232' data-av_iconfont='entypo-fontello' title='' data-avia-related-tooltip='Compartir en Whatsapp' rel=\"noopener\"><span class='avia_hidden_link_text'>Compartir en Whatsapp<\/span><\/a><\/li><li class='av-share-link av-social-link-linkedin' ><a target=\"_blank\" aria-label=\"Compartir en LinkedIn\" href='https:\/\/linkedin.com\/shareArticle?mini=true&#038;title=Invitan%20a%20participar%20de%20la%20Consulta%20Ciudadana%20Virtual%20Tercer%20Plan%20de%20Derechos%20Humanos&#038;url=https:\/\/radiorevelacionfm.cl\/?p=56398' aria-hidden='false' data-av_icon='\ue8fc' data-av_iconfont='entypo-fontello' title='' data-avia-related-tooltip='Compartir en LinkedIn' rel=\"noopener\"><span class='avia_hidden_link_text'>Compartir en LinkedIn<\/span><\/a><\/li><li class='av-share-link av-social-link-mail' ><a  aria-label=\"Compartir por correo\" href='mailto:?subject=Invitan%20a%20participar%20de%20la%20Consulta%20Ciudadana%20Virtual%20Tercer%20Plan%20de%20Derechos%20Humanos&#038;body=https:\/\/radiorevelacionfm.cl\/?p=56398' aria-hidden='false' data-av_icon='\ue805' data-av_iconfont='entypo-fontello' title='' data-avia-related-tooltip='Compartir por correo'><span class='avia_hidden_link_text'>Compartir por correo<\/span><\/a><\/li><\/ul><\/div><\/div>\n<div  style='height:50px' class='hr hr-invisible   avia-builder-el-8  el_after_av_social_share  el_before_av_comments_list '><span class='hr-inner ' ><span class='hr-inner-style'><\/span><\/span><\/div>\n<div  class='av-buildercomment  av-blog-meta-html-info-disabled av-blog-meta-tag-disabled  '><\/div>\n","protected":false},"excerpt":{"rendered":"","protected":false},"author":1,"featured_media":56399,"comment_status":"closed","ping_status":"closed","sticky":false,"template":"","format":"standard","meta":{"footnotes":""},"categories":[62],"tags":[],"class_list":["post-56398","post","type-post","status-publish","format-standard","has-post-thumbnail","hentry","category-social"],"jetpack_featured_media_url":"https:\/\/radiorevelacionfm.cl\/wp-content\/uploads\/2025\/07\/Consulta-ciudadana-tercer-Plan-de-Derechos-Humanos-1.jpg","_links":{"self":[{"href":"https:\/\/radiorevelacionfm.cl\/index.php?rest_route=\/wp\/v2\/posts\/56398","targetHints":{"allow":["GET"]}}],"collection":[{"href":"https:\/\/radiorevelacionfm.cl\/index.php?rest_route=\/wp\/v2\/posts"}],"about":[{"href":"https:\/\/radiorevelacionfm.cl\/index.php?rest_route=\/wp\/v2\/types\/post"}],"author":[{"embeddable":true,"href":"https:\/\/radiorevelacionfm.cl\/index.php?rest_route=\/wp\/v2\/users\/1"}],"replies":[{"embeddable":true,"href":"https:\/\/radiorevelacionfm.cl\/index.php?rest_route=%2Fwp%2Fv2%2Fcomments&post=56398"}],"version-history":[{"count":2,"href":"https:\/\/radiorevelacionfm.cl\/index.php?rest_route=\/wp\/v2\/posts\/56398\/revisions"}],"predecessor-version":[{"id":56416,"href":"https:\/\/radiorevelacionfm.cl\/index.php?rest_route=\/wp\/v2\/posts\/56398\/revisions\/56416"}],"wp:featuredmedia":[{"embeddable":true,"href":"https:\/\/radiorevelacionfm.cl\/index.php?rest_route=\/wp\/v2\/media\/56399"}],"wp:attachment":[{"href":"https:\/\/radiorevelacionfm.cl\/index.php?rest_route=%2Fwp%2Fv2%2Fmedia&parent=56398"}],"wp:term":[{"taxonomy":"category","embeddable":true,"href":"https:\/\/radiorevelacionfm.cl\/index.php?rest_route=%2Fwp%2Fv2%2Fcategories&post=56398"},{"taxonomy":"post_tag","embeddable":true,"href":"https:\/\/radiorevelacionfm.cl\/index.php?rest_route=%2Fwp%2Fv2%2Ftags&post=56398"}],"curies":[{"name":"wp","href":"https:\/\/api.w.org\/{rel}","templated":true}]}}