{"id":56394,"date":"2025-07-11T10:07:14","date_gmt":"2025-07-11T13:07:14","guid":{"rendered":"https:\/\/radiorevelacionfm.cl\/?p=56394"},"modified":"2025-07-11T10:07:14","modified_gmt":"2025-07-11T13:07:14","slug":"pinceladas-de-aysen-una-exposicion-que-unen-a-los-artistas-visuales-de-la-comuna","status":"publish","type":"post","link":"https:\/\/radiorevelacionfm.cl\/?p=56394","title":{"rendered":"\u201cPinceladas de Ays\u00e9n\u201d, una exposici\u00f3n que unen a los artistas visuales de la comuna"},"content":{"rendered":"<div class=\"flex_column av_one_full  flex_column_div av-zero-column-padding first  avia-builder-el-0  el_before_av_one_full  avia-builder-el-first  \" style='border-radius:0px; '><div  class='avia-image-container  av-styling-    avia-builder-el-1  avia-builder-el-no-sibling  avia-align-center '  itemprop=\"image\" itemscope=\"itemscope\" itemtype=\"https:\/\/schema.org\/ImageObject\"  ><div class='avia-image-container-inner'><div class='avia-image-overlay-wrap'><img decoding=\"async\" class='wp-image-56395 avia-img-lazy-loading-not-56395 avia_image' src=\"https:\/\/radiorevelacionfm.cl\/wp-content\/uploads\/2025\/07\/Pintura-Pablo-Lema-1-1.jpg\" alt='' title='Pintura Pablo Lema (1) (1)' height=\"600\" width=\"1067\"  itemprop=\"thumbnailUrl\" srcset=\"https:\/\/radiorevelacionfm.cl\/wp-content\/uploads\/2025\/07\/Pintura-Pablo-Lema-1-1.jpg 1067w, https:\/\/radiorevelacionfm.cl\/wp-content\/uploads\/2025\/07\/Pintura-Pablo-Lema-1-1-300x169.jpg 300w, https:\/\/radiorevelacionfm.cl\/wp-content\/uploads\/2025\/07\/Pintura-Pablo-Lema-1-1-1030x579.jpg 1030w, https:\/\/radiorevelacionfm.cl\/wp-content\/uploads\/2025\/07\/Pintura-Pablo-Lema-1-1-768x432.jpg 768w, https:\/\/radiorevelacionfm.cl\/wp-content\/uploads\/2025\/07\/Pintura-Pablo-Lema-1-1-705x396.jpg 705w, https:\/\/radiorevelacionfm.cl\/wp-content\/uploads\/2025\/07\/Pintura-Pablo-Lema-1-1-450x253.jpg 450w, https:\/\/radiorevelacionfm.cl\/wp-content\/uploads\/2025\/07\/Pintura-Pablo-Lema-1-1-600x337.jpg 600w\" sizes=\"(max-width: 1067px) 100vw, 1067px\" \/><\/div><\/div><\/div><\/div><div class=\"flex_column av_one_full  flex_column_div av-zero-column-padding first  avia-builder-el-2  el_after_av_one_full  el_before_av_one_full  column-top-margin\" style='border-radius:0px; '><section class=\"av_textblock_section \"  itemscope=\"itemscope\" itemtype=\"https:\/\/schema.org\/BlogPosting\" itemprop=\"blogPost\" ><div class='avia_textblock  '   itemprop=\"text\" ><p style=\"text-align: center;\"><span style=\"font-size: 18pt;\"><strong>\u201cPinceladas de Ays\u00e9n\u201d, una exposici\u00f3n que unen a los artistas visuales de la comuna<\/strong><\/span><\/p>\n<div id=\"gtx-trans\" style=\"position: absolute; left: -50px; top: 4.31534px;\">\n<div class=\"gtx-trans-icon\"><\/div>\n<\/div>\n<\/div><\/section><\/div><div class=\"flex_column av_one_full  flex_column_div av-zero-column-padding first  avia-builder-el-4  el_after_av_one_full  el_before_av_hr  column-top-margin\" style='border-radius:0px; '><section class=\"av_textblock_section \"  itemscope=\"itemscope\" itemtype=\"https:\/\/schema.org\/BlogPosting\" itemprop=\"blogPost\" ><div class='avia_textblock  '   itemprop=\"text\" ><p style=\"text-align: justify;\"><em>Durante dos d\u00edas la municipalidad de Ays\u00e9n expondr\u00e1 las obras de artistas locales, la cual ser\u00e1 una forma de visibilizar el talento y el esfuerzo que realizan los art\u00edfices ayseninos.<\/em><\/p>\n<p style=\"text-align: justify;\">En un trabajo entre la Unidad de Cultura municipal y los artistas visuales de Ays\u00e9n, llega una exposici\u00f3n que tiene como objetivo reunir a los talentos de la comuna en un solo lugar para que el p\u00fablico se pueda maravillar con las obras de sus coterr\u00e1neos.<\/p>\n<p style=\"text-align: justify;\">Los pr\u00f3ximos viernes 11 y s\u00e1bado 12 de julio entre las 12:00 a las 18:00 horas estar\u00e1 abierto al p\u00fablico \u201cPinceladas de Ays\u00e9n\u201d, nombre de esta exposici\u00f3n que traer\u00e1 a siete artistas visuales a mostrar sus mejores obras a la Casa de la Cultura.<\/p>\n<p style=\"text-align: justify;\">Pablo Lema, Ximena Castillo, Vicente Henr\u00edquez, Nancy Molina, Julissa Borquez, Eric De Blois y Cristian Rolando; son los artistas invitados para esta ocasi\u00f3n. Los cuales mostrar\u00e1n distintas t\u00e9cnicas como \u00f3leo, acuarela, acr\u00edlico y dibujo; la diversidad de actores tambi\u00e9n permitir\u00e1 ver los distintos estilos que practican los artistas.<\/p>\n<p style=\"text-align: justify;\">La directora de Desarrollo Comunitario, Karina Montecinos, comenta que \u201cesta exposici\u00f3n tiene m\u00faltiples objetivos, primero, ser una vitrina para el talento local, dando a nuestros artistas la plataforma que se merecen\u201d.<\/p>\n<p style=\"text-align: justify;\">\u201cIgualmente es una invitaci\u00f3n a la comunidad a conectarse con el arte, a dialogar con las obras, a dejarse llevar por la emoci\u00f3n del arte que pueden generar nuestros actores locales. Por \u00faltimo, tambi\u00e9n queremos acercar el espacio de la Casa de la Cultura a nuestros artistas, ya sea visuales, pl\u00e1sticos o musicales\u201d, finaliz\u00f3 la directora.<\/p>\n<p style=\"text-align: justify;\">Para la ocasi\u00f3n, igualmente se habilitar\u00e1 un espacio para que los ni\u00f1os puedan mostrar su talento art\u00edstico visual, por lo que podr\u00e1n dibujar y pintar es un sector del recinto cultural.<\/p>\n<p style=\"text-align: justify;\">Uno de los expositores, Pablo Lema expresa que este ser\u00e1 un espl\u00e9ndido momento para encontrarse como artistas visuales, \u201csiento que el acto de unirse y de ser fraterno con las personas que hacen una actividad similar, ya es una primera escala importante. Adem\u00e1s, la cohesi\u00f3n genera un sentido de pertenencia, independiente que cada uno tiene su estilo, genera un sentido de identidad y demuestra a la poblaci\u00f3n que no estamos aislados, sino que todos somos parte de un mismo territorio\u201d.<\/p>\n<p style=\"text-align: justify;\">\u201cAdem\u00e1s que esto del arte igual tiene un sesgo de individualismo, hay muchos egos lo cual no es malo, pero a veces no nos permite como abrir el foco\u201d, culmin\u00f3 el artista.<\/p>\n<p style=\"text-align: justify;\">Para la Municipalidad, esta ser\u00e1 la primera de muchas acciones que planean realizar con la finalidad de unir a los artistas ayseninos. De momento, est\u00e1n realizando llamados a inscribirse como creadores de arte, independientemente de su disciplina o antig\u00fcedad, todos pueden aportar a la hora de dar ideas para pr\u00f3ximos eventos. Cualquier interesado en ser parte de estos encuentros puede hacerlo dirigi\u00e9ndose a la oficina de Cultura en la Direcci\u00f3n de Desarrollo Comunitario.<\/p>\n<\/div><\/section><\/div><div  style='height:50px' class='hr hr-invisible   avia-builder-el-6  el_after_av_one_full  el_before_av_social_share '><span class='hr-inner ' ><span class='hr-inner-style'><\/span><\/span><\/div><\/p>\n<div  class='av-social-sharing-box  avia-builder-el-7  el_after_av_hr  el_before_av_hr  '><div class='av-share-box'><h5 class='av-share-link-description av-no-toc '>Compartir esta noticia<\/h5><ul class='av-share-box-list noLightbox'><li class='av-share-link av-social-link-facebook' ><a target=\"_blank\" aria-label=\"Compartir en Facebook\" href='https:\/\/www.facebook.com\/sharer.php?u=https:\/\/radiorevelacionfm.cl\/?p=56394&#038;t=%E2%80%9CPinceladas%20de%20Ays%C3%A9n%E2%80%9D%2C%20una%20exposici%C3%B3n%20que%20unen%20a%20los%20artistas%20visuales%20de%20la%20comuna' aria-hidden='false' data-av_icon='\ue8f3' data-av_iconfont='entypo-fontello' title='' data-avia-related-tooltip='Compartir en Facebook' rel=\"noopener\"><span class='avia_hidden_link_text'>Compartir en Facebook<\/span><\/a><\/li><li class='av-share-link av-social-link-twitter' ><a target=\"_blank\" aria-label=\"Compartir en Twitter\" href='https:\/\/twitter.com\/share?text=%E2%80%9CPinceladas%20de%20Ays%C3%A9n%E2%80%9D%2C%20una%20exposici%C3%B3n%20que%20unen%20a%20los%20artistas%20visuales%20de%20la%20comuna&#038;url=https:\/\/radiorevelacionfm.cl\/?p=56394' aria-hidden='false' data-av_icon='\ue8f1' data-av_iconfont='entypo-fontello' title='' data-avia-related-tooltip='Compartir en Twitter' rel=\"noopener\"><span class='avia_hidden_link_text'>Compartir en Twitter<\/span><\/a><\/li><li class='av-share-link av-social-link-whatsapp' ><a target=\"_blank\" aria-label=\"Compartir en Whatsapp\" href='https:\/\/api.whatsapp.com\/send?text=https:\/\/radiorevelacionfm.cl\/?p=56394' aria-hidden='false' data-av_icon='\uf232' data-av_iconfont='entypo-fontello' title='' data-avia-related-tooltip='Compartir en Whatsapp' rel=\"noopener\"><span class='avia_hidden_link_text'>Compartir en Whatsapp<\/span><\/a><\/li><li class='av-share-link av-social-link-linkedin' ><a target=\"_blank\" aria-label=\"Compartir en LinkedIn\" href='https:\/\/linkedin.com\/shareArticle?mini=true&#038;title=%E2%80%9CPinceladas%20de%20Ays%C3%A9n%E2%80%9D%2C%20una%20exposici%C3%B3n%20que%20unen%20a%20los%20artistas%20visuales%20de%20la%20comuna&#038;url=https:\/\/radiorevelacionfm.cl\/?p=56394' aria-hidden='false' data-av_icon='\ue8fc' data-av_iconfont='entypo-fontello' title='' data-avia-related-tooltip='Compartir en LinkedIn' rel=\"noopener\"><span class='avia_hidden_link_text'>Compartir en LinkedIn<\/span><\/a><\/li><li class='av-share-link av-social-link-mail' ><a  aria-label=\"Compartir por correo\" href='mailto:?subject=%E2%80%9CPinceladas%20de%20Ays%C3%A9n%E2%80%9D%2C%20una%20exposici%C3%B3n%20que%20unen%20a%20los%20artistas%20visuales%20de%20la%20comuna&#038;body=https:\/\/radiorevelacionfm.cl\/?p=56394' aria-hidden='false' data-av_icon='\ue805' data-av_iconfont='entypo-fontello' title='' data-avia-related-tooltip='Compartir por correo'><span class='avia_hidden_link_text'>Compartir por correo<\/span><\/a><\/li><\/ul><\/div><\/div>\n<div  style='height:50px' class='hr hr-invisible   avia-builder-el-8  el_after_av_social_share  el_before_av_comments_list '><span class='hr-inner ' ><span class='hr-inner-style'><\/span><\/span><\/div>\n<div  class='av-buildercomment  av-blog-meta-html-info-disabled av-blog-meta-tag-disabled  '><\/div>\n","protected":false},"excerpt":{"rendered":"","protected":false},"author":1,"featured_media":56395,"comment_status":"closed","ping_status":"closed","sticky":false,"template":"","format":"standard","meta":{"footnotes":""},"categories":[52],"tags":[],"class_list":["post-56394","post","type-post","status-publish","format-standard","has-post-thumbnail","hentry","category-cultura"],"jetpack_featured_media_url":"https:\/\/radiorevelacionfm.cl\/wp-content\/uploads\/2025\/07\/Pintura-Pablo-Lema-1-1.jpg","_links":{"self":[{"href":"https:\/\/radiorevelacionfm.cl\/index.php?rest_route=\/wp\/v2\/posts\/56394","targetHints":{"allow":["GET"]}}],"collection":[{"href":"https:\/\/radiorevelacionfm.cl\/index.php?rest_route=\/wp\/v2\/posts"}],"about":[{"href":"https:\/\/radiorevelacionfm.cl\/index.php?rest_route=\/wp\/v2\/types\/post"}],"author":[{"embeddable":true,"href":"https:\/\/radiorevelacionfm.cl\/index.php?rest_route=\/wp\/v2\/users\/1"}],"replies":[{"embeddable":true,"href":"https:\/\/radiorevelacionfm.cl\/index.php?rest_route=%2Fwp%2Fv2%2Fcomments&post=56394"}],"version-history":[{"count":2,"href":"https:\/\/radiorevelacionfm.cl\/index.php?rest_route=\/wp\/v2\/posts\/56394\/revisions"}],"predecessor-version":[{"id":56397,"href":"https:\/\/radiorevelacionfm.cl\/index.php?rest_route=\/wp\/v2\/posts\/56394\/revisions\/56397"}],"wp:featuredmedia":[{"embeddable":true,"href":"https:\/\/radiorevelacionfm.cl\/index.php?rest_route=\/wp\/v2\/media\/56395"}],"wp:attachment":[{"href":"https:\/\/radiorevelacionfm.cl\/index.php?rest_route=%2Fwp%2Fv2%2Fmedia&parent=56394"}],"wp:term":[{"taxonomy":"category","embeddable":true,"href":"https:\/\/radiorevelacionfm.cl\/index.php?rest_route=%2Fwp%2Fv2%2Fcategories&post=56394"},{"taxonomy":"post_tag","embeddable":true,"href":"https:\/\/radiorevelacionfm.cl\/index.php?rest_route=%2Fwp%2Fv2%2Ftags&post=56394"}],"curies":[{"name":"wp","href":"https:\/\/api.w.org\/{rel}","templated":true}]}}