{"id":56390,"date":"2025-07-10T18:05:08","date_gmt":"2025-07-10T21:05:08","guid":{"rendered":"https:\/\/radiorevelacionfm.cl\/?p=56390"},"modified":"2025-07-10T18:05:08","modified_gmt":"2025-07-10T21:05:08","slug":"ips-llama-a-beneficiarios-de-leyes-reparatorias-a-solicitar-la-pgu","status":"publish","type":"post","link":"https:\/\/radiorevelacionfm.cl\/?p=56390","title":{"rendered":"IPS llama a beneficiarios de leyes reparatorias a solicitar la PGU"},"content":{"rendered":"<div class=\"flex_column av_one_full  flex_column_div av-zero-column-padding first  avia-builder-el-0  el_before_av_one_full  avia-builder-el-first  \" style='border-radius:0px; '><div  class='avia-image-container  av-styling-    avia-builder-el-1  avia-builder-el-no-sibling  avia-align-center '  itemprop=\"image\" itemscope=\"itemscope\" itemtype=\"https:\/\/schema.org\/ImageObject\"  ><div class='avia-image-container-inner'><div class='avia-image-overlay-wrap'><img decoding=\"async\" class='wp-image-56391 avia-img-lazy-loading-not-56391 avia_image' src=\"https:\/\/radiorevelacionfm.cl\/wp-content\/uploads\/2025\/07\/ips2-aysEn-y-agrup-ddhh-coyh-1_optimized.jpeg\" alt='' title='ips2-ays\u00c9n-y-agrup-ddhh-coyh-(1)_optimized' height=\"600\" width=\"800\"  itemprop=\"thumbnailUrl\" srcset=\"https:\/\/radiorevelacionfm.cl\/wp-content\/uploads\/2025\/07\/ips2-aysEn-y-agrup-ddhh-coyh-1_optimized.jpeg 800w, https:\/\/radiorevelacionfm.cl\/wp-content\/uploads\/2025\/07\/ips2-aysEn-y-agrup-ddhh-coyh-1_optimized-300x225.jpeg 300w, https:\/\/radiorevelacionfm.cl\/wp-content\/uploads\/2025\/07\/ips2-aysEn-y-agrup-ddhh-coyh-1_optimized-768x576.jpeg 768w, https:\/\/radiorevelacionfm.cl\/wp-content\/uploads\/2025\/07\/ips2-aysEn-y-agrup-ddhh-coyh-1_optimized-705x529.jpeg 705w, https:\/\/radiorevelacionfm.cl\/wp-content\/uploads\/2025\/07\/ips2-aysEn-y-agrup-ddhh-coyh-1_optimized-450x338.jpeg 450w, https:\/\/radiorevelacionfm.cl\/wp-content\/uploads\/2025\/07\/ips2-aysEn-y-agrup-ddhh-coyh-1_optimized-600x450.jpeg 600w\" sizes=\"(max-width: 800px) 100vw, 800px\" \/><\/div><\/div><\/div><\/div><div class=\"flex_column av_one_full  flex_column_div av-zero-column-padding first  avia-builder-el-2  el_after_av_one_full  el_before_av_one_full  column-top-margin\" style='border-radius:0px; '><section class=\"av_textblock_section \"  itemscope=\"itemscope\" itemtype=\"https:\/\/schema.org\/BlogPosting\" itemprop=\"blogPost\" ><div class='avia_textblock  '   itemprop=\"text\" ><p style=\"text-align: center;\"><span style=\"font-size: 18pt;\"><strong>IPS llama a beneficiarios de leyes reparatorias a solicitar la PGU<\/strong><\/span><\/p>\n<div id=\"gtx-trans\" style=\"position: absolute; left: -50px; top: 4.31534px;\">\n<div class=\"gtx-trans-icon\"><\/div>\n<\/div>\n<\/div><\/section><\/div><div class=\"flex_column av_one_full  flex_column_div av-zero-column-padding first  avia-builder-el-4  el_after_av_one_full  el_before_av_hr  column-top-margin\" style='border-radius:0px; '><section class=\"av_textblock_section \"  itemscope=\"itemscope\" itemtype=\"https:\/\/schema.org\/BlogPosting\" itemprop=\"blogPost\" ><div class='avia_textblock  '   itemprop=\"text\" ><p style=\"text-align: justify;\"><em>Seg\u00fan lo contempla la <\/em><em>Reforma de Pensiones, e<\/em><em>n esta primera etapa, pueden solicitarla aquellas personas pensionadas de Rettig, Valech, Exoneradas pol\u00edticas o pensiones de Gracia, <\/em><em>de 82 a\u00f1os y m\u00e1s.<\/em><\/p>\n<p style=\"text-align: justify;\"><em>\u00a0<\/em><em>Para realizar consultas o ingresar su solicitud, pueden acercarse a las sucursales IPS ChileAtiende de Puerto Cisnes, Cochrane, Chile Chico, Puerto Ays\u00e9n o Coyhaique.<\/em><\/p>\n<p style=\"text-align: justify;\">Con el objetivo de reforzar el llamado a solicitar la Pensi\u00f3n Garantizada Universal (PGU) a las personas pensionadas por leyes de reparaci\u00f3n que, al 1 de septiembre tendr\u00e1n 82 a\u00f1os o m\u00e1s, el Instituto de Previsi\u00f3n Social (IPS) y la Subsecretar\u00eda de Previsi\u00f3n Social realizaron un encuentro con representantes de agrupaciones de beneficiarios del IPS vinculados a las pensiones de reparaci\u00f3n y de gracia.<\/p>\n<p style=\"text-align: justify;\">La actividad se llev\u00f3 a cabo en Santiago y fue replicada en simult\u00e1neo por <em>streaming<\/em> a todas las regiones del pa\u00eds, a trav\u00e9s de las direcciones regionales del IPS. En el caso de la regi\u00f3n Ays\u00e9n, la transmisi\u00f3n fue vista desde la Direcci\u00f3n Regional del IPS, en Coyhaique, junto a la directiva de la Agrupaci\u00f3n de DDHH de esta ciudad.<\/p>\n<p style=\"text-align: justify;\">Para la presidenta de la Agrupaci\u00f3n, Mar\u00eda Vera, destac\u00f3 el Seminario \u201cAumento Gradual PGU para Beneficiarios de Leyes Reparatorias\u201d organizado por Instituto de Previsi\u00f3n Social. \u201c(<em>Fue<\/em>) una instancia muy importante y fundamental para poder estar al tanto de los beneficios que se van a otorgar a partir de septiembre del del 2025 a todos aquellos que tienen la pensi\u00f3n Valech o Rettig y que por el momento no pod\u00edan postular a la PGU en su totalidad. Y ahora para poder hacerlo y sumar a la pensi\u00f3n que tienen, los 250 mil pesos que ser\u00e1 la PGU\u201d, manifest\u00f3 la presidenta de la Agrupaci\u00f3n de DDHH de Coyhaique.<\/p>\n<p style=\"text-align: justify;\">En esta misma l\u00ednea, el director regional del Instituto de Previsi\u00f3n Social, Rodrigo D\u00edaz Cordaro, inst\u00f3 a acercarse a las oficinas del IPS y realizar la postulaci\u00f3n. \u201cEl llamado para nosotros, como Instituto de Previsi\u00f3n Social con la Red ChileAtiende, es a los exonerados pol\u00edticos, a los que hoy tienen leyes reparatorias, Valech y Rettig, que tienen m\u00e1s de 82 a\u00f1os, es a que postulen\u2026 Hay que postular, no es autom\u00e1tico\u2026 Que postulen ahora, para que en septiembre puedan recibir este beneficio, al cual van a tener derecho\u2026 Y, por lo tanto, cumpliendo con los requisitos, van a poder sumar la Pensi\u00f3n Garantizada Universal a su beneficio\u201d, explic\u00f3 el directivo.<\/p>\n<p style=\"text-align: justify;\">\u00a0\u201cLo primero es invitarlos a que se acerquen a nuestras sucursales en Ays\u00e9n, en Cisnes, en Cochrane, en Chile Chico y por supuesto aqu\u00ed, en Coyhaique, para que hagan el tr\u00e1mite; y tambi\u00e9n, en las comunas m\u00e1s alejadas, en nuestros Puntos de Atenci\u00f3n Virtual Municipal donde hay convenio con los municipios. Pueden hacerlo en Guaitecas; en Cisnes, en Puyuhuapi y La Junta; en Tapera, en Tranquilo, en Tortel y en Villa O\u2019Higgins\u201d, a\u00f1adi\u00f3 D\u00edaz Cordaro.<\/p>\n<p style=\"text-align: justify;\">Por su parte, el seremi (S) del Trabajo y Previsi\u00f3n Social, Christian Aros, destac\u00f3 la iniciativa del Instituto y el avance que la Reforma de Pensiones trajo para las personas pensionadas por Leyes de Reparaci\u00f3n. \u201c\u201cActualmente, la mayor parte de quienes reciben beneficios de reparaci\u00f3n no tienen la Pensi\u00f3n Garantizada Universa, PGU. S\u00f3lo acceden a una parte de ella, en muy pocos casos, cuando su pensi\u00f3n de reparaci\u00f3n -Valech, Rettig o Exonerados- o de gracia es menor al monto m\u00e1ximo de ese beneficio. Desde ahora, con la Ley N\u00b0 21.735, si cumplen todos los requisitos, podr\u00e1n recibir el monto completo del beneficio, esto es, $250 mil pesos mensuales desde septiembre de este a\u00f1o, seg\u00fan un calendario por tramos de edad. Esto significa un gran avance en materia de pensiones, gracias a la Reforma Previsional\u201d, enfatiz\u00f3.<\/p>\n<p style=\"text-align: justify;\"><strong><br \/>\n\u201cEs primordial que todos dispongan de esta informaci\u00f3n\u201d<\/strong><\/p>\n<p style=\"text-align: justify;\">En Santiago en tanto, en el encuentro, el subsecretario de Previsi\u00f3n Social, Claudio Reyes, enfatiz\u00f3 la necesidad de que los beneficiarios y las beneficiarias de leyes reparatorias se informen respecto del incremento de la PGU a $250.000 que incorpora la Reforma de Pensiones, especialmente en el primer reajuste que entrar\u00e1 en r\u00e9gimen en el mes de septiembre para las personas de 82 a\u00f1os y m\u00e1s.<\/p>\n<p style=\"text-align: justify;\"><em>\u00abEs importante que este conocimiento se difunda porque esta Pensi\u00f3n Garantizada Universal, en el caso de este grupo de beneficiarios, tiene que ser solicitada, lo que ya se puede hacer a partir del mes de junio, recordando que deben tener el Registro Social de Hogares\u00bb<\/em>, dijo el subsecretario. <em>\u00abEs primordial que todos dispongan de esta informaci\u00f3n para que los beneficiarios logren ejercer este derecho\u00bb<\/em>, afirm\u00f3 la autoridad.<\/p>\n<p style=\"text-align: justify;\">A su vez, el director nacional del IPS, Juan Jos\u00e9 C\u00e1rcamo Hemmelmann, se\u00f1al\u00f3 que \u201ce<em>l llamado para quienes nos est\u00e1n escuchando y conocen a alguna persona de 82 a\u00f1os y m\u00e1s, que tiene un beneficio de reparaci\u00f3n, es transmitirle esta informaci\u00f3n y tratar, en lo posible, de orientarla para pedir el beneficio en <strong>www.chileatiende.cl <\/strong>o una de nuestras<strong> 202 sucursales ChileAtiende<\/strong> a lo largo del pa\u00eds\u201d<\/em>.<\/p>\n<p style=\"text-align: justify;\">Cabe recordar, adem\u00e1s, que en el mismo mes de septiembre la PGU subir\u00e1 a 250 mil pesos para <strong>todas las personas de 82 o m\u00e1s a\u00f1os que ya la est\u00e9n recibiendo<\/strong>, en forma autom\u00e1tica, sin necesidad de hacer una solicitud.\u00a0 Para los dem\u00e1s grupos de edad, hay un calendario que culmina el 2027.<\/p>\n<p style=\"text-align: justify;\"><strong><br \/>\n\u00bfCu\u00e1ndo pueden solicitar la PGU las personas con beneficios de reparaci\u00f3n, seg\u00fan su edad?<\/strong><\/p>\n<table>\n<tbody>\n<tr>\n<td width=\"226\"><strong>Edad exigida a septiembre<\/strong><\/p>\n<p><strong>de cada a\u00f1o<\/strong><\/td>\n<td width=\"340\"><strong>Fecha desde la que se puede presentar solicitud de PGU una persona con pensi\u00f3n de reparaci\u00f3n<\/strong><\/td>\n<\/tr>\n<tr>\n<td width=\"226\">Grupo 82 a\u00f1os o m\u00e1s<\/td>\n<td width=\"340\">Junio 2025<\/td>\n<\/tr>\n<tr>\n<td width=\"226\">Grupo 75 a\u00f1os o m\u00e1s<\/td>\n<td width=\"340\">Junio 2026<\/td>\n<\/tr>\n<tr>\n<td width=\"226\">Grupo 65 a\u00f1os o m\u00e1s<\/td>\n<td width=\"340\">Junio 2027<\/td>\n<\/tr>\n<\/tbody>\n<\/table>\n<p style=\"text-align: justify;\"><strong>Requisitos de la PGU<\/strong><\/p>\n<p style=\"text-align: justify;\"><strong>\u00a0<\/strong>Los principales requisitos \u00a0para obtener la PGU son: tener 65 a\u00f1os o m\u00e1s; no integrar un grupo familiar del 10 % m\u00e1s rico de la poblaci\u00f3n del pa\u00eds (esto se determina en el IPS); tener una pensi\u00f3n base calculada menor o igual a $1.210.828 (no se considera como parte de la pensi\u00f3n base el beneficio por ley de reparaci\u00f3n); y acreditar al menos 20 a\u00f1os de residencia en Chile desde los 20 a\u00f1os, y 4 de los \u00faltimos 5 a\u00f1os anteriores a la fecha de la solicitud.<\/p>\n<p style=\"text-align: justify;\"><strong>\u00a0<\/strong><\/p>\n<p style=\"text-align: justify;\"><strong>\u00bfD\u00f3nde solicitar la PGU?<\/strong><\/p>\n<p style=\"text-align: justify;\"><strong>\u00a0<\/strong>El IPS ha habilitado distintas maneras de solicitar el beneficio:<\/p>\n<ul style=\"text-align: justify;\">\n<li>En sucursales ChileAtiende del Instituto de Previsi\u00f3n Social.<\/li>\n<li>Por Internet: en www.chileatiende.cl con Clave\u00danica. Tambi\u00e9n por Videoatenci\u00f3n en ese mismo sitio, en este caso sin necesidad de Clave\u00danica.<\/li>\n<li>En el municipio, AFP o compa\u00f1\u00edas de seguros (si se est\u00e1 afiliado a una de esas entidades).<\/li>\n<\/ul>\n<p style=\"text-align: justify;\">Para m\u00e1s informaci\u00f3n, las personas pueden llamar al <strong>Cal Center 101 <\/strong>de <strong>ChileAtiende<\/strong>, al <strong>600 440 0040<\/strong> o escribir a las redes sociales <strong>@ChileAtiende<\/strong> en X, Facebook e Instagram.<\/p>\n<\/div><\/section><\/div><div  style='height:50px' class='hr hr-invisible   avia-builder-el-6  el_after_av_one_full  el_before_av_social_share '><span class='hr-inner ' ><span class='hr-inner-style'><\/span><\/span><\/div><\/p>\n<div  class='av-social-sharing-box  avia-builder-el-7  el_after_av_hr  el_before_av_hr  '><div class='av-share-box'><h5 class='av-share-link-description av-no-toc '>Compartir esta noticia<\/h5><ul class='av-share-box-list noLightbox'><li class='av-share-link av-social-link-facebook' ><a target=\"_blank\" aria-label=\"Compartir en Facebook\" href='https:\/\/www.facebook.com\/sharer.php?u=https:\/\/radiorevelacionfm.cl\/?p=56390&#038;t=IPS%20llama%20a%20beneficiarios%20de%20leyes%20reparatorias%20a%20solicitar%20la%20PGU' aria-hidden='false' data-av_icon='\ue8f3' data-av_iconfont='entypo-fontello' title='' data-avia-related-tooltip='Compartir en Facebook' rel=\"noopener\"><span class='avia_hidden_link_text'>Compartir en Facebook<\/span><\/a><\/li><li class='av-share-link av-social-link-twitter' ><a target=\"_blank\" aria-label=\"Compartir en Twitter\" href='https:\/\/twitter.com\/share?text=IPS%20llama%20a%20beneficiarios%20de%20leyes%20reparatorias%20a%20solicitar%20la%20PGU&#038;url=https:\/\/radiorevelacionfm.cl\/?p=56390' aria-hidden='false' data-av_icon='\ue8f1' data-av_iconfont='entypo-fontello' title='' data-avia-related-tooltip='Compartir en Twitter' rel=\"noopener\"><span class='avia_hidden_link_text'>Compartir en Twitter<\/span><\/a><\/li><li class='av-share-link av-social-link-whatsapp' ><a target=\"_blank\" aria-label=\"Compartir en Whatsapp\" href='https:\/\/api.whatsapp.com\/send?text=https:\/\/radiorevelacionfm.cl\/?p=56390' aria-hidden='false' data-av_icon='\uf232' data-av_iconfont='entypo-fontello' title='' data-avia-related-tooltip='Compartir en Whatsapp' rel=\"noopener\"><span class='avia_hidden_link_text'>Compartir en Whatsapp<\/span><\/a><\/li><li class='av-share-link av-social-link-linkedin' ><a target=\"_blank\" aria-label=\"Compartir en LinkedIn\" href='https:\/\/linkedin.com\/shareArticle?mini=true&#038;title=IPS%20llama%20a%20beneficiarios%20de%20leyes%20reparatorias%20a%20solicitar%20la%20PGU&#038;url=https:\/\/radiorevelacionfm.cl\/?p=56390' aria-hidden='false' data-av_icon='\ue8fc' data-av_iconfont='entypo-fontello' title='' data-avia-related-tooltip='Compartir en LinkedIn' rel=\"noopener\"><span class='avia_hidden_link_text'>Compartir en LinkedIn<\/span><\/a><\/li><li class='av-share-link av-social-link-mail' ><a  aria-label=\"Compartir por correo\" href='mailto:?subject=IPS%20llama%20a%20beneficiarios%20de%20leyes%20reparatorias%20a%20solicitar%20la%20PGU&#038;body=https:\/\/radiorevelacionfm.cl\/?p=56390' aria-hidden='false' data-av_icon='\ue805' data-av_iconfont='entypo-fontello' title='' data-avia-related-tooltip='Compartir por correo'><span class='avia_hidden_link_text'>Compartir por correo<\/span><\/a><\/li><\/ul><\/div><\/div>\n<div  style='height:50px' class='hr hr-invisible   avia-builder-el-8  el_after_av_social_share  el_before_av_comments_list '><span class='hr-inner ' ><span class='hr-inner-style'><\/span><\/span><\/div>\n<div  class='av-buildercomment  av-blog-meta-html-info-disabled av-blog-meta-tag-disabled  '><\/div>\n","protected":false},"excerpt":{"rendered":"","protected":false},"author":1,"featured_media":56391,"comment_status":"closed","ping_status":"closed","sticky":false,"template":"","format":"standard","meta":{"footnotes":""},"categories":[62],"tags":[],"class_list":["post-56390","post","type-post","status-publish","format-standard","has-post-thumbnail","hentry","category-social"],"jetpack_featured_media_url":"https:\/\/radiorevelacionfm.cl\/wp-content\/uploads\/2025\/07\/ips2-aysEn-y-agrup-ddhh-coyh-1_optimized.jpeg","_links":{"self":[{"href":"https:\/\/radiorevelacionfm.cl\/index.php?rest_route=\/wp\/v2\/posts\/56390","targetHints":{"allow":["GET"]}}],"collection":[{"href":"https:\/\/radiorevelacionfm.cl\/index.php?rest_route=\/wp\/v2\/posts"}],"about":[{"href":"https:\/\/radiorevelacionfm.cl\/index.php?rest_route=\/wp\/v2\/types\/post"}],"author":[{"embeddable":true,"href":"https:\/\/radiorevelacionfm.cl\/index.php?rest_route=\/wp\/v2\/users\/1"}],"replies":[{"embeddable":true,"href":"https:\/\/radiorevelacionfm.cl\/index.php?rest_route=%2Fwp%2Fv2%2Fcomments&post=56390"}],"version-history":[{"count":2,"href":"https:\/\/radiorevelacionfm.cl\/index.php?rest_route=\/wp\/v2\/posts\/56390\/revisions"}],"predecessor-version":[{"id":56393,"href":"https:\/\/radiorevelacionfm.cl\/index.php?rest_route=\/wp\/v2\/posts\/56390\/revisions\/56393"}],"wp:featuredmedia":[{"embeddable":true,"href":"https:\/\/radiorevelacionfm.cl\/index.php?rest_route=\/wp\/v2\/media\/56391"}],"wp:attachment":[{"href":"https:\/\/radiorevelacionfm.cl\/index.php?rest_route=%2Fwp%2Fv2%2Fmedia&parent=56390"}],"wp:term":[{"taxonomy":"category","embeddable":true,"href":"https:\/\/radiorevelacionfm.cl\/index.php?rest_route=%2Fwp%2Fv2%2Fcategories&post=56390"},{"taxonomy":"post_tag","embeddable":true,"href":"https:\/\/radiorevelacionfm.cl\/index.php?rest_route=%2Fwp%2Fv2%2Ftags&post=56390"}],"curies":[{"name":"wp","href":"https:\/\/api.w.org\/{rel}","templated":true}]}}