{"id":56386,"date":"2025-07-10T17:00:02","date_gmt":"2025-07-10T20:00:02","guid":{"rendered":"https:\/\/radiorevelacionfm.cl\/?p=56386"},"modified":"2025-07-10T17:00:02","modified_gmt":"2025-07-10T20:00:02","slug":"creacion-cultura-y-personas-mayores-cuando-el-arte-es-bienestar","status":"publish","type":"post","link":"https:\/\/radiorevelacionfm.cl\/?p=56386","title":{"rendered":"Creaci\u00f3n, cultura y personas mayores: Cuando el arte es bienestar"},"content":{"rendered":"<div class=\"flex_column av_one_full  flex_column_div av-zero-column-padding first  avia-builder-el-0  el_before_av_one_full  avia-builder-el-first  \" style='border-radius:0px; '><div  class='avia-image-container  av-styling-    avia-builder-el-1  avia-builder-el-no-sibling  avia-align-center '  itemprop=\"image\" itemscope=\"itemscope\" itemtype=\"https:\/\/schema.org\/ImageObject\"  ><div class='avia-image-container-inner'><div class='avia-image-overlay-wrap'><img decoding=\"async\" class='wp-image-56387 avia-img-lazy-loading-not-56387 avia_image' src=\"https:\/\/radiorevelacionfm.cl\/wp-content\/uploads\/2025\/07\/RAVA-ADULTOS-MAYORES1-1-1.jpeg\" alt='' title='RAVA ADULTOS MAYORES1 (1) (1)' height=\"600\" width=\"900\"  itemprop=\"thumbnailUrl\" srcset=\"https:\/\/radiorevelacionfm.cl\/wp-content\/uploads\/2025\/07\/RAVA-ADULTOS-MAYORES1-1-1.jpeg 900w, https:\/\/radiorevelacionfm.cl\/wp-content\/uploads\/2025\/07\/RAVA-ADULTOS-MAYORES1-1-1-300x200.jpeg 300w, https:\/\/radiorevelacionfm.cl\/wp-content\/uploads\/2025\/07\/RAVA-ADULTOS-MAYORES1-1-1-768x512.jpeg 768w, https:\/\/radiorevelacionfm.cl\/wp-content\/uploads\/2025\/07\/RAVA-ADULTOS-MAYORES1-1-1-705x470.jpeg 705w, https:\/\/radiorevelacionfm.cl\/wp-content\/uploads\/2025\/07\/RAVA-ADULTOS-MAYORES1-1-1-450x300.jpeg 450w, https:\/\/radiorevelacionfm.cl\/wp-content\/uploads\/2025\/07\/RAVA-ADULTOS-MAYORES1-1-1-600x400.jpeg 600w\" sizes=\"(max-width: 900px) 100vw, 900px\" \/><\/div><\/div><\/div><\/div><div class=\"flex_column av_one_full  flex_column_div av-zero-column-padding first  avia-builder-el-2  el_after_av_one_full  el_before_av_one_full  column-top-margin\" style='border-radius:0px; '><section class=\"av_textblock_section \"  itemscope=\"itemscope\" itemtype=\"https:\/\/schema.org\/BlogPosting\" itemprop=\"blogPost\" ><div class='avia_textblock  '   itemprop=\"text\" ><p style=\"text-align: center;\"><span style=\"font-size: 18pt;\"><b>Creaci\u00f3n, cultura y personas mayores: Cuando el arte es bienestar<\/b><\/span><\/p>\n<div id=\"gtx-trans\" style=\"position: absolute; left: -50px; top: 4.31534px;\">\n<div class=\"gtx-trans-icon\"><\/div>\n<\/div>\n<\/div><\/section><\/div><div class=\"flex_column av_one_full  flex_column_div av-zero-column-padding first  avia-builder-el-4  el_after_av_one_full  el_before_av_hr  column-top-margin\" style='border-radius:0px; '><section class=\"av_textblock_section \"  itemscope=\"itemscope\" itemtype=\"https:\/\/schema.org\/BlogPosting\" itemprop=\"blogPost\" ><div class='avia_textblock  '   itemprop=\"text\" ><div class=\"v1elementToProof\" style=\"text-align: justify;\">A pocos meses de que se cumplan 80 a\u00f1os de la entrega del Premio Nobel de Literatura a la poeta y educadora chilena, Gabriela Mistral, la Seremi de Culturas Ays\u00e9n y la Red de Artistas Visuales RAVA Ays\u00e9n han hecho carne una de sus principales motivaciones pedag\u00f3gicas: defender el arte como una necesidad del alma humana.<\/div>\n<div class=\"v1elementToProof\" style=\"text-align: justify;\"><\/div>\n<div class=\"v1elementToProof\" style=\"text-align: justify;\">Con esta premisa, y con motivo de la pr\u00f3xima celebraci\u00f3n de los d\u00edas de la Fotograf\u00eda y de las Artes Visuales, parte del equipo de RAVA se traslad\u00f3 al Centro de D\u00eda San Vicente de Paul de Puerto Ays\u00e9n, que atiende a personas mayores de la ciudad.\u00a0 Durante cuatro jornadas trabajaron un creativo Taller de Artes Visuales, transformando con cultura y arte sus rutinas diarias.<\/div>\n<div class=\"v1elementToProof\" style=\"text-align: justify;\"><\/div>\n<div class=\"v1elementToProof\" style=\"text-align: justify;\">Alguna vez, el general franc\u00e9s Charles de Gaulle dijo que \u00abla vejez es un naufragio\u00bb. La historia sugiere que Gabriela Mistral retruc\u00f3 en una de sus cartas que \u00abla vejez no es\u00a0 un naufragio, si alguien la acompa\u00f1a\u00bb. As\u00ed lo ha sentido Mar\u00eda Chiguay durante las cuatro jornadas del taller, donde no solo ha aprendido t\u00e9cnicas de retrato y autorretrato y a trabajar con telas, sino tambi\u00e9n ha participado de un creativo di\u00e1logo en comunidad con sus pares de Puerto Ays\u00e9n: \u00abHa sido muy lindo, muy bonita experiencia, a pesar de que yo de arte s\u00e9 bien poco, casi nada, pero estoy aprendiendo y es muy bonito, me encant\u00f3. Estamos haci\u00e9ndolo porque uno nunca termina de aprender, es muy entretenido. Conversamos con las otras se\u00f1oras y nos damos ideas unas con otras\u00bb.<\/div>\n<div class=\"v1elementToProof\" style=\"text-align: justify;\"><\/div>\n<div class=\"v1elementToProof\" style=\"text-align: justify;\">El seremi de Culturas Ays\u00e9n, Felipe Quiroz, dijo que \u00abvincular la poes\u00eda y el legado de Gabriela Mistral con el trabajo que estamos impulsando junto a RAVA no solo es natural, sino necesario. Nuestra poeta fundamental comprendi\u00f3 profundamente el valor transformador del arte y su impacto en la vida de las personas. Estos talleres encarnan ese mismo esp\u00edritu: promueven la creaci\u00f3n, el bienestar y el encuentro. Son espacios seguros, de acompa\u00f1amiento y dignidad para una parte fundamental de nuestra comunidad, que el Estado y la sociedad no pueden, ni deben, dejar atr\u00e1s\u00bb.<\/div>\n<div class=\"v1elementToProof\" style=\"text-align: justify;\"><\/div>\n<div class=\"v1elementToProof\" style=\"text-align: justify;\">La artista visual Cristina Pustela fue parte del equipo que desarroll\u00f3 los talleres: \u00abLa conexi\u00f3n que tuvimos con ellos fue bastante linda porque muchos recordaban sus infancias con los poemas de Gabriela Mistral. Ellas y ellos incluso recitaron algunos poemas y alguno hasta recit\u00f3 poemas propios. Fue bastante linda la retroalimentaci\u00f3n que se cre\u00f3, la conexi\u00f3n con Gabriela Mistral. Ellos y ellas, al sentirse identificados en su ni\u00f1ez con eso&#8230; era parte fundamental de la educaci\u00f3n que ellos tuvieron cuando ni\u00f1os. Y lo otro es la conexi\u00f3n que tienen ciertos poemas de Gabriela con lo natural, con el entorno. Nos enfocamos mucho en eso con Tania Morgado porque ac\u00e1 es tan exuberante la naturaleza y ac\u00e1 es mucho m\u00e1s en cuanto a color, forma y cantidad amontonada de vegetaci\u00f3n. Hicimos un gran mural en tela que ellos mismos recortaron y pegaron. Y dibujamos el cerro Cord\u00f3n en grande. Qued\u00f3 un gran mural textil confeccionado por ellos y ellas. Despu\u00e9s, cada autorretrato que crearon lo intervinieron con distintos elementos\u00bb.<\/div>\n<div class=\"v1elementToProof\" style=\"text-align: justify;\"><\/div>\n<div class=\"v1elementToProof\" style=\"text-align: justify;\">Los talleres que dictaron los artistas visuales de RAVA para pacientes del Hospital De D\u00eda en Coyhaique y con adultos mayores de Puerto Ays\u00e9n culminar\u00e1n con muestras p\u00fablicas en La Feria Las Quintas de Coyhaique y Ribera Sur de Puerto Ays\u00e9n, donde se exhibir\u00e1n los resultados y obras que crearon las y los participantes. Horarios y fechas estar\u00e1n disponibles en las redes sociales de RAVA y Culturas Ays\u00e9n.<\/div>\n<\/div><\/section><\/div><div  style='height:50px' class='hr hr-invisible   avia-builder-el-6  el_after_av_one_full  el_before_av_social_share '><span class='hr-inner ' ><span class='hr-inner-style'><\/span><\/span><\/div><\/p>\n<div  class='av-social-sharing-box  avia-builder-el-7  el_after_av_hr  el_before_av_hr  '><div class='av-share-box'><h5 class='av-share-link-description av-no-toc '>Compartir esta noticia<\/h5><ul class='av-share-box-list noLightbox'><li class='av-share-link av-social-link-facebook' ><a target=\"_blank\" aria-label=\"Compartir en Facebook\" href='https:\/\/www.facebook.com\/sharer.php?u=https:\/\/radiorevelacionfm.cl\/?p=56386&#038;t=Creaci%C3%B3n%2C%20cultura%20y%20personas%20mayores%3A%20Cuando%20el%20arte%20es%20bienestar' aria-hidden='false' data-av_icon='\ue8f3' data-av_iconfont='entypo-fontello' title='' data-avia-related-tooltip='Compartir en Facebook' rel=\"noopener\"><span class='avia_hidden_link_text'>Compartir en Facebook<\/span><\/a><\/li><li class='av-share-link av-social-link-twitter' ><a target=\"_blank\" aria-label=\"Compartir en Twitter\" href='https:\/\/twitter.com\/share?text=Creaci%C3%B3n%2C%20cultura%20y%20personas%20mayores%3A%20Cuando%20el%20arte%20es%20bienestar&#038;url=https:\/\/radiorevelacionfm.cl\/?p=56386' aria-hidden='false' data-av_icon='\ue8f1' data-av_iconfont='entypo-fontello' title='' data-avia-related-tooltip='Compartir en Twitter' rel=\"noopener\"><span class='avia_hidden_link_text'>Compartir en Twitter<\/span><\/a><\/li><li class='av-share-link av-social-link-whatsapp' ><a target=\"_blank\" aria-label=\"Compartir en Whatsapp\" href='https:\/\/api.whatsapp.com\/send?text=https:\/\/radiorevelacionfm.cl\/?p=56386' aria-hidden='false' data-av_icon='\uf232' data-av_iconfont='entypo-fontello' title='' data-avia-related-tooltip='Compartir en Whatsapp' rel=\"noopener\"><span class='avia_hidden_link_text'>Compartir en Whatsapp<\/span><\/a><\/li><li class='av-share-link av-social-link-linkedin' ><a target=\"_blank\" aria-label=\"Compartir en LinkedIn\" href='https:\/\/linkedin.com\/shareArticle?mini=true&#038;title=Creaci%C3%B3n%2C%20cultura%20y%20personas%20mayores%3A%20Cuando%20el%20arte%20es%20bienestar&#038;url=https:\/\/radiorevelacionfm.cl\/?p=56386' aria-hidden='false' data-av_icon='\ue8fc' data-av_iconfont='entypo-fontello' title='' data-avia-related-tooltip='Compartir en LinkedIn' rel=\"noopener\"><span class='avia_hidden_link_text'>Compartir en LinkedIn<\/span><\/a><\/li><li class='av-share-link av-social-link-mail' ><a  aria-label=\"Compartir por correo\" href='mailto:?subject=Creaci%C3%B3n%2C%20cultura%20y%20personas%20mayores%3A%20Cuando%20el%20arte%20es%20bienestar&#038;body=https:\/\/radiorevelacionfm.cl\/?p=56386' aria-hidden='false' data-av_icon='\ue805' data-av_iconfont='entypo-fontello' title='' data-avia-related-tooltip='Compartir por correo'><span class='avia_hidden_link_text'>Compartir por correo<\/span><\/a><\/li><\/ul><\/div><\/div>\n<div  style='height:50px' class='hr hr-invisible   avia-builder-el-8  el_after_av_social_share  el_before_av_comments_list '><span class='hr-inner ' ><span class='hr-inner-style'><\/span><\/span><\/div>\n<div  class='av-buildercomment  av-blog-meta-html-info-disabled av-blog-meta-tag-disabled  '><\/div>\n","protected":false},"excerpt":{"rendered":"","protected":false},"author":1,"featured_media":56387,"comment_status":"closed","ping_status":"closed","sticky":false,"template":"","format":"standard","meta":{"footnotes":""},"categories":[52],"tags":[],"class_list":["post-56386","post","type-post","status-publish","format-standard","has-post-thumbnail","hentry","category-cultura"],"jetpack_featured_media_url":"https:\/\/radiorevelacionfm.cl\/wp-content\/uploads\/2025\/07\/RAVA-ADULTOS-MAYORES1-1-1.jpeg","_links":{"self":[{"href":"https:\/\/radiorevelacionfm.cl\/index.php?rest_route=\/wp\/v2\/posts\/56386","targetHints":{"allow":["GET"]}}],"collection":[{"href":"https:\/\/radiorevelacionfm.cl\/index.php?rest_route=\/wp\/v2\/posts"}],"about":[{"href":"https:\/\/radiorevelacionfm.cl\/index.php?rest_route=\/wp\/v2\/types\/post"}],"author":[{"embeddable":true,"href":"https:\/\/radiorevelacionfm.cl\/index.php?rest_route=\/wp\/v2\/users\/1"}],"replies":[{"embeddable":true,"href":"https:\/\/radiorevelacionfm.cl\/index.php?rest_route=%2Fwp%2Fv2%2Fcomments&post=56386"}],"version-history":[{"count":2,"href":"https:\/\/radiorevelacionfm.cl\/index.php?rest_route=\/wp\/v2\/posts\/56386\/revisions"}],"predecessor-version":[{"id":56389,"href":"https:\/\/radiorevelacionfm.cl\/index.php?rest_route=\/wp\/v2\/posts\/56386\/revisions\/56389"}],"wp:featuredmedia":[{"embeddable":true,"href":"https:\/\/radiorevelacionfm.cl\/index.php?rest_route=\/wp\/v2\/media\/56387"}],"wp:attachment":[{"href":"https:\/\/radiorevelacionfm.cl\/index.php?rest_route=%2Fwp%2Fv2%2Fmedia&parent=56386"}],"wp:term":[{"taxonomy":"category","embeddable":true,"href":"https:\/\/radiorevelacionfm.cl\/index.php?rest_route=%2Fwp%2Fv2%2Fcategories&post=56386"},{"taxonomy":"post_tag","embeddable":true,"href":"https:\/\/radiorevelacionfm.cl\/index.php?rest_route=%2Fwp%2Fv2%2Ftags&post=56386"}],"curies":[{"name":"wp","href":"https:\/\/api.w.org\/{rel}","templated":true}]}}