{"id":56382,"date":"2025-07-12T12:51:51","date_gmt":"2025-07-12T15:51:51","guid":{"rendered":"https:\/\/radiorevelacionfm.cl\/?p=56382"},"modified":"2025-07-12T14:47:27","modified_gmt":"2025-07-12T17:47:27","slug":"estrenan-nueva-temporada-del-podcast-ciencia-al-fin-del-mundo-con-destacados-investigadores-de-la-macrozona","status":"publish","type":"post","link":"https:\/\/radiorevelacionfm.cl\/?p=56382","title":{"rendered":"Estrenan nueva temporada del podcast Ciencia al fin del mundo con destacados investigadores de la Macrozona"},"content":{"rendered":"<div class=\"flex_column av_one_full  flex_column_div av-zero-column-padding first  avia-builder-el-0  el_before_av_one_full  avia-builder-el-first  \" style='border-radius:0px; '><div  class='avia-image-container  av-styling-    avia-builder-el-1  avia-builder-el-no-sibling  avia-align-center '  itemprop=\"image\" itemscope=\"itemscope\" itemtype=\"https:\/\/schema.org\/ImageObject\"  ><div class='avia-image-container-inner'><div class='avia-image-overlay-wrap'><img decoding=\"async\" class='wp-image-56474 avia-img-lazy-loading-not-56474 avia_image' src=\"https:\/\/radiorevelacionfm.cl\/wp-content\/uploads\/2025\/07\/portada-ilustracion-1-2-1_optimized-1.jpg\" alt='' title='portada-ilustraci\u00f3n-(1)-(2)-(1)_optimized (1)' height=\"800\" width=\"800\"  itemprop=\"thumbnailUrl\" srcset=\"https:\/\/radiorevelacionfm.cl\/wp-content\/uploads\/2025\/07\/portada-ilustracion-1-2-1_optimized-1.jpg 800w, https:\/\/radiorevelacionfm.cl\/wp-content\/uploads\/2025\/07\/portada-ilustracion-1-2-1_optimized-1-300x300.jpg 300w, https:\/\/radiorevelacionfm.cl\/wp-content\/uploads\/2025\/07\/portada-ilustracion-1-2-1_optimized-1-80x80.jpg 80w, https:\/\/radiorevelacionfm.cl\/wp-content\/uploads\/2025\/07\/portada-ilustracion-1-2-1_optimized-1-768x768.jpg 768w, https:\/\/radiorevelacionfm.cl\/wp-content\/uploads\/2025\/07\/portada-ilustracion-1-2-1_optimized-1-36x36.jpg 36w, https:\/\/radiorevelacionfm.cl\/wp-content\/uploads\/2025\/07\/portada-ilustracion-1-2-1_optimized-1-180x180.jpg 180w, https:\/\/radiorevelacionfm.cl\/wp-content\/uploads\/2025\/07\/portada-ilustracion-1-2-1_optimized-1-705x705.jpg 705w, https:\/\/radiorevelacionfm.cl\/wp-content\/uploads\/2025\/07\/portada-ilustracion-1-2-1_optimized-1-120x120.jpg 120w, https:\/\/radiorevelacionfm.cl\/wp-content\/uploads\/2025\/07\/portada-ilustracion-1-2-1_optimized-1-450x450.jpg 450w, https:\/\/radiorevelacionfm.cl\/wp-content\/uploads\/2025\/07\/portada-ilustracion-1-2-1_optimized-1-600x600.jpg 600w, https:\/\/radiorevelacionfm.cl\/wp-content\/uploads\/2025\/07\/portada-ilustracion-1-2-1_optimized-1-100x100.jpg 100w\" sizes=\"(max-width: 800px) 100vw, 800px\" \/><\/div><\/div><\/div><\/div><div class=\"flex_column av_one_full  flex_column_div av-zero-column-padding first  avia-builder-el-2  el_after_av_one_full  el_before_av_one_full  column-top-margin\" style='border-radius:0px; '><section class=\"av_textblock_section \"  itemscope=\"itemscope\" itemtype=\"https:\/\/schema.org\/BlogPosting\" itemprop=\"blogPost\" ><div class='avia_textblock  '   itemprop=\"text\" ><p dir=\"ltr\" style=\"text-align: center;\"><strong><span style=\"font-size: 18pt;\">Estrenan nueva temporada del podcast Ciencia al fin del mundo\u00a0con destacados investigadores de la Macrozona<\/span><\/strong><\/p>\n<div id=\"gtx-trans\" style=\"position: absolute; left: -50px; top: 4.31534px;\">\n<div class=\"gtx-trans-icon\"><\/div>\n<\/div>\n<\/div><\/section><\/div><\/p>\n<div class=\"flex_column av_one_full  flex_column_div av-zero-column-padding first  avia-builder-el-4  el_after_av_one_full  el_before_av_hr  column-top-margin\" style='border-radius:0px; '><section class=\"av_textblock_section \"  itemscope=\"itemscope\" itemtype=\"https:\/\/schema.org\/BlogPosting\" itemprop=\"blogPost\" ><div class='avia_textblock  '   itemprop=\"text\" ><p dir=\"ltr\" style=\"text-align: justify;\"><em>Este podcast, desarrollado por Nodo Ciencia Austral, estren\u00f3 su segunda temporada en Spotify y radios de la Macrozona Austral, buscando acercar el conocimiento cient\u00edfico a las comunidades de Ays\u00e9n y Magallanes. La primera invitada de la temporada fue Judith Pardo, destacada paleont\u00f3loga de Punta Arenas quien relata sus fascinantes hallazgos de ictiosaurios.\u00a0<\/em><\/p>\n<p dir=\"ltr\" style=\"text-align: justify;\">\u201cDesde los fiordos, bosques, cordilleras y estepas de la Patagonia chilena, nace Ciencia al fin del mundo\u201d. As\u00ed comienza cada cap\u00edtulo del podcast desarrollado por el equipo de comunicaciones de la red colaborativa Nodo Ciencia Austral.<\/p>\n<p dir=\"ltr\" style=\"text-align: justify;\">\u201cEn un mundo cada vez m\u00e1s complejo, comprender c\u00f3mo funciona la ciencia y su impacto en la vida humana y no humana es crucial para tomar mejores decisiones, tanto personales como comunitarias. Los podcasts, en este contexto, son herramientas fascinantes para la divulgaci\u00f3n cient\u00edfica, tienen adem\u00e1s esa gracia de ser atemporales y sin fronteras\u201d, comenta la conductora Catalina Espinosa, quien integra el equipo de comunicaciones de Nodo Ciencia Austral y el Centro de Investigaci\u00f3n en Ecosistemas de la Patagonia.<\/p>\n<p dir=\"ltr\" style=\"text-align: justify;\">Este podcast y programa radial tiene un prop\u00f3sito claro: visibilizar y socializar el conocimiento cient\u00edfico que se genera en los territorios australes. \u201cA trav\u00e9s de conversaciones enriquecedoras, y siempre en un formato ameno y cercano, buscamos tejer redes entre las regiones de Ays\u00e9n y Magallanes y de la Ant\u00e1rtica Chilena, acercando las voces de investigadoras, investigadores y divulgadores que comparten su pasi\u00f3n y experiencia\u201d, cuenta la periodista Jessica Pichulaf, conductora del podcast y tambi\u00e9n coordinadora de Nodo Ciencia Austral para la Regi\u00f3n de Ays\u00e9n.<\/p>\n<p dir=\"ltr\" style=\"text-align: justify;\">Glaciares, paleontolog\u00eda, Ant\u00e1rtica, turberas y la conexi\u00f3n entre arte y ciencia, son algunos de los temas centrales de esta segunda temporada, que puede escucharse a trav\u00e9s de la plataforma <a href=\"https:\/\/open.spotify.com\/show\/4YUPgSkwY4VcUR8R5iEGet?si=73bf26cef0d84714\" target=\"_blank\" rel=\"noopener\" data-saferedirecturl=\"https:\/\/www.google.com\/url?q=https:\/\/open.spotify.com\/show\/4YUPgSkwY4VcUR8R5iEGet?si%3D73bf26cef0d84714&amp;source=gmail&amp;ust=1752251960671000&amp;usg=AOvVaw0DSfL_oxVxc_r4G0L2pD4L\">Spotify<\/a>, el <a href=\"https:\/\/www.youtube.com\/results?search_query=nodo+ciencia+austral\" target=\"_blank\" rel=\"noopener\" data-saferedirecturl=\"https:\/\/www.google.com\/url?q=https:\/\/www.youtube.com\/results?search_query%3Dnodo%2Bciencia%2Baustral&amp;source=gmail&amp;ust=1752251960671000&amp;usg=AOvVaw3AZKTyc1VS0f0PRx2WcbBe\">canal de youtube de Nodo Ciencia Austral<\/a> y tambi\u00e9n en las radios Santa Mar\u00eda para la regi\u00f3n de Ays\u00e9n y Presidente Ib\u00e1\u00f1ez para la regi\u00f3n de Magallanes y de la Ant\u00e1rtica Chilena.<\/p>\n<p dir=\"ltr\" style=\"text-align: justify;\">Comenzando julio se estren\u00f3 el primer episodio de esta temporada, que tuvo como invitada a la destacada paleont\u00f3loga chilena Judith Pardo, acad\u00e9mica de la Universidad de Magallanes, quien ha dedicado su vida a investigar y rescatar la historia de los ictiosaurios\u00a0 (antiguos reptiles marinos que vivieron hace millones de a\u00f1os). Gracias a sus descubrimientos\u00a0 -que relata con fascinantes detalles en el podcast- realizados en el glaciar Tyndall, \u00e9ste se ha convertido en un lugar \u00fanico para la paleontolog\u00eda mundial.<\/p>\n<p dir=\"ltr\" style=\"text-align: justify;\">Para esta temporada, los otros invitados e invitadas son: Rodrigo Torres, bi\u00f3logo marino e investigador del Centro de Investigaci\u00f3n en Ecosistemas de la Patagonia (CIEP); Mar\u00eda Paz Mart\u00ednez, licenciada en ciencias biol\u00f3gicas e investigadora del Instituto Nacional de Innovaci\u00f3n Agraria (INIA); Sandra Ulloa, artista medial del colectivo Liquen Lab; Elias Barticevic, periodista e investigador del Instituto Ant\u00e1rtico Chileno (INACH); I\u00f1igo Irarrazabal, glaci\u00f3logo e investigador CIEP;\u00a0 Juan Jos\u00e9 Gaete, ge\u00f3grafo y realizador el geoportal Ciencia Austral; y tambi\u00e9n la divulgadora cient\u00edfica N\u00e9lida Pohl, quien convers\u00f3 con Ciencia al fin del mundo durante su paso por Coyhaique.<\/p>\n<p dir=\"ltr\" style=\"text-align: justify;\">Un total de ocho episodios se emiten cada jueves de julio y agosto a las 16:30 horas dando vida a esta segunda temporada y explorando diversas tem\u00e1ticas relevantes para el quehacer cient\u00edfico y tecnol\u00f3gico de la Macrozona Austral. \u201cAs\u00ed, Ciencia al Fin del Mundo trasciende fronteras, llevando el conocimiento cient\u00edfico desde los confines australes a todos los rincones del planeta. Nuestro objetivo es inspirar un di\u00e1logo global fundamentado en el entendimiento y el respeto hacia los ecosistemas subant\u00e1rticos y su relevancia\u201d, agregan desde el equipo de comunicaciones de Nodo Ciencia Austral, integrado por las periodistas Jessica Pichulaf, Loreto Medina y Catalina Camus, junto a la comunicadora audiovisual Catalina Espinosa y la dise\u00f1adora Camila Gratacos. Esta temporada cuenta tambi\u00e9n con el apoyo de Toma Producciones.<\/p>\n<p style=\"text-align: justify;\">Cabe se\u00f1alar que, buscando aportar a la descentralizaci\u00f3n y la equidad en materia de ciencia, tecnolog\u00eda, conocimiento e innovaci\u00f3n,\u00a0 esta red de trabajo colaborativo es integrada por 16 instituciones de la Macrozona Austral y es financiada por la Agencia Nacional de Investigaci\u00f3n y Desarrollo (ANID).<\/p>\n<\/div><\/section><\/div>\n<div  style='height:50px' class='hr hr-invisible   avia-builder-el-6  el_after_av_one_full  el_before_av_social_share '><span class='hr-inner ' ><span class='hr-inner-style'><\/span><\/span><\/div>\n<div  class='av-social-sharing-box  avia-builder-el-7  el_after_av_hr  el_before_av_hr  '><div class='av-share-box'><h5 class='av-share-link-description av-no-toc '>Compartir esta noticia<\/h5><ul class='av-share-box-list noLightbox'><li class='av-share-link av-social-link-facebook' ><a target=\"_blank\" aria-label=\"Compartir en Facebook\" href='https:\/\/www.facebook.com\/sharer.php?u=https:\/\/radiorevelacionfm.cl\/?p=56382&#038;t=Estrenan%20nueva%20temporada%20del%20podcast%20Ciencia%20al%20fin%20del%20mundo%20con%20destacados%20investigadores%20de%20la%20Macrozona' aria-hidden='false' data-av_icon='\ue8f3' data-av_iconfont='entypo-fontello' title='' data-avia-related-tooltip='Compartir en Facebook' rel=\"noopener\"><span class='avia_hidden_link_text'>Compartir en Facebook<\/span><\/a><\/li><li class='av-share-link av-social-link-twitter' ><a target=\"_blank\" aria-label=\"Compartir en Twitter\" href='https:\/\/twitter.com\/share?text=Estrenan%20nueva%20temporada%20del%20podcast%20Ciencia%20al%20fin%20del%20mundo%20con%20destacados%20investigadores%20de%20la%20Macrozona&#038;url=https:\/\/radiorevelacionfm.cl\/?p=56382' aria-hidden='false' data-av_icon='\ue8f1' data-av_iconfont='entypo-fontello' title='' data-avia-related-tooltip='Compartir en Twitter' rel=\"noopener\"><span class='avia_hidden_link_text'>Compartir en Twitter<\/span><\/a><\/li><li class='av-share-link av-social-link-whatsapp' ><a target=\"_blank\" aria-label=\"Compartir en Whatsapp\" href='https:\/\/api.whatsapp.com\/send?text=https:\/\/radiorevelacionfm.cl\/?p=56382' aria-hidden='false' data-av_icon='\uf232' data-av_iconfont='entypo-fontello' title='' data-avia-related-tooltip='Compartir en Whatsapp' rel=\"noopener\"><span class='avia_hidden_link_text'>Compartir en Whatsapp<\/span><\/a><\/li><li class='av-share-link av-social-link-linkedin' ><a target=\"_blank\" aria-label=\"Compartir en LinkedIn\" href='https:\/\/linkedin.com\/shareArticle?mini=true&#038;title=Estrenan%20nueva%20temporada%20del%20podcast%20Ciencia%20al%20fin%20del%20mundo%20con%20destacados%20investigadores%20de%20la%20Macrozona&#038;url=https:\/\/radiorevelacionfm.cl\/?p=56382' aria-hidden='false' data-av_icon='\ue8fc' data-av_iconfont='entypo-fontello' title='' data-avia-related-tooltip='Compartir en LinkedIn' rel=\"noopener\"><span class='avia_hidden_link_text'>Compartir en LinkedIn<\/span><\/a><\/li><li class='av-share-link av-social-link-mail' ><a  aria-label=\"Compartir por correo\" href='mailto:?subject=Estrenan%20nueva%20temporada%20del%20podcast%20Ciencia%20al%20fin%20del%20mundo%20con%20destacados%20investigadores%20de%20la%20Macrozona&#038;body=https:\/\/radiorevelacionfm.cl\/?p=56382' aria-hidden='false' data-av_icon='\ue805' data-av_iconfont='entypo-fontello' title='' data-avia-related-tooltip='Compartir por correo'><span class='avia_hidden_link_text'>Compartir por correo<\/span><\/a><\/li><\/ul><\/div><\/div>\n<div  style='height:50px' class='hr hr-invisible   avia-builder-el-8  el_after_av_social_share  el_before_av_comments_list '><span class='hr-inner ' ><span class='hr-inner-style'><\/span><\/span><\/div>\n<div  class='av-buildercomment  av-blog-meta-html-info-disabled av-blog-meta-tag-disabled  '><\/div>\n","protected":false},"excerpt":{"rendered":"","protected":false},"author":1,"featured_media":56474,"comment_status":"closed","ping_status":"closed","sticky":false,"template":"","format":"standard","meta":{"footnotes":""},"categories":[38],"tags":[],"class_list":["post-56382","post","type-post","status-publish","format-standard","has-post-thumbnail","hentry","category-regional"],"jetpack_featured_media_url":"https:\/\/radiorevelacionfm.cl\/wp-content\/uploads\/2025\/07\/portada-ilustracion-1-2-1_optimized-1.jpg","_links":{"self":[{"href":"https:\/\/radiorevelacionfm.cl\/index.php?rest_route=\/wp\/v2\/posts\/56382","targetHints":{"allow":["GET"]}}],"collection":[{"href":"https:\/\/radiorevelacionfm.cl\/index.php?rest_route=\/wp\/v2\/posts"}],"about":[{"href":"https:\/\/radiorevelacionfm.cl\/index.php?rest_route=\/wp\/v2\/types\/post"}],"author":[{"embeddable":true,"href":"https:\/\/radiorevelacionfm.cl\/index.php?rest_route=\/wp\/v2\/users\/1"}],"replies":[{"embeddable":true,"href":"https:\/\/radiorevelacionfm.cl\/index.php?rest_route=%2Fwp%2Fv2%2Fcomments&post=56382"}],"version-history":[{"count":3,"href":"https:\/\/radiorevelacionfm.cl\/index.php?rest_route=\/wp\/v2\/posts\/56382\/revisions"}],"predecessor-version":[{"id":56473,"href":"https:\/\/radiorevelacionfm.cl\/index.php?rest_route=\/wp\/v2\/posts\/56382\/revisions\/56473"}],"wp:featuredmedia":[{"embeddable":true,"href":"https:\/\/radiorevelacionfm.cl\/index.php?rest_route=\/wp\/v2\/media\/56474"}],"wp:attachment":[{"href":"https:\/\/radiorevelacionfm.cl\/index.php?rest_route=%2Fwp%2Fv2%2Fmedia&parent=56382"}],"wp:term":[{"taxonomy":"category","embeddable":true,"href":"https:\/\/radiorevelacionfm.cl\/index.php?rest_route=%2Fwp%2Fv2%2Fcategories&post=56382"},{"taxonomy":"post_tag","embeddable":true,"href":"https:\/\/radiorevelacionfm.cl\/index.php?rest_route=%2Fwp%2Fv2%2Ftags&post=56382"}],"curies":[{"name":"wp","href":"https:\/\/api.w.org\/{rel}","templated":true}]}}