{"id":56377,"date":"2025-07-10T15:51:50","date_gmt":"2025-07-10T18:51:50","guid":{"rendered":"https:\/\/radiorevelacionfm.cl\/?p=56377"},"modified":"2025-07-10T15:51:50","modified_gmt":"2025-07-10T18:51:50","slug":"con-gran-participacion-se-ejecutaron-talleres-de-soga-en-escuela-rural-rio-blanco-y-jose-antolin-silva-ormeno","status":"publish","type":"post","link":"https:\/\/radiorevelacionfm.cl\/?p=56377","title":{"rendered":"Con gran participaci\u00f3n se ejecutaron talleres de soga en Escuela Rural R\u00edo Blanco y Jos\u00e9 Antol\u00edn Silva Orme\u00f1o"},"content":{"rendered":"<div class=\"flex_column av_one_full  flex_column_div av-zero-column-padding first  avia-builder-el-0  el_before_av_one_full  avia-builder-el-first  \" style='border-radius:0px; '><div  class='avia-image-container  av-styling-    avia-builder-el-1  avia-builder-el-no-sibling  avia-align-center '  itemprop=\"image\" itemscope=\"itemscope\" itemtype=\"https:\/\/schema.org\/ImageObject\"  ><div class='avia-image-container-inner'><div class='avia-image-overlay-wrap'><img decoding=\"async\" class='wp-image-56378 avia-img-lazy-loading-not-56378 avia_image' src=\"https:\/\/radiorevelacionfm.cl\/wp-content\/uploads\/2025\/07\/portador-de-tradiciones-1.jpg\" alt='' title='portador de tradiciones (1)' height=\"600\" width=\"754\"  itemprop=\"thumbnailUrl\" srcset=\"https:\/\/radiorevelacionfm.cl\/wp-content\/uploads\/2025\/07\/portador-de-tradiciones-1.jpg 754w, https:\/\/radiorevelacionfm.cl\/wp-content\/uploads\/2025\/07\/portador-de-tradiciones-1-300x239.jpg 300w, https:\/\/radiorevelacionfm.cl\/wp-content\/uploads\/2025\/07\/portador-de-tradiciones-1-705x561.jpg 705w, https:\/\/radiorevelacionfm.cl\/wp-content\/uploads\/2025\/07\/portador-de-tradiciones-1-450x358.jpg 450w, https:\/\/radiorevelacionfm.cl\/wp-content\/uploads\/2025\/07\/portador-de-tradiciones-1-600x477.jpg 600w\" sizes=\"(max-width: 754px) 100vw, 754px\" \/><\/div><\/div><\/div><\/div><div class=\"flex_column av_one_full  flex_column_div av-zero-column-padding first  avia-builder-el-2  el_after_av_one_full  el_before_av_one_full  column-top-margin\" style='border-radius:0px; '><section class=\"av_textblock_section \"  itemscope=\"itemscope\" itemtype=\"https:\/\/schema.org\/BlogPosting\" itemprop=\"blogPost\" ><div class='avia_textblock  '   itemprop=\"text\" ><p style=\"text-align: center;\"><span style=\"font-size: 18pt;\"><strong>Con gran participaci\u00f3n se ejecutaron talleres de soga en <\/strong><strong>Escuela Rural R\u00edo Blanco y Jos\u00e9 Antol\u00edn Silva Orme\u00f1o<\/strong><\/span><\/p>\n<div id=\"gtx-trans\" style=\"position: absolute; left: -50px; top: 4.31534px;\">\n<div class=\"gtx-trans-icon\"><\/div>\n<\/div>\n<\/div><\/section><\/div><div class=\"flex_column av_one_full  flex_column_div av-zero-column-padding first  avia-builder-el-4  el_after_av_one_full  el_before_av_hr  column-top-margin\" style='border-radius:0px; '><section class=\"av_textblock_section \"  itemscope=\"itemscope\" itemtype=\"https:\/\/schema.org\/BlogPosting\" itemprop=\"blogPost\" ><div class='avia_textblock  '   itemprop=\"text\" ><p style=\"text-align: justify;\"><em>\u201cTalleres de Portadores de Tradici\u00f3n\u201d se enmarca en la implementaci\u00f3n de las recomendaciones para la salvaguarda surgidas de la investigaci\u00f3n participativa sobre el Trabajo en Soga, impulsada por la Subdirecci\u00f3n de Patrimonio Cultural Inmaterial entre los a\u00f1os 2018 y 2020.<\/em><\/p>\n<p style=\"text-align: justify;\">Durante los meses de mayo y junio de 2025 se llevaron a cabo \u201cTalleres de Portadores de Tradici\u00f3n\u201d en la Escuela Rural R\u00edo Blanco, ubicada en la localidad del mismo nombre, y en la Escuela Jos\u00e9 Antol\u00edn Silva Orme\u00f1o de Balmaceda.<\/p>\n<p style=\"text-align: justify;\">El taller ejecutado en la Escuela Rural R\u00edo Blanco comprendi\u00f3 cuatro sesiones las que fueron impartidas por el soguero y cultor del Patrimonio Cultural Inmaterial, Jos\u00e9 Sanhueza. En la oportunidad se dieron cita 12 estudiantes de 3\u00b0 a 6\u00b0 b\u00e1sico, adem\u00e1s de tres docentes. Dentro de las percepciones de los y las estudiantes, est\u00e1 la de Mateo Becerra, estudiante de 3\u00b0 b\u00e1sico, quien expres\u00f3 \u201cme gust\u00f3 la experiencia porque pude aprender una cosa que nunca iba aprender\u201d, agregando que \u201cestuvimos hartos d\u00edas con ese taller, trabajamos con cuero de vaca, hicimos sogas, trenzados y un bot\u00f3n de cuero de vaca. Lo pasamos bien, nos re\u00edmos.\u201d afirm\u00f3.<\/p>\n<p style=\"text-align: justify;\">Por su parte, Carla Espinoza, docente de la Escuela Rural R\u00edo Blanco, manifest\u00f3 su satisfacci\u00f3n por la instancia generada \u201ccreo que es important\u00edsimo potenciar desde las escuelas lo que significa el patrimonio, tanto cultural, natural, inmaterial. Hubo funcionarios y apoderados que tambi\u00e9n quisieron participar; as\u00ed que esta primera instancia nos abre las puertas para futuros lazos que podamos tener con la Direcci\u00f3n Regional del Servicio Nacional del Patrimonio Cultural y con talleres y diferentes actividades a realizar; estamos muy contentos con los resultados\u201d.<\/p>\n<p style=\"text-align: justify;\">En la Escuela Jos\u00e9 Antol\u00edn Silva Orme\u00f1o de Balmaceda el taller se extendi\u00f3 a lo largo de cinco sesiones, las que fueron impartidas por el soguero y cultor del Patrimonio Cultural Inmaterial M\u00e1ximo Cares en colaboraci\u00f3n con la encargada de la Biblioteca Municipal de Balmaceda, Ada D\u00edaz; participando del taller 16 estudiantes de 7\u00b0 y 8\u00b0 b\u00e1sico.<\/p>\n<p style=\"text-align: justify;\">Al respecto M\u00e1ximo Cares coment\u00f3 \u201cLa participaci\u00f3n de los ni\u00f1os fue muy buena, hubo varios que se interesaron, as\u00ed que seguiremos apoy\u00e1ndolos fuera de estos talleres. Es importante este tipo de talleres ya que se est\u00e1n perdiendo las tradiciones. Muchos no sab\u00edan lo que era una soga, pero les empezamos a explicar y fueron mostrando sus ganas de aprender\u201d indic\u00f3.<\/p>\n<p style=\"text-align: justify;\">En tanto Ada D\u00edaz, encargada de la Biblioteca Municipal de Balmaceda detall\u00f3 que \u201cesta instancia surge desde la necesidad de dar a conocer a los j\u00f3venes adolescentes las tradiciones, costumbres del trabajo en Soga. Eval\u00fao positivamente este taller, vi mucho entusiasmo, curiosidad y respeto por aprender, ojal\u00e1 se realicen m\u00e1s talleres de diversos oficios.\u201d<\/p>\n<p style=\"text-align: justify;\">En este sentido, Claudia Cantero, Directora Regional del Servicio Nacional del Patrimonio Cultural, manifest\u00f3 su satisfacci\u00f3n por la ejecuci\u00f3n de estos talleres \u201cesto es importante porque lo que hace, es llevar a la comunidad y en este caso a los espacios de escuela y de docencia, todo este conocimiento que es tan tradicional y tan antiguo para nuestra regi\u00f3n, permitiendo que ni\u00f1os y ni\u00f1as de la regi\u00f3n de Ays\u00e9n lo conozcan\u201d.<\/p>\n<p style=\"text-align: justify;\">Adicionalmente la Directora Regional del Servicio Nacional del Patrimonio Cultural Claudia Cantero agreg\u00f3 sobre el compromiso institucional en la materia \u201ccomo Servicio del Patrimonio es una preocupaci\u00f3n y es por eso que se levantan estrategias para la salvaguarda, justamente para que estos oficios y estas tradiciones no mueran y se puedan transmitir a las nuevas generaciones. Si bien tenemos gente muy representativa y representante de sus oficios y de sus patrimonios, la verdad es que es necesaria tambi\u00e9n la transmisi\u00f3n a futuras generaciones\u201d finaliz\u00f3 la Directora Regional del Servicio Nacional del Patrimonio Cultural.<\/p>\n<p style=\"text-align: justify;\">Finalmente, hay que se\u00f1alar que dentro de este mismo contexto se est\u00e1n ejecutando \u201cTalleres de Portadores de Tradici\u00f3n\u201d en la Escuela Libertador Bernardo O\u00b4Higgins de Puerto Guadal y pr\u00f3ximamente en la Escuela de Repollal, en Guaitecas; entre otras iniciativas que tiene contempladas la Direcci\u00f3n Regional del Servicio Nacional del Patrimonio Cultural para el presente a\u00f1o.<\/p>\n<\/div><\/section><\/div><div  style='height:50px' class='hr hr-invisible   avia-builder-el-6  el_after_av_one_full  el_before_av_social_share '><span class='hr-inner ' ><span class='hr-inner-style'><\/span><\/span><\/div><\/p>\n<div  class='av-social-sharing-box  avia-builder-el-7  el_after_av_hr  el_before_av_hr  '><div class='av-share-box'><h5 class='av-share-link-description av-no-toc '>Compartir esta noticia<\/h5><ul class='av-share-box-list noLightbox'><li class='av-share-link av-social-link-facebook' ><a target=\"_blank\" aria-label=\"Compartir en Facebook\" href='https:\/\/www.facebook.com\/sharer.php?u=https:\/\/radiorevelacionfm.cl\/?p=56377&#038;t=Con%20gran%20participaci%C3%B3n%20se%20ejecutaron%20talleres%20de%20soga%20en%20Escuela%20Rural%20R%C3%ADo%20Blanco%20y%20Jos%C3%A9%20Antol%C3%ADn%20Silva%20Orme%C3%B1o' aria-hidden='false' data-av_icon='\ue8f3' data-av_iconfont='entypo-fontello' title='' data-avia-related-tooltip='Compartir en Facebook' rel=\"noopener\"><span class='avia_hidden_link_text'>Compartir en Facebook<\/span><\/a><\/li><li class='av-share-link av-social-link-twitter' ><a target=\"_blank\" aria-label=\"Compartir en Twitter\" href='https:\/\/twitter.com\/share?text=Con%20gran%20participaci%C3%B3n%20se%20ejecutaron%20talleres%20de%20soga%20en%20Escuela%20Rural%20R%C3%ADo%20Blanco%20y%20Jos%C3%A9%20Antol%C3%ADn%20Silva%20Orme%C3%B1o&#038;url=https:\/\/radiorevelacionfm.cl\/?p=56377' aria-hidden='false' data-av_icon='\ue8f1' data-av_iconfont='entypo-fontello' title='' data-avia-related-tooltip='Compartir en Twitter' rel=\"noopener\"><span class='avia_hidden_link_text'>Compartir en Twitter<\/span><\/a><\/li><li class='av-share-link av-social-link-whatsapp' ><a target=\"_blank\" aria-label=\"Compartir en Whatsapp\" href='https:\/\/api.whatsapp.com\/send?text=https:\/\/radiorevelacionfm.cl\/?p=56377' aria-hidden='false' data-av_icon='\uf232' data-av_iconfont='entypo-fontello' title='' data-avia-related-tooltip='Compartir en Whatsapp' rel=\"noopener\"><span class='avia_hidden_link_text'>Compartir en Whatsapp<\/span><\/a><\/li><li class='av-share-link av-social-link-linkedin' ><a target=\"_blank\" aria-label=\"Compartir en LinkedIn\" href='https:\/\/linkedin.com\/shareArticle?mini=true&#038;title=Con%20gran%20participaci%C3%B3n%20se%20ejecutaron%20talleres%20de%20soga%20en%20Escuela%20Rural%20R%C3%ADo%20Blanco%20y%20Jos%C3%A9%20Antol%C3%ADn%20Silva%20Orme%C3%B1o&#038;url=https:\/\/radiorevelacionfm.cl\/?p=56377' aria-hidden='false' data-av_icon='\ue8fc' data-av_iconfont='entypo-fontello' title='' data-avia-related-tooltip='Compartir en LinkedIn' rel=\"noopener\"><span class='avia_hidden_link_text'>Compartir en LinkedIn<\/span><\/a><\/li><li class='av-share-link av-social-link-mail' ><a  aria-label=\"Compartir por correo\" href='mailto:?subject=Con%20gran%20participaci%C3%B3n%20se%20ejecutaron%20talleres%20de%20soga%20en%20Escuela%20Rural%20R%C3%ADo%20Blanco%20y%20Jos%C3%A9%20Antol%C3%ADn%20Silva%20Orme%C3%B1o&#038;body=https:\/\/radiorevelacionfm.cl\/?p=56377' aria-hidden='false' data-av_icon='\ue805' data-av_iconfont='entypo-fontello' title='' data-avia-related-tooltip='Compartir por correo'><span class='avia_hidden_link_text'>Compartir por correo<\/span><\/a><\/li><\/ul><\/div><\/div>\n<div  style='height:50px' class='hr hr-invisible   avia-builder-el-8  el_after_av_social_share  el_before_av_comments_list '><span class='hr-inner ' ><span class='hr-inner-style'><\/span><\/span><\/div>\n<div  class='av-buildercomment  av-blog-meta-html-info-disabled av-blog-meta-tag-disabled  '><\/div>\n","protected":false},"excerpt":{"rendered":"","protected":false},"author":1,"featured_media":56378,"comment_status":"closed","ping_status":"closed","sticky":false,"template":"","format":"standard","meta":{"footnotes":""},"categories":[52],"tags":[],"class_list":["post-56377","post","type-post","status-publish","format-standard","has-post-thumbnail","hentry","category-cultura"],"jetpack_featured_media_url":"https:\/\/radiorevelacionfm.cl\/wp-content\/uploads\/2025\/07\/portador-de-tradiciones-1.jpg","_links":{"self":[{"href":"https:\/\/radiorevelacionfm.cl\/index.php?rest_route=\/wp\/v2\/posts\/56377","targetHints":{"allow":["GET"]}}],"collection":[{"href":"https:\/\/radiorevelacionfm.cl\/index.php?rest_route=\/wp\/v2\/posts"}],"about":[{"href":"https:\/\/radiorevelacionfm.cl\/index.php?rest_route=\/wp\/v2\/types\/post"}],"author":[{"embeddable":true,"href":"https:\/\/radiorevelacionfm.cl\/index.php?rest_route=\/wp\/v2\/users\/1"}],"replies":[{"embeddable":true,"href":"https:\/\/radiorevelacionfm.cl\/index.php?rest_route=%2Fwp%2Fv2%2Fcomments&post=56377"}],"version-history":[{"count":2,"href":"https:\/\/radiorevelacionfm.cl\/index.php?rest_route=\/wp\/v2\/posts\/56377\/revisions"}],"predecessor-version":[{"id":56385,"href":"https:\/\/radiorevelacionfm.cl\/index.php?rest_route=\/wp\/v2\/posts\/56377\/revisions\/56385"}],"wp:featuredmedia":[{"embeddable":true,"href":"https:\/\/radiorevelacionfm.cl\/index.php?rest_route=\/wp\/v2\/media\/56378"}],"wp:attachment":[{"href":"https:\/\/radiorevelacionfm.cl\/index.php?rest_route=%2Fwp%2Fv2%2Fmedia&parent=56377"}],"wp:term":[{"taxonomy":"category","embeddable":true,"href":"https:\/\/radiorevelacionfm.cl\/index.php?rest_route=%2Fwp%2Fv2%2Fcategories&post=56377"},{"taxonomy":"post_tag","embeddable":true,"href":"https:\/\/radiorevelacionfm.cl\/index.php?rest_route=%2Fwp%2Fv2%2Ftags&post=56377"}],"curies":[{"name":"wp","href":"https:\/\/api.w.org\/{rel}","templated":true}]}}