{"id":56369,"date":"2025-07-10T14:51:06","date_gmt":"2025-07-10T17:51:06","guid":{"rendered":"https:\/\/radiorevelacionfm.cl\/?p=56369"},"modified":"2025-07-10T14:51:06","modified_gmt":"2025-07-10T17:51:06","slug":"mejoras-y-nuevos-subsidios-han-incrementado-en-5-mil-millones-de-pesos-inversion-regional-del-mtt-en-aysen","status":"publish","type":"post","link":"https:\/\/radiorevelacionfm.cl\/?p=56369","title":{"rendered":"Mejoras y nuevos subsidios han incrementado en 5 mil millones de pesos inversi\u00f3n regional del MTT en Ays\u00e9n"},"content":{"rendered":"<div class=\"flex_column av_one_full  flex_column_div av-zero-column-padding first  avia-builder-el-0  el_before_av_one_full  avia-builder-el-first  \" style='border-radius:0px; '><div  class='avia-image-container  av-styling-    avia-builder-el-1  avia-builder-el-no-sibling  avia-align-center '  itemprop=\"image\" itemscope=\"itemscope\" itemtype=\"https:\/\/schema.org\/ImageObject\"  ><div class='avia-image-container-inner'><div class='avia-image-overlay-wrap'><img decoding=\"async\" class='wp-image-56370 avia-img-lazy-loading-not-56370 avia_image' src=\"https:\/\/radiorevelacionfm.cl\/wp-content\/uploads\/2025\/07\/Queulat-2-1-1.jpg\" alt='' title='Queulat (2) (1) (1)' height=\"600\" width=\"1067\"  itemprop=\"thumbnailUrl\" srcset=\"https:\/\/radiorevelacionfm.cl\/wp-content\/uploads\/2025\/07\/Queulat-2-1-1.jpg 1067w, https:\/\/radiorevelacionfm.cl\/wp-content\/uploads\/2025\/07\/Queulat-2-1-1-300x169.jpg 300w, https:\/\/radiorevelacionfm.cl\/wp-content\/uploads\/2025\/07\/Queulat-2-1-1-1030x579.jpg 1030w, https:\/\/radiorevelacionfm.cl\/wp-content\/uploads\/2025\/07\/Queulat-2-1-1-768x432.jpg 768w, https:\/\/radiorevelacionfm.cl\/wp-content\/uploads\/2025\/07\/Queulat-2-1-1-705x396.jpg 705w, https:\/\/radiorevelacionfm.cl\/wp-content\/uploads\/2025\/07\/Queulat-2-1-1-450x253.jpg 450w, https:\/\/radiorevelacionfm.cl\/wp-content\/uploads\/2025\/07\/Queulat-2-1-1-600x337.jpg 600w\" sizes=\"(max-width: 1067px) 100vw, 1067px\" \/><\/div><\/div><\/div><\/div><div class=\"flex_column av_one_full  flex_column_div av-zero-column-padding first  avia-builder-el-2  el_after_av_one_full  el_before_av_one_full  column-top-margin\" style='border-radius:0px; '><section class=\"av_textblock_section \"  itemscope=\"itemscope\" itemtype=\"https:\/\/schema.org\/BlogPosting\" itemprop=\"blogPost\" ><div class='avia_textblock  '   itemprop=\"text\" ><p style=\"text-align: center;\"><span style=\"font-size: 18pt;\"><b>Mejoras y nuevos subsidios han incrementado en 5 mil millones de pesos inversi\u00f3n regional del MTT en Ays\u00e9n<\/b><\/span><\/p>\n<div id=\"gtx-trans\" style=\"position: absolute; left: -50px; top: 4.31534px;\">\n<div class=\"gtx-trans-icon\"><\/div>\n<\/div>\n<\/div><\/section><\/div><div class=\"flex_column av_one_full  flex_column_div av-zero-column-padding first  avia-builder-el-4  el_after_av_one_full  el_before_av_hr  column-top-margin\" style='border-radius:0px; '><section class=\"av_textblock_section \"  itemscope=\"itemscope\" itemtype=\"https:\/\/schema.org\/BlogPosting\" itemprop=\"blogPost\" ><div class='avia_textblock  '   itemprop=\"text\" ><p style=\"text-align: justify;\"><em>En el aniversario 51 del Ministerio de Transportes y Telecomunicaciones, se destacaron las mejoras logradas en esta gesti\u00f3n de Gobierno, as\u00ed como los compromisos cumplidos con los habitantes de Ays\u00e9n.<\/em><\/p>\n<p style=\"text-align: justify;\">Este 10 de julio el Ministerio de Transportes y Telecomunicaciones cumple 51 a\u00f1os desde su fundaci\u00f3n, instancia que permite hacer una reflexi\u00f3n de la gesti\u00f3n realizada por la cartera y su importancia para la conectividad de zonas aisladas, sobre todo en territorios como la Regi\u00f3n de Ays\u00e9n, caracterizados por su dispersi\u00f3n geogr\u00e1fica, en donde 9 de sus 10 comunas se clasifican como rurales, de acuerdo a lo establecido por la Oficina de Estudios y Pol\u00edticas Agrarias, ODEPA.<\/p>\n<p style=\"text-align: justify;\">En este sentido, el jefe de la Divisi\u00f3n de Transporte P\u00fablico Regional (DTPR), Crist\u00f3bal Pineda explic\u00f3 que \u201cse logr\u00f3 implementar mejoras en servicios de transporte subvencionado existentes, y tambi\u00e9n, planificar e inaugurar nuevos subsidios que logren conectar a los habitantes de distintas localidades de la regi\u00f3n. En el centro de cada una de estas medidas est\u00e1n las necesidades de habitantes, usuarias y usuarios, quienes han guiado la gesti\u00f3n ministerial para resolver los desaf\u00edos de la movilidad en zonas aisladas. Nos alegra mucho poder aportar y entregar soluciones que mejoran la calidad de vida para las personas de Ays\u00e9n\u201d<\/p>\n<p style=\"text-align: justify;\">Durante el periodo, se han logrado implementar 9 medidas, cuya ejecuci\u00f3n ha implicado un aumento presupuestario superior a los $5 mil 100 millones. Entre estas medidas se cuentan el refuerzo de frecuencias de los servicios mar\u00edtimos del litoral norte (Puerto Cisnes \u2013 Quell\u00f3n), Fiordo Mitchell (Puerto Yungay \u2013 R\u00edo Bravo), Ays\u00e9n &#8211; Magallanes (Puerto Yungay \u2013 Caleta Tortel \u2013 Puerto Ed\u00e9n \u2013 Puerto Natales), refuerzo de frecuencias servicio del Lago General Carrera. Tambi\u00e9n se incorpor\u00f3 una barcaza adicional en el Fiordo Mitchell y se mejor\u00f3 el est\u00e1ndar de embarcaci\u00f3n en el servicio mar\u00edtimo hacia Islas Huichas, ampliando la operaci\u00f3n para el transporte de cargas peligrosas incluyendo a Melimoyu, Puerto Gaviota e Isla Toto en este recorrido.<\/p>\n<p style=\"text-align: justify;\">En cuanto a la conectividad terrestre, se concret\u00f3 recientemente un nuevo subsidio para los habitantes de Puerto Tranquilo que hoy cuentan con un bus hacia la capital regional, se sum\u00f3 un veh\u00edculo adicional a la operaci\u00f3n del servicio Balmaceda \u2013 Coyhaique y\u00a0 \u00a0se agregaron nuevas rutas de transporte escolar gratuito a zonas rurales, con recorridos hasta Lago Verde y Valle Simpson.<\/p>\n<p style=\"text-align: justify;\">Igualmente, dentro de este a\u00f1o, est\u00e1 planificada la puesta en marcha de otras rutas subvencionadas en donde se cuenta el esperado subsidio de conectividad a\u00e9rea desde Coyhaique hacia Caleta Tortel y Cochrane. Adem\u00e1s pr\u00f3ximamente se espera la adjudicaci\u00f3n de nuevos recorridos terrestres en las rutas Puerto Chacabuco \u2013 Puerto Ays\u00e9n y Coyhaique \u2013 Villa Ma\u00f1ihuales.<\/p>\n<p style=\"text-align: justify;\">En total la regi\u00f3n de Ays\u00e9n cuenta con un total de 51 rutas de transportes subsidiado, 19 recorridos de transporte escolar gratuito y se estima que un total de 250 mil personas usan\u00a0 estos servicios de conectividad.<\/p>\n<\/div><\/section><\/div><div  style='height:50px' class='hr hr-invisible   avia-builder-el-6  el_after_av_one_full  el_before_av_social_share '><span class='hr-inner ' ><span class='hr-inner-style'><\/span><\/span><\/div><\/p>\n<div  class='av-social-sharing-box  avia-builder-el-7  el_after_av_hr  el_before_av_hr  '><div class='av-share-box'><h5 class='av-share-link-description av-no-toc '>Compartir esta noticia<\/h5><ul class='av-share-box-list noLightbox'><li class='av-share-link av-social-link-facebook' ><a target=\"_blank\" aria-label=\"Compartir en Facebook\" href='https:\/\/www.facebook.com\/sharer.php?u=https:\/\/radiorevelacionfm.cl\/?p=56369&#038;t=Mejoras%20y%20nuevos%20subsidios%20han%20incrementado%20en%205%20mil%20millones%20de%20pesos%20inversi%C3%B3n%20regional%20del%20MTT%20en%20Ays%C3%A9n' aria-hidden='false' data-av_icon='\ue8f3' data-av_iconfont='entypo-fontello' title='' data-avia-related-tooltip='Compartir en Facebook' rel=\"noopener\"><span class='avia_hidden_link_text'>Compartir en Facebook<\/span><\/a><\/li><li class='av-share-link av-social-link-twitter' ><a target=\"_blank\" aria-label=\"Compartir en Twitter\" href='https:\/\/twitter.com\/share?text=Mejoras%20y%20nuevos%20subsidios%20han%20incrementado%20en%205%20mil%20millones%20de%20pesos%20inversi%C3%B3n%20regional%20del%20MTT%20en%20Ays%C3%A9n&#038;url=https:\/\/radiorevelacionfm.cl\/?p=56369' aria-hidden='false' data-av_icon='\ue8f1' data-av_iconfont='entypo-fontello' title='' data-avia-related-tooltip='Compartir en Twitter' rel=\"noopener\"><span class='avia_hidden_link_text'>Compartir en Twitter<\/span><\/a><\/li><li class='av-share-link av-social-link-whatsapp' ><a target=\"_blank\" aria-label=\"Compartir en Whatsapp\" href='https:\/\/api.whatsapp.com\/send?text=https:\/\/radiorevelacionfm.cl\/?p=56369' aria-hidden='false' data-av_icon='\uf232' data-av_iconfont='entypo-fontello' title='' data-avia-related-tooltip='Compartir en Whatsapp' rel=\"noopener\"><span class='avia_hidden_link_text'>Compartir en Whatsapp<\/span><\/a><\/li><li class='av-share-link av-social-link-linkedin' ><a target=\"_blank\" aria-label=\"Compartir en LinkedIn\" href='https:\/\/linkedin.com\/shareArticle?mini=true&#038;title=Mejoras%20y%20nuevos%20subsidios%20han%20incrementado%20en%205%20mil%20millones%20de%20pesos%20inversi%C3%B3n%20regional%20del%20MTT%20en%20Ays%C3%A9n&#038;url=https:\/\/radiorevelacionfm.cl\/?p=56369' aria-hidden='false' data-av_icon='\ue8fc' data-av_iconfont='entypo-fontello' title='' data-avia-related-tooltip='Compartir en LinkedIn' rel=\"noopener\"><span class='avia_hidden_link_text'>Compartir en LinkedIn<\/span><\/a><\/li><li class='av-share-link av-social-link-mail' ><a  aria-label=\"Compartir por correo\" href='mailto:?subject=Mejoras%20y%20nuevos%20subsidios%20han%20incrementado%20en%205%20mil%20millones%20de%20pesos%20inversi%C3%B3n%20regional%20del%20MTT%20en%20Ays%C3%A9n&#038;body=https:\/\/radiorevelacionfm.cl\/?p=56369' aria-hidden='false' data-av_icon='\ue805' data-av_iconfont='entypo-fontello' title='' data-avia-related-tooltip='Compartir por correo'><span class='avia_hidden_link_text'>Compartir por correo<\/span><\/a><\/li><\/ul><\/div><\/div>\n<div  style='height:50px' class='hr hr-invisible   avia-builder-el-8  el_after_av_social_share  el_before_av_comments_list '><span class='hr-inner ' ><span class='hr-inner-style'><\/span><\/span><\/div>\n<div  class='av-buildercomment  av-blog-meta-html-info-disabled av-blog-meta-tag-disabled  '><\/div>\n","protected":false},"excerpt":{"rendered":"","protected":false},"author":1,"featured_media":56370,"comment_status":"closed","ping_status":"closed","sticky":false,"template":"","format":"standard","meta":{"footnotes":""},"categories":[37],"tags":[],"class_list":["post-56369","post","type-post","status-publish","format-standard","has-post-thumbnail","hentry","category-economia"],"jetpack_featured_media_url":"https:\/\/radiorevelacionfm.cl\/wp-content\/uploads\/2025\/07\/Queulat-2-1-1.jpg","_links":{"self":[{"href":"https:\/\/radiorevelacionfm.cl\/index.php?rest_route=\/wp\/v2\/posts\/56369","targetHints":{"allow":["GET"]}}],"collection":[{"href":"https:\/\/radiorevelacionfm.cl\/index.php?rest_route=\/wp\/v2\/posts"}],"about":[{"href":"https:\/\/radiorevelacionfm.cl\/index.php?rest_route=\/wp\/v2\/types\/post"}],"author":[{"embeddable":true,"href":"https:\/\/radiorevelacionfm.cl\/index.php?rest_route=\/wp\/v2\/users\/1"}],"replies":[{"embeddable":true,"href":"https:\/\/radiorevelacionfm.cl\/index.php?rest_route=%2Fwp%2Fv2%2Fcomments&post=56369"}],"version-history":[{"count":2,"href":"https:\/\/radiorevelacionfm.cl\/index.php?rest_route=\/wp\/v2\/posts\/56369\/revisions"}],"predecessor-version":[{"id":56381,"href":"https:\/\/radiorevelacionfm.cl\/index.php?rest_route=\/wp\/v2\/posts\/56369\/revisions\/56381"}],"wp:featuredmedia":[{"embeddable":true,"href":"https:\/\/radiorevelacionfm.cl\/index.php?rest_route=\/wp\/v2\/media\/56370"}],"wp:attachment":[{"href":"https:\/\/radiorevelacionfm.cl\/index.php?rest_route=%2Fwp%2Fv2%2Fmedia&parent=56369"}],"wp:term":[{"taxonomy":"category","embeddable":true,"href":"https:\/\/radiorevelacionfm.cl\/index.php?rest_route=%2Fwp%2Fv2%2Fcategories&post=56369"},{"taxonomy":"post_tag","embeddable":true,"href":"https:\/\/radiorevelacionfm.cl\/index.php?rest_route=%2Fwp%2Fv2%2Ftags&post=56369"}],"curies":[{"name":"wp","href":"https:\/\/api.w.org\/{rel}","templated":true}]}}