{"id":56363,"date":"2025-07-10T13:06:48","date_gmt":"2025-07-10T16:06:48","guid":{"rendered":"https:\/\/radiorevelacionfm.cl\/?p=56363"},"modified":"2025-07-11T21:07:47","modified_gmt":"2025-07-12T00:07:47","slug":"indh-aysen-el-estado-vulnera-derechos-humanos-de-habitantes-de-alto-manihuales","status":"publish","type":"post","link":"https:\/\/radiorevelacionfm.cl\/?p=56363","title":{"rendered":"INDH Ays\u00e9n: el Estado vulnera derechos humanos de habitantes de Alto Ma\u00f1ihuales"},"content":{"rendered":"<div class=\"flex_column av_one_full  flex_column_div av-zero-column-padding first  avia-builder-el-0  el_before_av_one_full  avia-builder-el-first  \" style='border-radius:0px; '><div  class='avia-image-container  av-styling-    avia-builder-el-1  avia-builder-el-no-sibling  avia-align-center '  itemprop=\"image\" itemscope=\"itemscope\" itemtype=\"https:\/\/schema.org\/ImageObject\"  ><div class='avia-image-container-inner'><div class='avia-image-overlay-wrap'><img decoding=\"async\" class='wp-image-55436 avia-img-lazy-loading-not-55436 avia_image' src=\"https:\/\/radiorevelacionfm.cl\/wp-content\/uploads\/2025\/06\/relave-confluencia-alto-manihuales-1_optimized-1.jpg\" alt='' title='relave-confluencia-alto-ma\u00f1ihuales-(1)_optimized (1)' height=\"600\" width=\"1067\"  itemprop=\"thumbnailUrl\" srcset=\"https:\/\/radiorevelacionfm.cl\/wp-content\/uploads\/2025\/06\/relave-confluencia-alto-manihuales-1_optimized-1.jpg 1067w, https:\/\/radiorevelacionfm.cl\/wp-content\/uploads\/2025\/06\/relave-confluencia-alto-manihuales-1_optimized-1-300x169.jpg 300w, https:\/\/radiorevelacionfm.cl\/wp-content\/uploads\/2025\/06\/relave-confluencia-alto-manihuales-1_optimized-1-1030x579.jpg 1030w, https:\/\/radiorevelacionfm.cl\/wp-content\/uploads\/2025\/06\/relave-confluencia-alto-manihuales-1_optimized-1-768x432.jpg 768w, https:\/\/radiorevelacionfm.cl\/wp-content\/uploads\/2025\/06\/relave-confluencia-alto-manihuales-1_optimized-1-705x396.jpg 705w, https:\/\/radiorevelacionfm.cl\/wp-content\/uploads\/2025\/06\/relave-confluencia-alto-manihuales-1_optimized-1-450x253.jpg 450w, https:\/\/radiorevelacionfm.cl\/wp-content\/uploads\/2025\/06\/relave-confluencia-alto-manihuales-1_optimized-1-600x337.jpg 600w\" sizes=\"(max-width: 1067px) 100vw, 1067px\" \/><\/div><\/div><\/div><\/div><div class=\"flex_column av_one_full  flex_column_div av-zero-column-padding first  avia-builder-el-2  el_after_av_one_full  el_before_av_one_full  column-top-margin\" style='border-radius:0px; '><section class=\"av_textblock_section \"  itemscope=\"itemscope\" itemtype=\"https:\/\/schema.org\/BlogPosting\" itemprop=\"blogPost\" ><div class='avia_textblock  '   itemprop=\"text\" ><p style=\"text-align: center;\"><span style=\"font-size: 18pt;\"><strong>INDH Ays\u00e9n: el Estado vulnera derechos humanos de habitantes de Alto Ma\u00f1ihuales<\/strong><\/span><\/p>\n<div id=\"gtx-trans\" style=\"position: absolute; left: -50px; top: 4.31534px;\">\n<div class=\"gtx-trans-icon\"><\/div>\n<\/div>\n<\/div><\/section><\/div><\/p>\n<div class=\"flex_column av_one_full  flex_column_div av-zero-column-padding first  avia-builder-el-4  el_after_av_one_full  el_before_av_hr  column-top-margin\" style='border-radius:0px; '><section class=\"av_textblock_section \"  itemscope=\"itemscope\" itemtype=\"https:\/\/schema.org\/BlogPosting\" itemprop=\"blogPost\" ><div class='avia_textblock  '   itemprop=\"text\" ><p dir=\"ltr\" style=\"text-align: justify;\"><em>La sede regional de Ays\u00e9n del Instituto Nacional de Derechos Humanos, ha oficiado adem\u00e1s a diversos servicios y entidades p\u00fablicas para que informen sus gestiones relativas al cumplimiento de los compromisos sostenidos con la comunidad, en la primera reuni\u00f3n en la zona y en otras instancias en que se abord\u00f3 este caso.\u00a0<\/em><\/p>\n<p dir=\"ltr\" style=\"text-align: justify;\">En entrevista realizada el pasado martes en el matinal \u00abBuenos D\u00edas Ays\u00e9n\u00bb de Radio Santa Mar\u00eda, el abogado y Jefe de la Oficina Regional del Instituto Nacional de Derechos Humanos (INDH), Joaqu\u00edn Bizama Tiznado, reafirm\u00f3 que el Estado se encuentra vulnerando Derechos Humanos al no abordar debidamente la constatada contaminaci\u00f3n minera en Alto Ma\u00f1ihuales.<\/p>\n<p dir=\"ltr\" style=\"text-align: justify;\">Consultado directamente por la periodista Andrea Rosas Torres sobre si, a juicio del organismo, \u00ab\u00bfel Estado est\u00e1 vulnerando los Derechos de los ciudadanos que viven en ese sector?, el profesional sostuvo categ\u00f3ricamente que \u00abdesde nuestro punto de vista, y es lo que expusimos en Recurso de Protecci\u00f3n que presentamos, s\u00ed, creemos que hay una vulneraci\u00f3n de Derechos, toda vez que se generan afectaciones tanto al medio ambiente y tambi\u00e9n a la vida y la salud de las personas\u00bb. Agregando que esta vulneraci\u00f3n de Derechos Humanos, a juicio del Instituto, se produce \u00abdesde que no se ha cumplido una resoluci\u00f3n que el mismo Estado, a trav\u00e9s de sus servicios, ordena. Tenemos una resoluci\u00f3n del 2018 y de 2020, que dice saber que aqu\u00ed hay modificaciones del Tranque (Confluencia) que no se ha evaluado ambientalmente. Han pasado cinco a\u00f1os de eso y no se ha realizado esa evaluaci\u00f3n ambiental. Eso, efectivamente, genera una afectaci\u00f3n a Derechos Fundamentales (&#8230;)\u00bb.<\/p>\n<p dir=\"ltr\" style=\"text-align: justify;\">El mencionado incumplimiento se refiere a la Resoluci\u00f3n por medio de la cual la Superintendencia del Medio Ambiente (SMA), en junio del a\u00f1o 2018, sancion\u00f3 en m\u00e1s de mil millones de pesos a la anterior propietaria del yacimiento minero \u2013la trasnacional Laguna Gold\u2013 por la documentada contaminaci\u00f3n minera de Alto Ma\u00f1ihuales y por las infracciones cometidas en la operaci\u00f3n del Tranque de Relaves Confluencia. En esta misma resoluci\u00f3n se requiri\u00f3 el ingreso del tranque de relaves al Sistema de Evaluaci\u00f3n de Impacto Ambiental para el estudio y adopci\u00f3n de medidas de mitigaci\u00f3n, reparaci\u00f3n y\/o compensaci\u00f3n de sus impactos. En 2020, la SMA exigi\u00f3, esta vez a la Minera Pac\u00edfico del Sur SpA, la evaluaci\u00f3n de impacto ambiental del tranque Confluencia; sin embargo, esta exigencia no ha sido cumplida hasta la fecha por la actual propietaria del yacimiento minero.<\/p>\n<p dir=\"ltr\" style=\"text-align: justify;\">En la ocasi\u00f3n, igualmente se entrevist\u00f3 a la vecina y dirigenta social de Villa Ma\u00f1ihuales, Gabriela Barrientos Araneda quien recalc\u00f3\u00a0 \u00abaqu\u00ed el principal responsable es el Estado de Chile, que tiene a la comunidad en completo abandono (&#8230;)\u00bb, esperando adem\u00e1s que las autoridades regionales lleguen a la segunda reuni\u00f3n con las y los vecinos -que se realizar\u00e1 este viernes 11 de julio a las 12 hrs en la Sede N\u00b014 de Villa Ma\u00f1ihuales- con una actitud m\u00e1s emp\u00e1tica y proactiva, para avanzar en este conflicto minero.<\/p>\n<p dir=\"ltr\" style=\"text-align: justify;\">La sede regional de Ays\u00e9n del Instituto Nacional de Derechos Humanos ha oficiado adem\u00e1s a la Seremia de Medio Ambiente y al Consejo Regional de Ays\u00e9n, para que informen los avances en torno a los compromisos sostenidos con la comunidad en la primera reuni\u00f3n realizada el 23 de mayo en Alto Ma\u00f1ihuales. Esto referido al acuerdo del Seremi de Medio Ambiente, Yoal D\u00edaz, para que los pobladores de Alto Ma\u00f1ihuales y representantes de las organizaciones de la sociedad civil participen de la Mesa Regional de la Miner\u00eda y Geolog\u00eda de Ays\u00e9n, situaci\u00f3n que no ha sucedido, habi\u00e9ndose reunido ya esta mesa el pasado 17 de junio. En el caso del Consejo Regional de Ays\u00e9n, la solicitud fue dar seguimiento al acuerdo de tratar en sesi\u00f3n plenaria del Consejo este tema; y de no haberse realizado, informar cu\u00e1ndo se realizar\u00e1.<\/p>\n<p dir=\"ltr\" style=\"text-align: justify;\">Finalmente, las organizaciones convocantes de la Mesa intersectorial, entre las que se encuentran Ma\u00f1ios y Baguales, la\u00a0Corporaci\u00f3n Privada para el Desarrollo de Ays\u00e9n (CODESA), la Red de Protecci\u00f3n y Defensa del Territorio Patagonia, junto a las ONGs FIMA y Ecosistemas,\u00a0esperan que este di\u00e1logo multisectorial avance con el objetivo de identificar los niveles de contaminaci\u00f3n que existen en Alto Ma\u00f1ihuales y, junto con ello, que la empresa Pac\u00edfico del Sur SpA. resuelva las numerosas irregularidades y desacatos que mantiene en torno a los dep\u00f3sitos de relaves del complejo minero El Toqui.<\/p>\n<\/div><\/section><\/div>\n<div  style='height:50px' class='hr hr-invisible   avia-builder-el-6  el_after_av_one_full  el_before_av_social_share '><span class='hr-inner ' ><span class='hr-inner-style'><\/span><\/span><\/div>\n<div  class='av-social-sharing-box  avia-builder-el-7  el_after_av_hr  el_before_av_hr  '><div class='av-share-box'><h5 class='av-share-link-description av-no-toc '>Compartir esta noticia<\/h5><ul class='av-share-box-list noLightbox'><li class='av-share-link av-social-link-facebook' ><a target=\"_blank\" aria-label=\"Compartir en Facebook\" href='https:\/\/www.facebook.com\/sharer.php?u=https:\/\/radiorevelacionfm.cl\/?p=56363&#038;t=INDH%20Ays%C3%A9n%3A%20el%20Estado%20vulnera%20derechos%20humanos%20de%20habitantes%20de%20Alto%20Ma%C3%B1ihuales' aria-hidden='false' data-av_icon='\ue8f3' data-av_iconfont='entypo-fontello' title='' data-avia-related-tooltip='Compartir en Facebook' rel=\"noopener\"><span class='avia_hidden_link_text'>Compartir en Facebook<\/span><\/a><\/li><li class='av-share-link av-social-link-twitter' ><a target=\"_blank\" aria-label=\"Compartir en Twitter\" href='https:\/\/twitter.com\/share?text=INDH%20Ays%C3%A9n%3A%20el%20Estado%20vulnera%20derechos%20humanos%20de%20habitantes%20de%20Alto%20Ma%C3%B1ihuales&#038;url=https:\/\/radiorevelacionfm.cl\/?p=56363' aria-hidden='false' data-av_icon='\ue8f1' data-av_iconfont='entypo-fontello' title='' data-avia-related-tooltip='Compartir en Twitter' rel=\"noopener\"><span class='avia_hidden_link_text'>Compartir en Twitter<\/span><\/a><\/li><li class='av-share-link av-social-link-whatsapp' ><a target=\"_blank\" aria-label=\"Compartir en Whatsapp\" href='https:\/\/api.whatsapp.com\/send?text=https:\/\/radiorevelacionfm.cl\/?p=56363' aria-hidden='false' data-av_icon='\uf232' data-av_iconfont='entypo-fontello' title='' data-avia-related-tooltip='Compartir en Whatsapp' rel=\"noopener\"><span class='avia_hidden_link_text'>Compartir en Whatsapp<\/span><\/a><\/li><li class='av-share-link av-social-link-linkedin' ><a target=\"_blank\" aria-label=\"Compartir en LinkedIn\" href='https:\/\/linkedin.com\/shareArticle?mini=true&#038;title=INDH%20Ays%C3%A9n%3A%20el%20Estado%20vulnera%20derechos%20humanos%20de%20habitantes%20de%20Alto%20Ma%C3%B1ihuales&#038;url=https:\/\/radiorevelacionfm.cl\/?p=56363' aria-hidden='false' data-av_icon='\ue8fc' data-av_iconfont='entypo-fontello' title='' data-avia-related-tooltip='Compartir en LinkedIn' rel=\"noopener\"><span class='avia_hidden_link_text'>Compartir en LinkedIn<\/span><\/a><\/li><li class='av-share-link av-social-link-mail' ><a  aria-label=\"Compartir por correo\" href='mailto:?subject=INDH%20Ays%C3%A9n%3A%20el%20Estado%20vulnera%20derechos%20humanos%20de%20habitantes%20de%20Alto%20Ma%C3%B1ihuales&#038;body=https:\/\/radiorevelacionfm.cl\/?p=56363' aria-hidden='false' data-av_icon='\ue805' data-av_iconfont='entypo-fontello' title='' data-avia-related-tooltip='Compartir por correo'><span class='avia_hidden_link_text'>Compartir por correo<\/span><\/a><\/li><\/ul><\/div><\/div>\n<div  style='height:50px' class='hr hr-invisible   avia-builder-el-8  el_after_av_social_share  el_before_av_comments_list '><span class='hr-inner ' ><span class='hr-inner-style'><\/span><\/span><\/div>\n<div  class='av-buildercomment  av-blog-meta-html-info-disabled av-blog-meta-tag-disabled  '><\/div>\n","protected":false},"excerpt":{"rendered":"","protected":false},"author":1,"featured_media":55436,"comment_status":"closed","ping_status":"closed","sticky":false,"template":"","format":"standard","meta":{"footnotes":""},"categories":[39],"tags":[],"class_list":["post-56363","post","type-post","status-publish","format-standard","has-post-thumbnail","hentry","category-medio-ambiente"],"jetpack_featured_media_url":"https:\/\/radiorevelacionfm.cl\/wp-content\/uploads\/2025\/06\/relave-confluencia-alto-manihuales-1_optimized-1.jpg","_links":{"self":[{"href":"https:\/\/radiorevelacionfm.cl\/index.php?rest_route=\/wp\/v2\/posts\/56363","targetHints":{"allow":["GET"]}}],"collection":[{"href":"https:\/\/radiorevelacionfm.cl\/index.php?rest_route=\/wp\/v2\/posts"}],"about":[{"href":"https:\/\/radiorevelacionfm.cl\/index.php?rest_route=\/wp\/v2\/types\/post"}],"author":[{"embeddable":true,"href":"https:\/\/radiorevelacionfm.cl\/index.php?rest_route=\/wp\/v2\/users\/1"}],"replies":[{"embeddable":true,"href":"https:\/\/radiorevelacionfm.cl\/index.php?rest_route=%2Fwp%2Fv2%2Fcomments&post=56363"}],"version-history":[{"count":3,"href":"https:\/\/radiorevelacionfm.cl\/index.php?rest_route=\/wp\/v2\/posts\/56363\/revisions"}],"predecessor-version":[{"id":56450,"href":"https:\/\/radiorevelacionfm.cl\/index.php?rest_route=\/wp\/v2\/posts\/56363\/revisions\/56450"}],"wp:featuredmedia":[{"embeddable":true,"href":"https:\/\/radiorevelacionfm.cl\/index.php?rest_route=\/wp\/v2\/media\/55436"}],"wp:attachment":[{"href":"https:\/\/radiorevelacionfm.cl\/index.php?rest_route=%2Fwp%2Fv2%2Fmedia&parent=56363"}],"wp:term":[{"taxonomy":"category","embeddable":true,"href":"https:\/\/radiorevelacionfm.cl\/index.php?rest_route=%2Fwp%2Fv2%2Fcategories&post=56363"},{"taxonomy":"post_tag","embeddable":true,"href":"https:\/\/radiorevelacionfm.cl\/index.php?rest_route=%2Fwp%2Fv2%2Ftags&post=56363"}],"curies":[{"name":"wp","href":"https:\/\/api.w.org\/{rel}","templated":true}]}}