{"id":56360,"date":"2025-07-10T11:56:06","date_gmt":"2025-07-10T14:56:06","guid":{"rendered":"https:\/\/radiorevelacionfm.cl\/?p=56360"},"modified":"2025-07-10T11:56:06","modified_gmt":"2025-07-10T14:56:06","slug":"programa-la-aventura-del-salmon-ii-impulsa-nuevas-oportunidades-turisticas-y-gastronomicas-en-aysen","status":"publish","type":"post","link":"https:\/\/radiorevelacionfm.cl\/?p=56360","title":{"rendered":"Programa \u00abLa aventura del Salm\u00f3n II\u00bb impulsa nuevas oportunidades tur\u00edsticas y gastron\u00f3micas en Ays\u00e9n"},"content":{"rendered":"<div class=\"flex_column av_one_full  flex_column_div av-zero-column-padding first  avia-builder-el-0  el_before_av_one_full  avia-builder-el-first  \" style='border-radius:0px; '><div  class='avia-image-container  av-styling-    avia-builder-el-1  avia-builder-el-no-sibling  avia-align-center '  itemprop=\"image\" itemscope=\"itemscope\" itemtype=\"https:\/\/schema.org\/ImageObject\"  ><div class='avia-image-container-inner'><div class='avia-image-overlay-wrap'><img decoding=\"async\" class='wp-image-56361 avia-img-lazy-loading-not-56361 avia_image' src=\"https:\/\/radiorevelacionfm.cl\/wp-content\/uploads\/2025\/07\/taller-aventural-del-salmon-junio-2025-11-1_optimized.jpg\" alt='' title='taller-aventural-del-salmon-junio-2025-11-(1)_optimized' height=\"600\" width=\"963\"  itemprop=\"thumbnailUrl\" srcset=\"https:\/\/radiorevelacionfm.cl\/wp-content\/uploads\/2025\/07\/taller-aventural-del-salmon-junio-2025-11-1_optimized.jpg 963w, https:\/\/radiorevelacionfm.cl\/wp-content\/uploads\/2025\/07\/taller-aventural-del-salmon-junio-2025-11-1_optimized-300x187.jpg 300w, https:\/\/radiorevelacionfm.cl\/wp-content\/uploads\/2025\/07\/taller-aventural-del-salmon-junio-2025-11-1_optimized-768x479.jpg 768w, https:\/\/radiorevelacionfm.cl\/wp-content\/uploads\/2025\/07\/taller-aventural-del-salmon-junio-2025-11-1_optimized-705x439.jpg 705w, https:\/\/radiorevelacionfm.cl\/wp-content\/uploads\/2025\/07\/taller-aventural-del-salmon-junio-2025-11-1_optimized-450x280.jpg 450w, https:\/\/radiorevelacionfm.cl\/wp-content\/uploads\/2025\/07\/taller-aventural-del-salmon-junio-2025-11-1_optimized-600x374.jpg 600w\" sizes=\"(max-width: 963px) 100vw, 963px\" \/><\/div><\/div><\/div><\/div><div class=\"flex_column av_one_full  flex_column_div av-zero-column-padding first  avia-builder-el-2  el_after_av_one_full  el_before_av_one_full  column-top-margin\" style='border-radius:0px; '><section class=\"av_textblock_section \"  itemscope=\"itemscope\" itemtype=\"https:\/\/schema.org\/BlogPosting\" itemprop=\"blogPost\" ><div class='avia_textblock  '   itemprop=\"text\" ><p style=\"text-align: center;\"><span style=\"font-size: 18pt;\"><strong>Programa \u00abLa aventura del Salm\u00f3n II\u00bb impulsa nuevas oportunidades tur\u00edsticas y gastron\u00f3micas en Ays\u00e9n<\/strong><\/span><\/p>\n<div id=\"gtx-trans\" style=\"position: absolute; left: -50px; top: 4.31534px;\">\n<div class=\"gtx-trans-icon\"><\/div>\n<\/div>\n<\/div><\/section><\/div><div class=\"flex_column av_one_full  flex_column_div av-zero-column-padding first  avia-builder-el-4  el_after_av_one_full  el_before_av_hr  column-top-margin\" style='border-radius:0px; '><section class=\"av_textblock_section \"  itemscope=\"itemscope\" itemtype=\"https:\/\/schema.org\/BlogPosting\" itemprop=\"blogPost\" ><div class='avia_textblock  '   itemprop=\"text\" ><p dir=\"ltr\" style=\"text-align: justify;\"><em>Desde su lanzamiento en marzo de este a\u00f1o, la segunda versi\u00f3n de la iniciativa ha realizado un trabajo directo con los emprendedores locales para desarrollar el turismo y la gastronom\u00eda sostenible en la regi\u00f3n, uniendo por primera vez a la industria de la salmonicultura con el sector tur\u00edstico.<\/em><\/p>\n<p dir=\"ltr\" style=\"text-align: justify;\">Una serie de importantes avances ha obtenido el programa \u00abLa aventura del Salm\u00f3n II\u00bb en su objetivo de mejorar la competitividad y productividad de las empresas tur\u00edsticas y gastron\u00f3micas de la regi\u00f3n de Ays\u00e9n resaltando el valor de insumos locales como el salm\u00f3n y las pr\u00e1cticas sostenibles.<\/p>\n<p dir=\"ltr\" style=\"text-align: justify;\">La iniciativa es una alianza estrat\u00e9gica entre CORFO, el Consejo del Salm\u00f3n, la C\u00e1mara de Turismo Puerto Ays\u00e9n y la consultora de turismo Guazzini. Tras el lanzamiento de su segunda versi\u00f3n en marzo pasado, obtuvo una importante distinci\u00f3n Good Travel Seal Program de Green Destination, instalando 41 nuevos indicadores y buenas pr\u00e1cticas asociadas a la reducci\u00f3n de residuos, cuidado del agua y entorno natural-cultural.<\/p>\n<p dir=\"ltr\" style=\"text-align: justify;\">Adem\u00e1s, \u00abLa aventura del salm\u00f3n II\u00bb se ha enfocado en promover la gastronom\u00eda sostenible con foco en el aumento de capacidades para el an\u00e1lisis de los sistemas alimentarios locales y la ejecuci\u00f3n de t\u00e9cnicas culinarias que ayudan a proteger el ecosistema.<\/p>\n<p dir=\"ltr\" style=\"text-align: justify;\">En paralelo, se han concretado diversos talleres de comercializaci\u00f3n y marketing para fortalecer la labor de los emprendimientos locales con un enfoque sostenible e integral.<\/p>\n<p dir=\"ltr\" style=\"text-align: justify;\">Este programa ha sido bastante in\u00e9dito en la regi\u00f3n de Ays\u00e9n porque ha creado nuevas oportunidades y espacios de capacitaciones t\u00e9cnicas de alto nivel. La presidenta ejecutiva del Consejo del Salm\u00f3n, Loreto Seguel, lo explica as\u00ed: \u00abLa aventura del salm\u00f3n 2 est\u00e1 propiciando la colaboraci\u00f3n concreta entre la salmonicultura con el turismo y la gastronom\u00eda local. Esta es una alianza virtuosa que potencia a Ays\u00e9n no solo como la cuna del segundo producto m\u00e1s exportado de Chile, el salm\u00f3n, sino que pone el \u00e9nfasis en promover el ecosistema regional para consolidarlo como un destino gastron\u00f3mico y tur\u00edstico de referencia mundial, resaltando su identidad cultural y culinaria. Desde el Consejo tenemos un compromiso f\u00e9rreo con seguir potenciando el desarrollo territorial y el trabajo p\u00fablico-privado para impulsar el crecimiento local y seguir proyectando una salmonicultura sostenible\u00bb<\/p>\n<p dir=\"ltr\" style=\"text-align: justify;\">El aporte que significa la salmonicultura para la regi\u00f3n representa el 26,1% del PIB regional de Ays\u00e9n, con un 90% de esa cifra correspondiente a la etapa de cultivo o fase de engorda del salm\u00f3n en agua de mar.<\/p>\n<p dir=\"ltr\" style=\"text-align: justify;\">Foco en econom\u00eda circular<\/p>\n<p dir=\"ltr\" style=\"text-align: justify;\">En los pr\u00f3ximos meses, el Programa de Difusi\u00f3n Tecnol\u00f3gica para el Mejoramiento de la Gastronom\u00eda Sostenible en la Regi\u00f3n de Ays\u00e9n continuar\u00e1 trabajando en el mejoramiento de la gastronom\u00eda local, impulsando el desarrollo de las 30 empresas beneficiarias del sector de alimentaci\u00f3n y otros afines de la cadena productiva del salm\u00f3n.<\/p>\n<p dir=\"ltr\" style=\"text-align: justify;\">Para ello, se har\u00e1 un enfoque en tres aspectos (1) gesti\u00f3n comercial de productos tur\u00edsticos sostenibles, con la puesta en pr\u00e1ctica de herramientas de gesti\u00f3n de la marca del negocio, estrategias de branding, como storytelling, colaboraciones o marketing emocional sostenible (2) Dise\u00f1o de Plan de absorci\u00f3n de las tecnolog\u00edas transferidas, con la elaboraci\u00f3n y entrega de Plan de Absorci\u00f3n Tecnol\u00f3gica para las empresas beneficiarias y (3) Presentaci\u00f3n del producto gastron\u00f3mico sostenible en mercados de inter\u00e9s, mediante la exhibici\u00f3n de la gastronom\u00eda sostenible elaborada en acciones de promoci\u00f3n tur\u00edstica de la regi\u00f3n de Ays\u00e9n ejecutada en Santiago (Feria VyVA).<\/p>\n<p dir=\"ltr\" style=\"text-align: justify;\">Las capacitaciones del programa se han desarrollado en grupos peque\u00f1os para asegurar un aprendizaje personalizado. Las fotograf\u00edas que acompa\u00f1an este comunicado corresponden al taller de Gesti\u00f3n Comercial de Productos Tur\u00edsticos Sostenibles, una de las instancias formativas que buscan fortalecer las capacidades empresariales con foco en sostenibilidad y proyecci\u00f3n tur\u00edstica.<\/p>\n<\/div><\/section><\/div><div  style='height:50px' class='hr hr-invisible   avia-builder-el-6  el_after_av_one_full  el_before_av_social_share '><span class='hr-inner ' ><span class='hr-inner-style'><\/span><\/span><\/div><\/p>\n<div  class='av-social-sharing-box  avia-builder-el-7  el_after_av_hr  el_before_av_hr  '><div class='av-share-box'><h5 class='av-share-link-description av-no-toc '>Compartir esta noticia<\/h5><ul class='av-share-box-list noLightbox'><li class='av-share-link av-social-link-facebook' ><a target=\"_blank\" aria-label=\"Compartir en Facebook\" href='https:\/\/www.facebook.com\/sharer.php?u=https:\/\/radiorevelacionfm.cl\/?p=56360&#038;t=Programa%20%C2%ABLa%20aventura%20del%20Salm%C3%B3n%20II%C2%BB%20impulsa%20nuevas%20oportunidades%20tur%C3%ADsticas%20y%20gastron%C3%B3micas%20en%20Ays%C3%A9n' aria-hidden='false' data-av_icon='\ue8f3' data-av_iconfont='entypo-fontello' title='' data-avia-related-tooltip='Compartir en Facebook' rel=\"noopener\"><span class='avia_hidden_link_text'>Compartir en Facebook<\/span><\/a><\/li><li class='av-share-link av-social-link-twitter' ><a target=\"_blank\" aria-label=\"Compartir en Twitter\" href='https:\/\/twitter.com\/share?text=Programa%20%C2%ABLa%20aventura%20del%20Salm%C3%B3n%20II%C2%BB%20impulsa%20nuevas%20oportunidades%20tur%C3%ADsticas%20y%20gastron%C3%B3micas%20en%20Ays%C3%A9n&#038;url=https:\/\/radiorevelacionfm.cl\/?p=56360' aria-hidden='false' data-av_icon='\ue8f1' data-av_iconfont='entypo-fontello' title='' data-avia-related-tooltip='Compartir en Twitter' rel=\"noopener\"><span class='avia_hidden_link_text'>Compartir en Twitter<\/span><\/a><\/li><li class='av-share-link av-social-link-whatsapp' ><a target=\"_blank\" aria-label=\"Compartir en Whatsapp\" href='https:\/\/api.whatsapp.com\/send?text=https:\/\/radiorevelacionfm.cl\/?p=56360' aria-hidden='false' data-av_icon='\uf232' data-av_iconfont='entypo-fontello' title='' data-avia-related-tooltip='Compartir en Whatsapp' rel=\"noopener\"><span class='avia_hidden_link_text'>Compartir en Whatsapp<\/span><\/a><\/li><li class='av-share-link av-social-link-linkedin' ><a target=\"_blank\" aria-label=\"Compartir en LinkedIn\" href='https:\/\/linkedin.com\/shareArticle?mini=true&#038;title=Programa%20%C2%ABLa%20aventura%20del%20Salm%C3%B3n%20II%C2%BB%20impulsa%20nuevas%20oportunidades%20tur%C3%ADsticas%20y%20gastron%C3%B3micas%20en%20Ays%C3%A9n&#038;url=https:\/\/radiorevelacionfm.cl\/?p=56360' aria-hidden='false' data-av_icon='\ue8fc' data-av_iconfont='entypo-fontello' title='' data-avia-related-tooltip='Compartir en LinkedIn' rel=\"noopener\"><span class='avia_hidden_link_text'>Compartir en LinkedIn<\/span><\/a><\/li><li class='av-share-link av-social-link-mail' ><a  aria-label=\"Compartir por correo\" href='mailto:?subject=Programa%20%C2%ABLa%20aventura%20del%20Salm%C3%B3n%20II%C2%BB%20impulsa%20nuevas%20oportunidades%20tur%C3%ADsticas%20y%20gastron%C3%B3micas%20en%20Ays%C3%A9n&#038;body=https:\/\/radiorevelacionfm.cl\/?p=56360' aria-hidden='false' data-av_icon='\ue805' data-av_iconfont='entypo-fontello' title='' data-avia-related-tooltip='Compartir por correo'><span class='avia_hidden_link_text'>Compartir por correo<\/span><\/a><\/li><\/ul><\/div><\/div>\n<div  style='height:50px' class='hr hr-invisible   avia-builder-el-8  el_after_av_social_share  el_before_av_comments_list '><span class='hr-inner ' ><span class='hr-inner-style'><\/span><\/span><\/div>\n<div  class='av-buildercomment  av-blog-meta-html-info-disabled av-blog-meta-tag-disabled  '><\/div>\n","protected":false},"excerpt":{"rendered":"","protected":false},"author":1,"featured_media":56361,"comment_status":"closed","ping_status":"closed","sticky":false,"template":"","format":"standard","meta":{"footnotes":""},"categories":[54],"tags":[],"class_list":["post-56360","post","type-post","status-publish","format-standard","has-post-thumbnail","hentry","category-turismo"],"jetpack_featured_media_url":"https:\/\/radiorevelacionfm.cl\/wp-content\/uploads\/2025\/07\/taller-aventural-del-salmon-junio-2025-11-1_optimized.jpg","_links":{"self":[{"href":"https:\/\/radiorevelacionfm.cl\/index.php?rest_route=\/wp\/v2\/posts\/56360","targetHints":{"allow":["GET"]}}],"collection":[{"href":"https:\/\/radiorevelacionfm.cl\/index.php?rest_route=\/wp\/v2\/posts"}],"about":[{"href":"https:\/\/radiorevelacionfm.cl\/index.php?rest_route=\/wp\/v2\/types\/post"}],"author":[{"embeddable":true,"href":"https:\/\/radiorevelacionfm.cl\/index.php?rest_route=\/wp\/v2\/users\/1"}],"replies":[{"embeddable":true,"href":"https:\/\/radiorevelacionfm.cl\/index.php?rest_route=%2Fwp%2Fv2%2Fcomments&post=56360"}],"version-history":[{"count":2,"href":"https:\/\/radiorevelacionfm.cl\/index.php?rest_route=\/wp\/v2\/posts\/56360\/revisions"}],"predecessor-version":[{"id":56375,"href":"https:\/\/radiorevelacionfm.cl\/index.php?rest_route=\/wp\/v2\/posts\/56360\/revisions\/56375"}],"wp:featuredmedia":[{"embeddable":true,"href":"https:\/\/radiorevelacionfm.cl\/index.php?rest_route=\/wp\/v2\/media\/56361"}],"wp:attachment":[{"href":"https:\/\/radiorevelacionfm.cl\/index.php?rest_route=%2Fwp%2Fv2%2Fmedia&parent=56360"}],"wp:term":[{"taxonomy":"category","embeddable":true,"href":"https:\/\/radiorevelacionfm.cl\/index.php?rest_route=%2Fwp%2Fv2%2Fcategories&post=56360"},{"taxonomy":"post_tag","embeddable":true,"href":"https:\/\/radiorevelacionfm.cl\/index.php?rest_route=%2Fwp%2Fv2%2Ftags&post=56360"}],"curies":[{"name":"wp","href":"https:\/\/api.w.org\/{rel}","templated":true}]}}