{"id":56357,"date":"2025-07-10T10:06:16","date_gmt":"2025-07-10T13:06:16","guid":{"rendered":"https:\/\/radiorevelacionfm.cl\/?p=56357"},"modified":"2025-07-10T10:06:16","modified_gmt":"2025-07-10T13:06:16","slug":"seremi-de-gobierno-entregara-recursos-a-25-medios-de-comunicacion-de-la-region-de-aysen","status":"publish","type":"post","link":"https:\/\/radiorevelacionfm.cl\/?p=56357","title":{"rendered":"Seremi de Gobierno entregar\u00e1 recursos a 25 medios de comunicaci\u00f3n de la Regi\u00f3n de Ays\u00e9n"},"content":{"rendered":"<div class=\"flex_column av_one_full  flex_column_div av-zero-column-padding first  avia-builder-el-0  el_before_av_one_full  avia-builder-el-first  \" style='border-radius:0px; '><div  class='avia-image-container  av-styling-    avia-builder-el-1  avia-builder-el-no-sibling  avia-align-center '  itemprop=\"image\" itemscope=\"itemscope\" itemtype=\"https:\/\/schema.org\/ImageObject\"  ><div class='avia-image-container-inner'><div class='avia-image-overlay-wrap'><img decoding=\"async\" class='wp-image-55530 avia-img-lazy-loading-not-55530 avia_image' src=\"https:\/\/radiorevelacionfm.cl\/wp-content\/uploads\/2025\/06\/seremi-gobierno_columna20_optimized.06-1.jpeg\" alt='' title='seremi-gobierno_columna20_optimized.06-(1)' height=\"675\" width=\"800\"  itemprop=\"thumbnailUrl\" srcset=\"https:\/\/radiorevelacionfm.cl\/wp-content\/uploads\/2025\/06\/seremi-gobierno_columna20_optimized.06-1.jpeg 800w, https:\/\/radiorevelacionfm.cl\/wp-content\/uploads\/2025\/06\/seremi-gobierno_columna20_optimized.06-1-300x253.jpeg 300w, https:\/\/radiorevelacionfm.cl\/wp-content\/uploads\/2025\/06\/seremi-gobierno_columna20_optimized.06-1-768x648.jpeg 768w, https:\/\/radiorevelacionfm.cl\/wp-content\/uploads\/2025\/06\/seremi-gobierno_columna20_optimized.06-1-705x595.jpeg 705w, https:\/\/radiorevelacionfm.cl\/wp-content\/uploads\/2025\/06\/seremi-gobierno_columna20_optimized.06-1-450x380.jpeg 450w, https:\/\/radiorevelacionfm.cl\/wp-content\/uploads\/2025\/06\/seremi-gobierno_columna20_optimized.06-1-600x506.jpeg 600w\" sizes=\"(max-width: 800px) 100vw, 800px\" \/><\/div><\/div><\/div><\/div><div class=\"flex_column av_one_full  flex_column_div av-zero-column-padding first  avia-builder-el-2  el_after_av_one_full  el_before_av_one_full  column-top-margin\" style='border-radius:0px; '><section class=\"av_textblock_section \"  itemscope=\"itemscope\" itemtype=\"https:\/\/schema.org\/BlogPosting\" itemprop=\"blogPost\" ><div class='avia_textblock  '   itemprop=\"text\" ><p style=\"text-align: center;\"><span style=\"font-size: 18pt;\"><strong>Seremi de Gobierno entregar\u00e1 recursos a 25 medios de comunicaci\u00f3n de la Regi\u00f3n de Ays\u00e9n<\/strong><\/span><\/p>\n<div id=\"gtx-trans\" style=\"position: absolute; left: -50px; top: 4.31534px;\">\n<div class=\"gtx-trans-icon\"><\/div>\n<\/div>\n<\/div><\/section><\/div><div class=\"flex_column av_one_full  flex_column_div av-zero-column-padding first  avia-builder-el-4  el_after_av_one_full  el_before_av_hr  column-top-margin\" style='border-radius:0px; '><section class=\"av_textblock_section \"  itemscope=\"itemscope\" itemtype=\"https:\/\/schema.org\/BlogPosting\" itemprop=\"blogPost\" ><div class='avia_textblock  '   itemprop=\"text\" ><p style=\"text-align: justify;\">A trav\u00e9s del Fondo de Fomento de Medios de Comunicaci\u00f3n Social se financiar\u00e1n 25 iniciativas que fueron evaluadas y priorizadas por la Comisi\u00f3n Regional del Fondo, encabezada por la Seremi de Gobierno, \u00darsula Mix e integrada adem\u00e1s por un representante de la Seremi de Econom\u00eda, de la Seremi Educaci\u00f3n, del Consejo Regional, del Gobierno Regional y gremios del sector como ARCHI, Colegio de Periodistas y Asociaci\u00f3n Nacional de Prensa (ANP). Como parte del proceso, la priorizaci\u00f3n de estas iniciativas fueron aprobadas en el Consejo Regional, al igual que las bases del mismo.<\/p>\n<p style=\"text-align: justify;\">\u201cComo Gobierno del Presidente Gabriel Boric, estamos comprometidos con la pluralidad informativa y el fortalecimiento de los medios locales. Este fondo permite que los medios regionales desarrollen iniciativas con identidad territorial, descentralizando las comunicaciones y reconociendo el importante rol que cumplen en sus comunidades\u201d, apunt\u00f3 la Seremi de Gobierno.<\/p>\n<p style=\"text-align: justify;\">El Fondo de Medios es un concurso p\u00fablico que entrega financiamiento a proyectos presentados por los medios de comunicaci\u00f3n, que promueven contenido de car\u00e1cter local y regional, fomentando la difusi\u00f3n de la cultura, identidad y tradiciones propias de la Regi\u00f3n de Ays\u00e9n.<\/p>\n<p style=\"text-align: justify;\">Sobre el proceso de evaluaci\u00f3n, el Consejero Regional y miembro de la Comisi\u00f3n Benjam\u00edn Infante se\u00f1al\u00f3: \u201cLa Comisi\u00f3n Evaluadora del Fondo de Medios es una comisi\u00f3n amplia, compuesta por ocho individuos, los cuales tuvimos la oportunidad de revisar 41 proyectos de distintos medios de comunicaci\u00f3n de la regi\u00f3n de Ays\u00e9n. Esos antecedentes y esas evaluaciones fueron remitidas a la Secretar\u00eda General de Gobierno, la cual a partir de sus profesionales especializados en el estudio de este fondo de medios, llega a una ponderaci\u00f3n y posteriormente comunica el resultado\u201d.<\/p>\n<p style=\"text-align: justify;\">En esta versi\u00f3n 2025 del Fondo, se asignaron un total de $107.173.355, priorizando 25 proyectos. De estos, $77.053.315 fueron destinados a proyectos de radiodifusi\u00f3n, mientras que $30.120.040 corresponden a iniciativas en otros formatos, como digitales, papel o televisi\u00f3n, cubriendo con esto las cuatro provincias de la regi\u00f3n y ocho de las 10 comunas.<\/p>\n<p style=\"text-align: justify;\">Finalmente, la Seremi de Gobierno apunt\u00f3 a la necesidad de fortalecer los medios: \u201cEl aislamiento regional tambi\u00e9n impacta las comunicaciones, por lo que esta inyecci\u00f3n de recursos no solo permite fortalecer a los medios locales, sino \u00a0respaldar el trabajo de quienes informan, comunican y acompa\u00f1an d\u00eda a d\u00eda a la comunidad de Ays\u00e9n\u201d.<\/p>\n<p style=\"text-align: justify;\"><strong>\u00a0<\/strong><\/p>\n<p style=\"text-align: justify;\"><strong>\u00a0<\/strong><\/p>\n<\/div><\/section><\/div><div  style='height:50px' class='hr hr-invisible   avia-builder-el-6  el_after_av_one_full  el_before_av_social_share '><span class='hr-inner ' ><span class='hr-inner-style'><\/span><\/span><\/div><\/p>\n<div  class='av-social-sharing-box  avia-builder-el-7  el_after_av_hr  el_before_av_hr  '><div class='av-share-box'><h5 class='av-share-link-description av-no-toc '>Compartir esta noticia<\/h5><ul class='av-share-box-list noLightbox'><li class='av-share-link av-social-link-facebook' ><a target=\"_blank\" aria-label=\"Compartir en Facebook\" href='https:\/\/www.facebook.com\/sharer.php?u=https:\/\/radiorevelacionfm.cl\/?p=56357&#038;t=Seremi%20de%20Gobierno%20entregar%C3%A1%20recursos%20a%2025%20medios%20de%20comunicaci%C3%B3n%20de%20la%20Regi%C3%B3n%20de%20Ays%C3%A9n' aria-hidden='false' data-av_icon='\ue8f3' data-av_iconfont='entypo-fontello' title='' data-avia-related-tooltip='Compartir en Facebook' rel=\"noopener\"><span class='avia_hidden_link_text'>Compartir en Facebook<\/span><\/a><\/li><li class='av-share-link av-social-link-twitter' ><a target=\"_blank\" aria-label=\"Compartir en Twitter\" href='https:\/\/twitter.com\/share?text=Seremi%20de%20Gobierno%20entregar%C3%A1%20recursos%20a%2025%20medios%20de%20comunicaci%C3%B3n%20de%20la%20Regi%C3%B3n%20de%20Ays%C3%A9n&#038;url=https:\/\/radiorevelacionfm.cl\/?p=56357' aria-hidden='false' data-av_icon='\ue8f1' data-av_iconfont='entypo-fontello' title='' data-avia-related-tooltip='Compartir en Twitter' rel=\"noopener\"><span class='avia_hidden_link_text'>Compartir en Twitter<\/span><\/a><\/li><li class='av-share-link av-social-link-whatsapp' ><a target=\"_blank\" aria-label=\"Compartir en Whatsapp\" href='https:\/\/api.whatsapp.com\/send?text=https:\/\/radiorevelacionfm.cl\/?p=56357' aria-hidden='false' data-av_icon='\uf232' data-av_iconfont='entypo-fontello' title='' data-avia-related-tooltip='Compartir en Whatsapp' rel=\"noopener\"><span class='avia_hidden_link_text'>Compartir en Whatsapp<\/span><\/a><\/li><li class='av-share-link av-social-link-linkedin' ><a target=\"_blank\" aria-label=\"Compartir en LinkedIn\" href='https:\/\/linkedin.com\/shareArticle?mini=true&#038;title=Seremi%20de%20Gobierno%20entregar%C3%A1%20recursos%20a%2025%20medios%20de%20comunicaci%C3%B3n%20de%20la%20Regi%C3%B3n%20de%20Ays%C3%A9n&#038;url=https:\/\/radiorevelacionfm.cl\/?p=56357' aria-hidden='false' data-av_icon='\ue8fc' data-av_iconfont='entypo-fontello' title='' data-avia-related-tooltip='Compartir en LinkedIn' rel=\"noopener\"><span class='avia_hidden_link_text'>Compartir en LinkedIn<\/span><\/a><\/li><li class='av-share-link av-social-link-mail' ><a  aria-label=\"Compartir por correo\" href='mailto:?subject=Seremi%20de%20Gobierno%20entregar%C3%A1%20recursos%20a%2025%20medios%20de%20comunicaci%C3%B3n%20de%20la%20Regi%C3%B3n%20de%20Ays%C3%A9n&#038;body=https:\/\/radiorevelacionfm.cl\/?p=56357' aria-hidden='false' data-av_icon='\ue805' data-av_iconfont='entypo-fontello' title='' data-avia-related-tooltip='Compartir por correo'><span class='avia_hidden_link_text'>Compartir por correo<\/span><\/a><\/li><\/ul><\/div><\/div>\n<div  style='height:50px' class='hr hr-invisible   avia-builder-el-8  el_after_av_social_share  el_before_av_comments_list '><span class='hr-inner ' ><span class='hr-inner-style'><\/span><\/span><\/div>\n<div  class='av-buildercomment  av-blog-meta-html-info-disabled av-blog-meta-tag-disabled  '><\/div>\n","protected":false},"excerpt":{"rendered":"","protected":false},"author":1,"featured_media":55530,"comment_status":"closed","ping_status":"closed","sticky":false,"template":"","format":"standard","meta":{"footnotes":""},"categories":[1],"tags":[],"class_list":["post-56357","post","type-post","status-publish","format-standard","has-post-thumbnail","hentry","category-sin-categoria"],"jetpack_featured_media_url":"https:\/\/radiorevelacionfm.cl\/wp-content\/uploads\/2025\/06\/seremi-gobierno_columna20_optimized.06-1.jpeg","_links":{"self":[{"href":"https:\/\/radiorevelacionfm.cl\/index.php?rest_route=\/wp\/v2\/posts\/56357","targetHints":{"allow":["GET"]}}],"collection":[{"href":"https:\/\/radiorevelacionfm.cl\/index.php?rest_route=\/wp\/v2\/posts"}],"about":[{"href":"https:\/\/radiorevelacionfm.cl\/index.php?rest_route=\/wp\/v2\/types\/post"}],"author":[{"embeddable":true,"href":"https:\/\/radiorevelacionfm.cl\/index.php?rest_route=\/wp\/v2\/users\/1"}],"replies":[{"embeddable":true,"href":"https:\/\/radiorevelacionfm.cl\/index.php?rest_route=%2Fwp%2Fv2%2Fcomments&post=56357"}],"version-history":[{"count":2,"href":"https:\/\/radiorevelacionfm.cl\/index.php?rest_route=\/wp\/v2\/posts\/56357\/revisions"}],"predecessor-version":[{"id":56452,"href":"https:\/\/radiorevelacionfm.cl\/index.php?rest_route=\/wp\/v2\/posts\/56357\/revisions\/56452"}],"wp:featuredmedia":[{"embeddable":true,"href":"https:\/\/radiorevelacionfm.cl\/index.php?rest_route=\/wp\/v2\/media\/55530"}],"wp:attachment":[{"href":"https:\/\/radiorevelacionfm.cl\/index.php?rest_route=%2Fwp%2Fv2%2Fmedia&parent=56357"}],"wp:term":[{"taxonomy":"category","embeddable":true,"href":"https:\/\/radiorevelacionfm.cl\/index.php?rest_route=%2Fwp%2Fv2%2Fcategories&post=56357"},{"taxonomy":"post_tag","embeddable":true,"href":"https:\/\/radiorevelacionfm.cl\/index.php?rest_route=%2Fwp%2Fv2%2Ftags&post=56357"}],"curies":[{"name":"wp","href":"https:\/\/api.w.org\/{rel}","templated":true}]}}