{"id":56343,"date":"2025-07-10T10:31:21","date_gmt":"2025-07-10T13:31:21","guid":{"rendered":"https:\/\/radiorevelacionfm.cl\/?p=56343"},"modified":"2025-07-11T21:47:18","modified_gmt":"2025-07-12T00:47:18","slug":"diputado-miguel-angel-calisto-anuncia-proyecto-de-ley-que-establece-asientos-preferenciales-a-personas-con-discapacidad-en-vuelos-comerciales","status":"publish","type":"post","link":"https:\/\/radiorevelacionfm.cl\/?p=56343","title":{"rendered":"Diputado Miguel \u00c1ngel Calisto anuncia proyecto de ley que establece asientos preferenciales a personas con discapacidad en vuelos comerciales"},"content":{"rendered":"<div class=\"flex_column av_one_full  flex_column_div av-zero-column-padding first  avia-builder-el-0  el_before_av_one_full  avia-builder-el-first  \" style='border-radius:0px; '><div  class='avia-image-container  av-styling-    avia-builder-el-1  avia-builder-el-no-sibling  avia-align-center '  itemprop=\"image\" itemscope=\"itemscope\" itemtype=\"https:\/\/schema.org\/ImageObject\"  ><div class='avia-image-container-inner'><div class='avia-image-overlay-wrap'><img decoding=\"async\" class='wp-image-0 avia-img-lazy-loading-not-0 avia_image' src=\"https:\/\/radiorevelacionfm.cl\/wp-content\/uploads\/2025\/07\/FOTO-DIP-CALISTO-1-1.jpg\" alt='' title=''   itemprop=\"thumbnailUrl\"  \/><\/div><\/div><\/div><\/div><div class=\"flex_column av_one_full  flex_column_div av-zero-column-padding first  avia-builder-el-2  el_after_av_one_full  el_before_av_one_full  column-top-margin\" style='border-radius:0px; '><section class=\"av_textblock_section \"  itemscope=\"itemscope\" itemtype=\"https:\/\/schema.org\/BlogPosting\" itemprop=\"blogPost\" ><div class='avia_textblock  '   itemprop=\"text\" ><p style=\"text-align: center;\"><span style=\"font-size: 18pt;\"><b>Diputado Miguel \u00c1ngel Calisto anuncia proyecto de ley que establece asientos preferenciales a personas con discapacidad en vuelos comerciales<\/b><\/span><\/p>\n<div id=\"gtx-trans\" style=\"position: absolute; left: -50px; top: 4.31534px;\">\n<div class=\"gtx-trans-icon\"><\/div>\n<\/div>\n<\/div><\/section><\/div><div class=\"flex_column av_one_full  flex_column_div av-zero-column-padding first  avia-builder-el-4  el_after_av_one_full  el_before_av_hr  column-top-margin\" style='border-radius:0px; '><section class=\"av_textblock_section \"  itemscope=\"itemscope\" itemtype=\"https:\/\/schema.org\/BlogPosting\" itemprop=\"blogPost\" ><div class='avia_textblock  '   itemprop=\"text\" ><p style=\"font-weight: 400; text-align: justify;\">El diputado Miguel \u00c1ngel Calisto anunci\u00f3 la presentaci\u00f3n de un proyecto de ley que busca establecer la obligatoriedad de asientos preferenciales en las primeras filas de los aviones para personas con discapacidad. La iniciativa surge en el marco de una serie de proyectos refundidos que buscan mejorar la justicia para los consumidores en su relaci\u00f3n con las l\u00edneas a\u00e9reas comerciales.<\/p>\n<p style=\"font-weight: 400; text-align: justify;\">\u00abEstamos discutiendo una serie de proyectos refundidos que buscan hacer mayor justicia para los consumidores en lo que se refiere a la relaci\u00f3n con las l\u00edneas a\u00e9reas comerciales\u00bb, afirm\u00f3 el diputado Calisto. \u00abCreemos que, adem\u00e1s de los altos costos que tenemos que discutir respecto de por qu\u00e9 no existe ning\u00fan tipo de regulaci\u00f3n, tambi\u00e9n se tiene que abordar un elemento importante: la prioridad de los asientos preferentes para las personas con discapacidad o personas con movilidad reducida\u00bb, se\u00f1al\u00f3 el legislador.<\/p>\n<p style=\"font-weight: 400; text-align: justify;\">El parlamentario enfatiz\u00f3 la importancia de esta medida, asegurando que \u00abesto es fundamental, tomando en cuenta que muchos de ellos tienen que recorrer los aviones completos para llegar a su asiento, quedando lejos de los ba\u00f1os, lejos del acceso preferente y, evidentemente, no cumpliendo con la ley que favorece a las personas con discapacidad. Creemos que ac\u00e1 se debe respetar ese derecho y, por eso, creemos que adem\u00e1s se debe hacer patente v\u00eda legal para las personas en situaci\u00f3n de discapacidad o personas con movilidad reducida que usan vuelos comerciales\u00bb.<\/p>\n<p style=\"font-weight: 400; text-align: justify;\">El proyecto de ley busca garantizar un trato m\u00e1s digno y equitativo para los pasajeros con necesidades especiales, asegurando que tengan acceso a asientos que les permitan una mayor comodidad y accesibilidad durante sus viajes.<\/p>\n<\/div><\/section><\/div><div  style='height:50px' class='hr hr-invisible   avia-builder-el-6  el_after_av_one_full  el_before_av_social_share '><span class='hr-inner ' ><span class='hr-inner-style'><\/span><\/span><\/div><\/p>\n<div  class='av-social-sharing-box  avia-builder-el-7  el_after_av_hr  el_before_av_hr  '><div class='av-share-box'><h5 class='av-share-link-description av-no-toc '>Compartir esta noticia<\/h5><ul class='av-share-box-list noLightbox'><li class='av-share-link av-social-link-facebook' ><a target=\"_blank\" aria-label=\"Compartir en Facebook\" href='https:\/\/www.facebook.com\/sharer.php?u=https:\/\/radiorevelacionfm.cl\/?p=56343&#038;t=Diputado%20Miguel%20%C3%81ngel%20Calisto%20anuncia%20proyecto%20de%20ley%20que%20establece%20asientos%20preferenciales%20a%20personas%20con%20discapacidad%20en%20vuelos%20comerciales' aria-hidden='false' data-av_icon='\ue8f3' data-av_iconfont='entypo-fontello' title='' data-avia-related-tooltip='Compartir en Facebook' rel=\"noopener\"><span class='avia_hidden_link_text'>Compartir en Facebook<\/span><\/a><\/li><li class='av-share-link av-social-link-twitter' ><a target=\"_blank\" aria-label=\"Compartir en Twitter\" href='https:\/\/twitter.com\/share?text=Diputado%20Miguel%20%C3%81ngel%20Calisto%20anuncia%20proyecto%20de%20ley%20que%20establece%20asientos%20preferenciales%20a%20personas%20con%20discapacidad%20en%20vuelos%20comerciales&#038;url=https:\/\/radiorevelacionfm.cl\/?p=56343' aria-hidden='false' data-av_icon='\ue8f1' data-av_iconfont='entypo-fontello' title='' data-avia-related-tooltip='Compartir en Twitter' rel=\"noopener\"><span class='avia_hidden_link_text'>Compartir en Twitter<\/span><\/a><\/li><li class='av-share-link av-social-link-whatsapp' ><a target=\"_blank\" aria-label=\"Compartir en Whatsapp\" href='https:\/\/api.whatsapp.com\/send?text=https:\/\/radiorevelacionfm.cl\/?p=56343' aria-hidden='false' data-av_icon='\uf232' data-av_iconfont='entypo-fontello' title='' data-avia-related-tooltip='Compartir en Whatsapp' rel=\"noopener\"><span class='avia_hidden_link_text'>Compartir en Whatsapp<\/span><\/a><\/li><li class='av-share-link av-social-link-linkedin' ><a target=\"_blank\" aria-label=\"Compartir en LinkedIn\" href='https:\/\/linkedin.com\/shareArticle?mini=true&#038;title=Diputado%20Miguel%20%C3%81ngel%20Calisto%20anuncia%20proyecto%20de%20ley%20que%20establece%20asientos%20preferenciales%20a%20personas%20con%20discapacidad%20en%20vuelos%20comerciales&#038;url=https:\/\/radiorevelacionfm.cl\/?p=56343' aria-hidden='false' data-av_icon='\ue8fc' data-av_iconfont='entypo-fontello' title='' data-avia-related-tooltip='Compartir en LinkedIn' rel=\"noopener\"><span class='avia_hidden_link_text'>Compartir en LinkedIn<\/span><\/a><\/li><li class='av-share-link av-social-link-mail' ><a  aria-label=\"Compartir por correo\" href='mailto:?subject=Diputado%20Miguel%20%C3%81ngel%20Calisto%20anuncia%20proyecto%20de%20ley%20que%20establece%20asientos%20preferenciales%20a%20personas%20con%20discapacidad%20en%20vuelos%20comerciales&#038;body=https:\/\/radiorevelacionfm.cl\/?p=56343' aria-hidden='false' data-av_icon='\ue805' data-av_iconfont='entypo-fontello' title='' data-avia-related-tooltip='Compartir por correo'><span class='avia_hidden_link_text'>Compartir por correo<\/span><\/a><\/li><\/ul><\/div><\/div>\n<div  style='height:50px' class='hr hr-invisible   avia-builder-el-8  el_after_av_social_share  el_before_av_comments_list '><span class='hr-inner ' ><span class='hr-inner-style'><\/span><\/span><\/div>\n<div  class='av-buildercomment  av-blog-meta-html-info-disabled av-blog-meta-tag-disabled  '><\/div>\n","protected":false},"excerpt":{"rendered":"","protected":false},"author":1,"featured_media":56463,"comment_status":"closed","ping_status":"closed","sticky":false,"template":"","format":"standard","meta":{"footnotes":""},"categories":[35],"tags":[],"class_list":["post-56343","post","type-post","status-publish","format-standard","has-post-thumbnail","hentry","category-politica"],"jetpack_featured_media_url":"https:\/\/radiorevelacionfm.cl\/wp-content\/uploads\/2025\/07\/FOTO-DIPUTADO-CALISTO.jpg","_links":{"self":[{"href":"https:\/\/radiorevelacionfm.cl\/index.php?rest_route=\/wp\/v2\/posts\/56343","targetHints":{"allow":["GET"]}}],"collection":[{"href":"https:\/\/radiorevelacionfm.cl\/index.php?rest_route=\/wp\/v2\/posts"}],"about":[{"href":"https:\/\/radiorevelacionfm.cl\/index.php?rest_route=\/wp\/v2\/types\/post"}],"author":[{"embeddable":true,"href":"https:\/\/radiorevelacionfm.cl\/index.php?rest_route=\/wp\/v2\/users\/1"}],"replies":[{"embeddable":true,"href":"https:\/\/radiorevelacionfm.cl\/index.php?rest_route=%2Fwp%2Fv2%2Fcomments&post=56343"}],"version-history":[{"count":2,"href":"https:\/\/radiorevelacionfm.cl\/index.php?rest_route=\/wp\/v2\/posts\/56343\/revisions"}],"predecessor-version":[{"id":56462,"href":"https:\/\/radiorevelacionfm.cl\/index.php?rest_route=\/wp\/v2\/posts\/56343\/revisions\/56462"}],"wp:featuredmedia":[{"embeddable":true,"href":"https:\/\/radiorevelacionfm.cl\/index.php?rest_route=\/wp\/v2\/media\/56463"}],"wp:attachment":[{"href":"https:\/\/radiorevelacionfm.cl\/index.php?rest_route=%2Fwp%2Fv2%2Fmedia&parent=56343"}],"wp:term":[{"taxonomy":"category","embeddable":true,"href":"https:\/\/radiorevelacionfm.cl\/index.php?rest_route=%2Fwp%2Fv2%2Fcategories&post=56343"},{"taxonomy":"post_tag","embeddable":true,"href":"https:\/\/radiorevelacionfm.cl\/index.php?rest_route=%2Fwp%2Fv2%2Ftags&post=56343"}],"curies":[{"name":"wp","href":"https:\/\/api.w.org\/{rel}","templated":true}]}}