{"id":56339,"date":"2025-07-09T16:58:29","date_gmt":"2025-07-09T19:58:29","guid":{"rendered":"https:\/\/radiorevelacionfm.cl\/?p=56339"},"modified":"2025-07-09T16:58:29","modified_gmt":"2025-07-09T19:58:29","slug":"soldados-conscriptos-realizaron-juramento-a-la-bandera-en-la-plaza-de-armas-de-coyhaique","status":"publish","type":"post","link":"https:\/\/radiorevelacionfm.cl\/?p=56339","title":{"rendered":"Soldados Conscriptos realizaron Juramento a la Bandera en la Plaza de Armas de Coyhaique"},"content":{"rendered":"<div class=\"flex_column av_one_full  flex_column_div av-zero-column-padding first  avia-builder-el-0  el_before_av_one_full  avia-builder-el-first  \" style='border-radius:0px; '><div  class='avia-image-container  av-styling-    avia-builder-el-1  avia-builder-el-no-sibling  avia-align-center '  itemprop=\"image\" itemscope=\"itemscope\" itemtype=\"https:\/\/schema.org\/ImageObject\"  ><div class='avia-image-container-inner'><div class='avia-image-overlay-wrap'><img decoding=\"async\" class='wp-image-56340 avia-img-lazy-loading-not-56340 avia_image' src=\"https:\/\/radiorevelacionfm.cl\/wp-content\/uploads\/2025\/07\/1000169224-1_optimized.jpg\" alt='' title='1000169224-(1)_optimized' height=\"600\" width=\"901\"  itemprop=\"thumbnailUrl\" srcset=\"https:\/\/radiorevelacionfm.cl\/wp-content\/uploads\/2025\/07\/1000169224-1_optimized.jpg 901w, https:\/\/radiorevelacionfm.cl\/wp-content\/uploads\/2025\/07\/1000169224-1_optimized-300x200.jpg 300w, https:\/\/radiorevelacionfm.cl\/wp-content\/uploads\/2025\/07\/1000169224-1_optimized-768x511.jpg 768w, https:\/\/radiorevelacionfm.cl\/wp-content\/uploads\/2025\/07\/1000169224-1_optimized-705x469.jpg 705w, https:\/\/radiorevelacionfm.cl\/wp-content\/uploads\/2025\/07\/1000169224-1_optimized-450x300.jpg 450w, https:\/\/radiorevelacionfm.cl\/wp-content\/uploads\/2025\/07\/1000169224-1_optimized-600x400.jpg 600w\" sizes=\"(max-width: 901px) 100vw, 901px\" \/><\/div><\/div><\/div><\/div><div class=\"flex_column av_one_full  flex_column_div av-zero-column-padding first  avia-builder-el-2  el_after_av_one_full  el_before_av_one_full  column-top-margin\" style='border-radius:0px; '><section class=\"av_textblock_section \"  itemscope=\"itemscope\" itemtype=\"https:\/\/schema.org\/BlogPosting\" itemprop=\"blogPost\" ><div class='avia_textblock  '   itemprop=\"text\" ><h1 style=\"text-align: center;\"><strong><span lang=\"EN-US\" style=\"color: black; font-size: 18pt;\">Soldados Conscriptos realizaron Juramento a la Bandera en la Plaza de Armas de Coyhaique<\/span><\/strong><\/h1>\n<div id=\"gtx-trans\" style=\"position: absolute; left: -50px; top: 4.31534px;\">\n<div class=\"gtx-trans-icon\"><\/div>\n<\/div>\n<\/div><\/section><\/div><div class=\"flex_column av_one_full  flex_column_div av-zero-column-padding first  avia-builder-el-4  el_after_av_one_full  el_before_av_hr  column-top-margin\" style='border-radius:0px; '><section class=\"av_textblock_section \"  itemscope=\"itemscope\" itemtype=\"https:\/\/schema.org\/BlogPosting\" itemprop=\"blogPost\" ><div class='avia_textblock  '   itemprop=\"text\" ><p style=\"text-align: justify;\">Con la Plaza de Armas de Coyhaique como escenario, se llev\u00f3 a cabo la tradicional ceremonia de Juramento a la Bandera, instancia en la que Suboficiales, Soldados de Tropa Profesional y\u00a0 Soldados Conscriptos de la IV Divisi\u00f3n de Ej\u00e9rcito comprometieron su lealtad a la Patria y a los valores institucionales que representan.<br \/>\nLa actividad fue presidida por autoridades civiles y militares de la regi\u00f3n, junto a familiares y comunidad coyhaiquina, quienes acompa\u00f1aron con orgullo este significativo momento, donde los j\u00f3venes soldados expresaron p\u00fablicamente su disposici\u00f3n a defender la bandera chilena \u201chasta rendir la vida si fuese necesario\u201d.<br \/>\nEl Juramento a la Bandera se realiza cada 9 de julio en conmemoraci\u00f3n de los 77 h\u00e9roes que defendieron con valor el pabell\u00f3n patrio en el Combate de La Concepci\u00f3n en 1882, fecha que simboliza el compromiso, entrega y sacrificio de los soldados de Chile.<br \/>\nEn el marco de estas actividades, se realiz\u00f3 adem\u00e1s la ceremonia de entrega de armas a los soldados conscriptos, tanto en Puerto Ays\u00e9n como en Coyhaique, momento cargado de simbolismo y solemnidad, consolidando el proceso formativo de estos j\u00f3venes, quienes asumen con responsabilidad su rol en las filas de la instituci\u00f3n y reafirmando su compromiso con el servicio a la Patria y la defensa de la soberan\u00eda nacional.<br \/>\nPosteriormente, se desarroll\u00f3 la Vigilia de Armas, acto que representa el recogimiento y la reflexi\u00f3n previa al compromiso solemne de jurar fidelidad a la bandera.<br \/>\nComo parte de la jornada, se realiz\u00f3 una alegor\u00eda patri\u00f3tica sobre la Batalla de La Concepci\u00f3n, destacando el valor y sacrificio de los h\u00e9roes de 1882, actividad preparada especialmente para los soldados juramentados, fortaleciendo el sentido de pertenencia e identidad con nuestra historia.<br \/>\nAsimismo, efectivos del Destacamento Motorizado N\u00b0 14 \u201cAys\u00e9n\u201d efectuaron una alocuci\u00f3n patri\u00f3tica a los alumnos del Colegio Patagonia de Coyhaique, resaltando el valor de la Bandera Nacional y la importancia de la gesta heroica de La Concepci\u00f3n, agradeciendo a la comunidad educativa por su participaci\u00f3n y compromiso con el fortalecimiento de la historia y valores patrios en las nuevas generaciones.<\/p>\n<\/div><\/section><\/div><div  style='height:50px' class='hr hr-invisible   avia-builder-el-6  el_after_av_one_full  el_before_av_social_share '><span class='hr-inner ' ><span class='hr-inner-style'><\/span><\/span><\/div><\/p>\n<div  class='av-social-sharing-box  avia-builder-el-7  el_after_av_hr  el_before_av_hr  '><div class='av-share-box'><h5 class='av-share-link-description av-no-toc '>Compartir esta noticia<\/h5><ul class='av-share-box-list noLightbox'><li class='av-share-link av-social-link-facebook' ><a target=\"_blank\" aria-label=\"Compartir en Facebook\" href='https:\/\/www.facebook.com\/sharer.php?u=https:\/\/radiorevelacionfm.cl\/?p=56339&#038;t=Soldados%20Conscriptos%20realizaron%20Juramento%20a%20la%20Bandera%20en%20la%20Plaza%20de%20Armas%20de%20Coyhaique' aria-hidden='false' data-av_icon='\ue8f3' data-av_iconfont='entypo-fontello' title='' data-avia-related-tooltip='Compartir en Facebook' rel=\"noopener\"><span class='avia_hidden_link_text'>Compartir en Facebook<\/span><\/a><\/li><li class='av-share-link av-social-link-twitter' ><a target=\"_blank\" aria-label=\"Compartir en Twitter\" href='https:\/\/twitter.com\/share?text=Soldados%20Conscriptos%20realizaron%20Juramento%20a%20la%20Bandera%20en%20la%20Plaza%20de%20Armas%20de%20Coyhaique&#038;url=https:\/\/radiorevelacionfm.cl\/?p=56339' aria-hidden='false' data-av_icon='\ue8f1' data-av_iconfont='entypo-fontello' title='' data-avia-related-tooltip='Compartir en Twitter' rel=\"noopener\"><span class='avia_hidden_link_text'>Compartir en Twitter<\/span><\/a><\/li><li class='av-share-link av-social-link-whatsapp' ><a target=\"_blank\" aria-label=\"Compartir en Whatsapp\" href='https:\/\/api.whatsapp.com\/send?text=https:\/\/radiorevelacionfm.cl\/?p=56339' aria-hidden='false' data-av_icon='\uf232' data-av_iconfont='entypo-fontello' title='' data-avia-related-tooltip='Compartir en Whatsapp' rel=\"noopener\"><span class='avia_hidden_link_text'>Compartir en Whatsapp<\/span><\/a><\/li><li class='av-share-link av-social-link-linkedin' ><a target=\"_blank\" aria-label=\"Compartir en LinkedIn\" href='https:\/\/linkedin.com\/shareArticle?mini=true&#038;title=Soldados%20Conscriptos%20realizaron%20Juramento%20a%20la%20Bandera%20en%20la%20Plaza%20de%20Armas%20de%20Coyhaique&#038;url=https:\/\/radiorevelacionfm.cl\/?p=56339' aria-hidden='false' data-av_icon='\ue8fc' data-av_iconfont='entypo-fontello' title='' data-avia-related-tooltip='Compartir en LinkedIn' rel=\"noopener\"><span class='avia_hidden_link_text'>Compartir en LinkedIn<\/span><\/a><\/li><li class='av-share-link av-social-link-mail' ><a  aria-label=\"Compartir por correo\" href='mailto:?subject=Soldados%20Conscriptos%20realizaron%20Juramento%20a%20la%20Bandera%20en%20la%20Plaza%20de%20Armas%20de%20Coyhaique&#038;body=https:\/\/radiorevelacionfm.cl\/?p=56339' aria-hidden='false' data-av_icon='\ue805' data-av_iconfont='entypo-fontello' title='' data-avia-related-tooltip='Compartir por correo'><span class='avia_hidden_link_text'>Compartir por correo<\/span><\/a><\/li><\/ul><\/div><\/div>\n<div  style='height:50px' class='hr hr-invisible   avia-builder-el-8  el_after_av_social_share  el_before_av_comments_list '><span class='hr-inner ' ><span class='hr-inner-style'><\/span><\/span><\/div>\n<div  class='av-buildercomment  av-blog-meta-html-info-disabled av-blog-meta-tag-disabled  '><\/div>\n","protected":false},"excerpt":{"rendered":"","protected":false},"author":1,"featured_media":56340,"comment_status":"closed","ping_status":"closed","sticky":false,"template":"","format":"standard","meta":{"footnotes":""},"categories":[1],"tags":[],"class_list":["post-56339","post","type-post","status-publish","format-standard","has-post-thumbnail","hentry","category-sin-categoria"],"jetpack_featured_media_url":"https:\/\/radiorevelacionfm.cl\/wp-content\/uploads\/2025\/07\/1000169224-1_optimized.jpg","_links":{"self":[{"href":"https:\/\/radiorevelacionfm.cl\/index.php?rest_route=\/wp\/v2\/posts\/56339","targetHints":{"allow":["GET"]}}],"collection":[{"href":"https:\/\/radiorevelacionfm.cl\/index.php?rest_route=\/wp\/v2\/posts"}],"about":[{"href":"https:\/\/radiorevelacionfm.cl\/index.php?rest_route=\/wp\/v2\/types\/post"}],"author":[{"embeddable":true,"href":"https:\/\/radiorevelacionfm.cl\/index.php?rest_route=\/wp\/v2\/users\/1"}],"replies":[{"embeddable":true,"href":"https:\/\/radiorevelacionfm.cl\/index.php?rest_route=%2Fwp%2Fv2%2Fcomments&post=56339"}],"version-history":[{"count":2,"href":"https:\/\/radiorevelacionfm.cl\/index.php?rest_route=\/wp\/v2\/posts\/56339\/revisions"}],"predecessor-version":[{"id":56342,"href":"https:\/\/radiorevelacionfm.cl\/index.php?rest_route=\/wp\/v2\/posts\/56339\/revisions\/56342"}],"wp:featuredmedia":[{"embeddable":true,"href":"https:\/\/radiorevelacionfm.cl\/index.php?rest_route=\/wp\/v2\/media\/56340"}],"wp:attachment":[{"href":"https:\/\/radiorevelacionfm.cl\/index.php?rest_route=%2Fwp%2Fv2%2Fmedia&parent=56339"}],"wp:term":[{"taxonomy":"category","embeddable":true,"href":"https:\/\/radiorevelacionfm.cl\/index.php?rest_route=%2Fwp%2Fv2%2Fcategories&post=56339"},{"taxonomy":"post_tag","embeddable":true,"href":"https:\/\/radiorevelacionfm.cl\/index.php?rest_route=%2Fwp%2Fv2%2Ftags&post=56339"}],"curies":[{"name":"wp","href":"https:\/\/api.w.org\/{rel}","templated":true}]}}