{"id":56336,"date":"2025-07-10T09:33:22","date_gmt":"2025-07-10T12:33:22","guid":{"rendered":"https:\/\/radiorevelacionfm.cl\/?p=56336"},"modified":"2025-07-10T09:33:22","modified_gmt":"2025-07-10T12:33:22","slug":"tras-exitosa-convocatoria-edelaysen-inicia-nueva-academia-de-emprendimiento-femenino-de-mujeres-con-energia","status":"publish","type":"post","link":"https:\/\/radiorevelacionfm.cl\/?p=56336","title":{"rendered":"Tras exitosa convocatoria Edelaysen inicia nueva Academia de Emprendimiento Femenino de Mujeres con Energ\u00eda"},"content":{"rendered":"<div class=\"flex_column av_one_full  flex_column_div av-zero-column-padding first  avia-builder-el-0  el_before_av_one_full  avia-builder-el-first  \" style='border-radius:0px; '><div  class='avia-image-container  av-styling-    avia-builder-el-1  avia-builder-el-no-sibling  avia-align-center '  itemprop=\"image\" itemscope=\"itemscope\" itemtype=\"https:\/\/schema.org\/ImageObject\"  ><div class='avia-image-container-inner'><div class='avia-image-overlay-wrap'><img decoding=\"async\" class='wp-image-56337 avia-img-lazy-loading-not-56337 avia_image' src=\"https:\/\/radiorevelacionfm.cl\/wp-content\/uploads\/2025\/07\/inicio-novena-academia-1-1.jpg\" alt='' title='inicio novena academia 1 (1)' height=\"600\" width=\"848\"  itemprop=\"thumbnailUrl\" srcset=\"https:\/\/radiorevelacionfm.cl\/wp-content\/uploads\/2025\/07\/inicio-novena-academia-1-1.jpg 848w, https:\/\/radiorevelacionfm.cl\/wp-content\/uploads\/2025\/07\/inicio-novena-academia-1-1-300x212.jpg 300w, https:\/\/radiorevelacionfm.cl\/wp-content\/uploads\/2025\/07\/inicio-novena-academia-1-1-768x543.jpg 768w, https:\/\/radiorevelacionfm.cl\/wp-content\/uploads\/2025\/07\/inicio-novena-academia-1-1-260x185.jpg 260w, https:\/\/radiorevelacionfm.cl\/wp-content\/uploads\/2025\/07\/inicio-novena-academia-1-1-705x499.jpg 705w, https:\/\/radiorevelacionfm.cl\/wp-content\/uploads\/2025\/07\/inicio-novena-academia-1-1-450x318.jpg 450w, https:\/\/radiorevelacionfm.cl\/wp-content\/uploads\/2025\/07\/inicio-novena-academia-1-1-600x425.jpg 600w\" sizes=\"(max-width: 848px) 100vw, 848px\" \/><\/div><\/div><\/div><\/div><div class=\"flex_column av_one_full  flex_column_div av-zero-column-padding first  avia-builder-el-2  el_after_av_one_full  el_before_av_one_full  column-top-margin\" style='border-radius:0px; '><section class=\"av_textblock_section \"  itemscope=\"itemscope\" itemtype=\"https:\/\/schema.org\/BlogPosting\" itemprop=\"blogPost\" ><div class='avia_textblock  '   itemprop=\"text\" ><p style=\"text-align: center;\"><span style=\"font-size: 18pt;\"><strong>Tras exitosa convocatoria Edelaysen inicia nueva Academia de Emprendimiento Femenino de Mujeres con Energ\u00eda<\/strong><\/span><\/p>\n<div id=\"gtx-trans\" style=\"position: absolute; left: -50px; top: 4.31534px;\">\n<div class=\"gtx-trans-icon\"><\/div>\n<\/div>\n<\/div><\/section><\/div><div class=\"flex_column av_one_full  flex_column_div av-zero-column-padding first  avia-builder-el-4  el_after_av_one_full  el_before_av_hr  column-top-margin\" style='border-radius:0px; '><section class=\"av_textblock_section \"  itemscope=\"itemscope\" itemtype=\"https:\/\/schema.org\/BlogPosting\" itemprop=\"blogPost\" ><div class='avia_textblock  '   itemprop=\"text\" ><p><em>La empresa el\u00e9ctrica capacitar\u00e1 con clases y talleres a mujeres que cuenten con un emprendimiento y quieran fortalecerlo.<\/em><\/p>\n<p style=\"text-align: justify;\">M\u00e1s de mil postulantes se inscribieron para ser parte de la novena versi\u00f3n de Mujeres con Energ\u00eda, programa de vinculaci\u00f3n con la comunidad que Edelaysen impulsa desde 2021, con el prop\u00f3sito de impactar positivamente las vidas de emprendedoras del sur del pa\u00eds, gracias a la capacitaci\u00f3n y la entrega de herramientas para fortalecer sus negocios.<\/p>\n<p style=\"text-align: justify;\">A trav\u00e9s de la Academia de Emprendimiento que la empresa ejecuta con apoyo del Servicio de Cooperaci\u00f3n T\u00e9cnica (Sercotec) y el Instituto Profesional AIEP, se han formado hasta la fecha m\u00e1s de 1.250 mujeres, quienes reconocen el aporte del programa, destacando el impacto que ha significado para sus emprendimientos y sus vidas haber sido parte de esta iniciativa y compartir con mujeres de otras regiones y localidades con sue\u00f1os y objetivos similares.<\/p>\n<p style=\"text-align: justify;\">Durante la ceremonia virtual de inauguraci\u00f3n de la novena academia, Valeria Vergara, Subgerente de Talento y Liderazgo de Grupo Saesa destac\u00f3 que \u201cMujeres con Energ\u00eda tiene un prop\u00f3sito que es conectar con las necesidades reales de ustedes y de las m\u00e1s de 1.200 emprendedoras que han pasado por esta iniciativa en a\u00f1os anteriores y para nosotros es muy relevante porque busca conectar m\u00e1s all\u00e1 que solo entregar el servicio de la energ\u00eda el\u00e9ctrica\u201d.<\/p>\n<p style=\"text-align: justify;\">Por su parte, la directora regional de SERCOTEC Los Lagos, Jessica Kramm, reconoci\u00f3 el valor de esta alianza para mejorar la calidad de vida de las mujeres del sur del pa\u00eds. \u201cAgradecemos a la empresa que ha tenido esta visi\u00f3n de futuro de apoyar a trav\u00e9s del Centro de Negocios para entregarles herramientas durante el desarrollo de esta academia y tambi\u00e9n a AIEP que apoya a trav\u00e9s de sus docentes y contenidos de forma gratuita a las mujeres que hoy est\u00e1n conectadas\u201d.<\/p>\n<p style=\"text-align: justify;\">Desde el Instituto Profesional AIEP destacaron el espacio de formaci\u00f3n que se da a trav\u00e9s de esta alianza p\u00fablico-privada que solo busca generar beneficios, aprendizajes y conexiones para las alumnas de esta academia<\/p>\n<p style=\"text-align: justify;\">Las participantes de esta nueva versi\u00f3n de Mujeres con Energ\u00eda podr\u00e1n acceder a clases virtuales, con m\u00f3dulos de libre acceso, y clases magistrales. Las 26 alumnas que hayan destacado en sus calificaciones durante la academia, ser\u00e1n reconocidas con premios de $1.000.000 o $500.000 de libre disposici\u00f3n, seg\u00fan las bases.<\/p>\n<p><strong>\u00a0<\/strong><\/p>\n<\/div><\/section><\/div><div  style='height:50px' class='hr hr-invisible   avia-builder-el-6  el_after_av_one_full  el_before_av_social_share '><span class='hr-inner ' ><span class='hr-inner-style'><\/span><\/span><\/div><\/p>\n<div  class='av-social-sharing-box  avia-builder-el-7  el_after_av_hr  el_before_av_hr  '><div class='av-share-box'><h5 class='av-share-link-description av-no-toc '>Compartir esta noticia<\/h5><ul class='av-share-box-list noLightbox'><li class='av-share-link av-social-link-facebook' ><a target=\"_blank\" aria-label=\"Compartir en Facebook\" href='https:\/\/www.facebook.com\/sharer.php?u=https:\/\/radiorevelacionfm.cl\/?p=56336&#038;t=Tras%20exitosa%20convocatoria%20Edelaysen%20inicia%20nueva%20Academia%20de%20Emprendimiento%20Femenino%20de%20Mujeres%20con%20Energ%C3%ADa' aria-hidden='false' data-av_icon='\ue8f3' data-av_iconfont='entypo-fontello' title='' data-avia-related-tooltip='Compartir en Facebook' rel=\"noopener\"><span class='avia_hidden_link_text'>Compartir en Facebook<\/span><\/a><\/li><li class='av-share-link av-social-link-twitter' ><a target=\"_blank\" aria-label=\"Compartir en Twitter\" href='https:\/\/twitter.com\/share?text=Tras%20exitosa%20convocatoria%20Edelaysen%20inicia%20nueva%20Academia%20de%20Emprendimiento%20Femenino%20de%20Mujeres%20con%20Energ%C3%ADa&#038;url=https:\/\/radiorevelacionfm.cl\/?p=56336' aria-hidden='false' data-av_icon='\ue8f1' data-av_iconfont='entypo-fontello' title='' data-avia-related-tooltip='Compartir en Twitter' rel=\"noopener\"><span class='avia_hidden_link_text'>Compartir en Twitter<\/span><\/a><\/li><li class='av-share-link av-social-link-whatsapp' ><a target=\"_blank\" aria-label=\"Compartir en Whatsapp\" href='https:\/\/api.whatsapp.com\/send?text=https:\/\/radiorevelacionfm.cl\/?p=56336' aria-hidden='false' data-av_icon='\uf232' data-av_iconfont='entypo-fontello' title='' data-avia-related-tooltip='Compartir en Whatsapp' rel=\"noopener\"><span class='avia_hidden_link_text'>Compartir en Whatsapp<\/span><\/a><\/li><li class='av-share-link av-social-link-linkedin' ><a target=\"_blank\" aria-label=\"Compartir en LinkedIn\" href='https:\/\/linkedin.com\/shareArticle?mini=true&#038;title=Tras%20exitosa%20convocatoria%20Edelaysen%20inicia%20nueva%20Academia%20de%20Emprendimiento%20Femenino%20de%20Mujeres%20con%20Energ%C3%ADa&#038;url=https:\/\/radiorevelacionfm.cl\/?p=56336' aria-hidden='false' data-av_icon='\ue8fc' data-av_iconfont='entypo-fontello' title='' data-avia-related-tooltip='Compartir en LinkedIn' rel=\"noopener\"><span class='avia_hidden_link_text'>Compartir en LinkedIn<\/span><\/a><\/li><li class='av-share-link av-social-link-mail' ><a  aria-label=\"Compartir por correo\" href='mailto:?subject=Tras%20exitosa%20convocatoria%20Edelaysen%20inicia%20nueva%20Academia%20de%20Emprendimiento%20Femenino%20de%20Mujeres%20con%20Energ%C3%ADa&#038;body=https:\/\/radiorevelacionfm.cl\/?p=56336' aria-hidden='false' data-av_icon='\ue805' data-av_iconfont='entypo-fontello' title='' data-avia-related-tooltip='Compartir por correo'><span class='avia_hidden_link_text'>Compartir por correo<\/span><\/a><\/li><\/ul><\/div><\/div>\n<div  style='height:50px' class='hr hr-invisible   avia-builder-el-8  el_after_av_social_share  el_before_av_comments_list '><span class='hr-inner ' ><span class='hr-inner-style'><\/span><\/span><\/div>\n<div  class='av-buildercomment  av-blog-meta-html-info-disabled av-blog-meta-tag-disabled  '><\/div>\n","protected":false},"excerpt":{"rendered":"","protected":false},"author":1,"featured_media":56337,"comment_status":"closed","ping_status":"closed","sticky":false,"template":"","format":"standard","meta":{"footnotes":""},"categories":[1],"tags":[],"class_list":["post-56336","post","type-post","status-publish","format-standard","has-post-thumbnail","hentry","category-sin-categoria"],"jetpack_featured_media_url":"https:\/\/radiorevelacionfm.cl\/wp-content\/uploads\/2025\/07\/inicio-novena-academia-1-1.jpg","_links":{"self":[{"href":"https:\/\/radiorevelacionfm.cl\/index.php?rest_route=\/wp\/v2\/posts\/56336","targetHints":{"allow":["GET"]}}],"collection":[{"href":"https:\/\/radiorevelacionfm.cl\/index.php?rest_route=\/wp\/v2\/posts"}],"about":[{"href":"https:\/\/radiorevelacionfm.cl\/index.php?rest_route=\/wp\/v2\/types\/post"}],"author":[{"embeddable":true,"href":"https:\/\/radiorevelacionfm.cl\/index.php?rest_route=\/wp\/v2\/users\/1"}],"replies":[{"embeddable":true,"href":"https:\/\/radiorevelacionfm.cl\/index.php?rest_route=%2Fwp%2Fv2%2Fcomments&post=56336"}],"version-history":[{"count":2,"href":"https:\/\/radiorevelacionfm.cl\/index.php?rest_route=\/wp\/v2\/posts\/56336\/revisions"}],"predecessor-version":[{"id":56356,"href":"https:\/\/radiorevelacionfm.cl\/index.php?rest_route=\/wp\/v2\/posts\/56336\/revisions\/56356"}],"wp:featuredmedia":[{"embeddable":true,"href":"https:\/\/radiorevelacionfm.cl\/index.php?rest_route=\/wp\/v2\/media\/56337"}],"wp:attachment":[{"href":"https:\/\/radiorevelacionfm.cl\/index.php?rest_route=%2Fwp%2Fv2%2Fmedia&parent=56336"}],"wp:term":[{"taxonomy":"category","embeddable":true,"href":"https:\/\/radiorevelacionfm.cl\/index.php?rest_route=%2Fwp%2Fv2%2Fcategories&post=56336"},{"taxonomy":"post_tag","embeddable":true,"href":"https:\/\/radiorevelacionfm.cl\/index.php?rest_route=%2Fwp%2Fv2%2Ftags&post=56336"}],"curies":[{"name":"wp","href":"https:\/\/api.w.org\/{rel}","templated":true}]}}