{"id":56333,"date":"2025-07-09T21:08:37","date_gmt":"2025-07-10T00:08:37","guid":{"rendered":"https:\/\/radiorevelacionfm.cl\/?p=56333"},"modified":"2025-07-09T21:08:37","modified_gmt":"2025-07-10T00:08:37","slug":"cochrane-da-un-paso-decisivo-hacia-su-desarrollo-turistico-y-productivo-con-inversion-historica-de-1-926-millones","status":"publish","type":"post","link":"https:\/\/radiorevelacionfm.cl\/?p=56333","title":{"rendered":"Cochrane da un paso decisivo hacia su Desarrollo Tur\u00edstico y Productivo con inversi\u00f3n hist\u00f3rica de $1.926 millones"},"content":{"rendered":"<div class=\"flex_column av_one_full  flex_column_div av-zero-column-padding first  avia-builder-el-0  el_before_av_one_full  avia-builder-el-first  \" style='border-radius:0px; '><div  class='avia-image-container  av-styling-    avia-builder-el-1  avia-builder-el-no-sibling  avia-align-center '  itemprop=\"image\" itemscope=\"itemscope\" itemtype=\"https:\/\/schema.org\/ImageObject\"  ><div class='avia-image-container-inner'><div class='avia-image-overlay-wrap'><img decoding=\"async\" class='wp-image-56334 avia-img-lazy-loading-not-56334 avia_image' src=\"https:\/\/radiorevelacionfm.cl\/wp-content\/uploads\/2025\/07\/Programa-fomento-y-turismo_core-2-1-1.jpeg\" alt='' title='Programa fomento y turismo_core (2) (1) (1)' height=\"600\" width=\"899\"  itemprop=\"thumbnailUrl\" srcset=\"https:\/\/radiorevelacionfm.cl\/wp-content\/uploads\/2025\/07\/Programa-fomento-y-turismo_core-2-1-1.jpeg 899w, https:\/\/radiorevelacionfm.cl\/wp-content\/uploads\/2025\/07\/Programa-fomento-y-turismo_core-2-1-1-300x200.jpeg 300w, https:\/\/radiorevelacionfm.cl\/wp-content\/uploads\/2025\/07\/Programa-fomento-y-turismo_core-2-1-1-768x513.jpeg 768w, https:\/\/radiorevelacionfm.cl\/wp-content\/uploads\/2025\/07\/Programa-fomento-y-turismo_core-2-1-1-705x471.jpeg 705w, https:\/\/radiorevelacionfm.cl\/wp-content\/uploads\/2025\/07\/Programa-fomento-y-turismo_core-2-1-1-450x300.jpeg 450w, https:\/\/radiorevelacionfm.cl\/wp-content\/uploads\/2025\/07\/Programa-fomento-y-turismo_core-2-1-1-600x400.jpeg 600w\" sizes=\"(max-width: 899px) 100vw, 899px\" \/><\/div><\/div><\/div><\/div><div class=\"flex_column av_one_full  flex_column_div av-zero-column-padding first  avia-builder-el-2  el_after_av_one_full  el_before_av_one_full  column-top-margin\" style='border-radius:0px; '><section class=\"av_textblock_section \"  itemscope=\"itemscope\" itemtype=\"https:\/\/schema.org\/BlogPosting\" itemprop=\"blogPost\" ><div class='avia_textblock  '   itemprop=\"text\" ><p style=\"text-align: center;\"><span style=\"font-size: 18pt;\"><strong>Cochrane da un paso decisivo hacia su Desarrollo Tur\u00edstico y Productivo con inversi\u00f3n hist\u00f3rica de $1.926 millones<\/strong><\/span><\/p>\n<div id=\"gtx-trans\" style=\"position: absolute; left: -50px; top: 4.31534px;\">\n<div class=\"gtx-trans-icon\"><\/div>\n<\/div>\n<\/div><\/section><\/div><div class=\"flex_column av_one_full  flex_column_div av-zero-column-padding first  avia-builder-el-4  el_after_av_one_full  el_before_av_hr  column-top-margin\" style='border-radius:0px; '><section class=\"av_textblock_section \"  itemscope=\"itemscope\" itemtype=\"https:\/\/schema.org\/BlogPosting\" itemprop=\"blogPost\" ><div class='avia_textblock  '   itemprop=\"text\" ><div class=\"v1elementToProof\" style=\"text-align: justify;\">En una jornada hist\u00f3rica para la comuna de Cochrane, el Consejo Regional de Ays\u00e9n aprob\u00f3 por unanimidad el financiamiento del ambicioso programa \u00abTransferencia para el Desarrollo del Turismo y Fomento Productivo de la Comuna de Cochrane\u00bb, iniciativa presentada por la Ilustre Municipalidad de Cochrane y que contempla una inversi\u00f3n r\u00e9cord de $1.926.193.000, con cargo al Fondo Nacional de Desarrollo Regional (FNDR). Este proyecto se ejecutar\u00e1 entre los a\u00f1os 2025 y 2028, consolid\u00e1ndose como una de las principales apuestas de desarrollo econ\u00f3mico, social y territorial para el sur austral de la regi\u00f3n.<\/div>\n<div class=\"v1elementToProof\" style=\"text-align: justify;\">El dise\u00f1o de esta pol\u00edtica p\u00fablica comunal se gest\u00f3 a partir de un amplio proceso de participaci\u00f3n ciudadana, que incluy\u00f3 instancias con actores clave como la C\u00e1mara de Comercio, agrupaciones de gu\u00edas de turismo, emprendedores locales, la Corporaci\u00f3n Los Glaciares, artesanos, comit\u00e9s productivos, organizaciones sociales y los propios consejeros regionales de la provincia Capit\u00e1n Prat. La voz de la comunidad fue esencial para definir los componentes, ejes estrat\u00e9gicos y prioridades del programa.<\/div>\n<div class=\"v1elementToProof\" style=\"text-align: justify;\">Se proyecta que esta iniciativa beneficiar\u00e1 directamente a 3.490 personas, entre productores de alimentos, artesanos, emprendedores tur\u00edsticos y operadores del comercio local.<\/div>\n<div class=\"v1elementToProof\" style=\"text-align: justify;\">El programa contempla actividades claves para posicionar al DESTINO COCHRANE: rutas tur\u00edsticas de verano e invierno (Ruta del Huemul, Cord\u00f3n Esmeralda, Monte San Lorenzo), festivales identitarios (Escarcha, Chilenidad, Ovejer\u00eda), ferias productivas, y el fortalecimiento del emprendimiento local mediante inversi\u00f3n, capacitaci\u00f3n, promoci\u00f3n y contrataci\u00f3n de profesionales en turismo y marketing. Tambi\u00e9n incluye apoyo directo a productores de alimentos y artesan\u00edas como mermeladas, licores, lana, madera y cuero.<\/div>\n<div class=\"v1elementToProof\" style=\"text-align: justify;\"><b>Al respecto, el alcalde de la comuna, Patricio Ulloa Georgia, se\u00f1al\u00f3\u00a0<\/b>\u00abNos sentimos tremendamente orgullosos porque adem\u00e1s es un programa robusto que recoge las necesidades y las propuestas que nos hicieron nuestros emprendedores de los distintos rubros de la comuna. Este programa, con acciones concretas, busca que Cochrane tenga turismo todo el a\u00f1o. Queremos transformar el destino Cochrane en uno que funcione los 12 meses, y apostamos con fuerza a romper la estacionalidad. Agradezco al gobernador regional, a todos los consejeros regionales, y especialmente a nuestros consejeros de Capit\u00e1n Prat, Ana Mar\u00eda Mora y Rodrigo Rivera, por transmitir el sentir y las necesidades de la comunidad. Este programa recoge sue\u00f1os y los transforma en acciones concretas para posicionar a Cochrane como un destino tur\u00edstico robusto y una comuna que genera oportunidades.\u00bb<\/div>\n<div class=\"v1elementToProof\" style=\"text-align: justify;\"><b>Desde el Gobierno Regional, el gobernador Marcelo Santana valor\u00f3 la iniciativa afirmando<\/b>\u00a0\u00abCochrane tiene todas las virtudes para transformarse en una comuna pujante. El turismo se ha ido convirtiendo en una actividad econ\u00f3mica relevante para toda la provincia de Capit\u00e1n Prat, as\u00ed como tambi\u00e9n los ecosistemas de emprendimiento agr\u00edcola y ganadero. Hoy el Gobierno Regional pone a disposici\u00f3n $1.926 millones para que, en tres a\u00f1os, el municipio desarrolle un potente programa de fomento productivo. Estamos contentos por la alta participaci\u00f3n de la comunidad cochranina y no cabe duda de que este programa va a ser un incentivo positivo al desarrollo econ\u00f3mico local.\u00bb<\/div>\n<div class=\"v1elementToProof\" style=\"text-align: justify;\">Por su parte, la\u00a0<b>consejera regional de la Provincia Capit\u00e1n Prat Ana Mar\u00eda Mora<\/b>\u00a0destac\u00f3 el trabajo colaborativo detr\u00e1s de esta aprobaci\u00f3n \u00abFelicitar al alcalde y a su equipo por sacar adelante este tremendo programa. Saludo especialmente a los emprendedores de todos los rubros de la comuna, tanto urbanos como rurales, que ser\u00e1n beneficiados por este proyecto. Turismo involucra todo: desde la se\u00f1ora que vende lechugas hasta quien hace cabalgatas. Este programa rompe la estacionalidad y demuestra una gran participaci\u00f3n ciudadana.\u00bb<\/div>\n<div class=\"v1elementToProof\" style=\"text-align: justify;\">En tanto, el<b>\u00a0consejero regional Rodrigo Rivera<\/b>\u00a0valor\u00f3 la articulaci\u00f3n con la sociedad civil y gremios locales, se\u00f1alando \u00abEste programa robusto y s\u00f3lido fue construido con gran participaci\u00f3n ciudadana, lo que permite una base firme para su desarrollo. La Agrupaci\u00f3n de Gu\u00edas, la Asociaci\u00f3n Gremial, la C\u00e1mara de Comercio, y Patagonia Intensa, entre otros, fortalecen esta iniciativa. Se vienen tres a\u00f1os para fortalecer a nuestros emprendedores tur\u00edsticos, romper la estacionalidad y consolidar el destino Cochrane con actividades durante todo el a\u00f1o. Invitamos a toda la regi\u00f3n de Ays\u00e9n a sumarse a lo que viene.\u00bb<\/div>\n<div class=\"v1elementToProof\" style=\"text-align: justify;\">El programa contempla una duraci\u00f3n de 36 meses y representa un compromiso claro con la diversificaci\u00f3n econ\u00f3mica, el fortalecimiento de la oferta tur\u00edstica, la reactivaci\u00f3n econ\u00f3mica y el rescate de las tradiciones locales. Con esta inversi\u00f3n, Cochrane no solo fortalece su vocaci\u00f3n tur\u00edstica, sino que proyecta su desarrollo desde la identidad, el posicionamiento del destino tur\u00edstico, trabajo colaborativo y la sustentabilidad.<\/div>\n<\/div><\/section><\/div><div  style='height:50px' class='hr hr-invisible   avia-builder-el-6  el_after_av_one_full  el_before_av_social_share '><span class='hr-inner ' ><span class='hr-inner-style'><\/span><\/span><\/div><\/p>\n<div  class='av-social-sharing-box  avia-builder-el-7  el_after_av_hr  el_before_av_hr  '><div class='av-share-box'><h5 class='av-share-link-description av-no-toc '>Compartir esta noticia<\/h5><ul class='av-share-box-list noLightbox'><li class='av-share-link av-social-link-facebook' ><a target=\"_blank\" aria-label=\"Compartir en Facebook\" href='https:\/\/www.facebook.com\/sharer.php?u=https:\/\/radiorevelacionfm.cl\/?p=56333&#038;t=Cochrane%20da%20un%20paso%20decisivo%20hacia%20su%20Desarrollo%20Tur%C3%ADstico%20y%20Productivo%20con%20inversi%C3%B3n%20hist%C3%B3rica%20de%20%241.926%20millones' aria-hidden='false' data-av_icon='\ue8f3' data-av_iconfont='entypo-fontello' title='' data-avia-related-tooltip='Compartir en Facebook' rel=\"noopener\"><span class='avia_hidden_link_text'>Compartir en Facebook<\/span><\/a><\/li><li class='av-share-link av-social-link-twitter' ><a target=\"_blank\" aria-label=\"Compartir en Twitter\" href='https:\/\/twitter.com\/share?text=Cochrane%20da%20un%20paso%20decisivo%20hacia%20su%20Desarrollo%20Tur%C3%ADstico%20y%20Productivo%20con%20inversi%C3%B3n%20hist%C3%B3rica%20de%20%241.926%20millones&#038;url=https:\/\/radiorevelacionfm.cl\/?p=56333' aria-hidden='false' data-av_icon='\ue8f1' data-av_iconfont='entypo-fontello' title='' data-avia-related-tooltip='Compartir en Twitter' rel=\"noopener\"><span class='avia_hidden_link_text'>Compartir en Twitter<\/span><\/a><\/li><li class='av-share-link av-social-link-whatsapp' ><a target=\"_blank\" aria-label=\"Compartir en Whatsapp\" href='https:\/\/api.whatsapp.com\/send?text=https:\/\/radiorevelacionfm.cl\/?p=56333' aria-hidden='false' data-av_icon='\uf232' data-av_iconfont='entypo-fontello' title='' data-avia-related-tooltip='Compartir en Whatsapp' rel=\"noopener\"><span class='avia_hidden_link_text'>Compartir en Whatsapp<\/span><\/a><\/li><li class='av-share-link av-social-link-linkedin' ><a target=\"_blank\" aria-label=\"Compartir en LinkedIn\" href='https:\/\/linkedin.com\/shareArticle?mini=true&#038;title=Cochrane%20da%20un%20paso%20decisivo%20hacia%20su%20Desarrollo%20Tur%C3%ADstico%20y%20Productivo%20con%20inversi%C3%B3n%20hist%C3%B3rica%20de%20%241.926%20millones&#038;url=https:\/\/radiorevelacionfm.cl\/?p=56333' aria-hidden='false' data-av_icon='\ue8fc' data-av_iconfont='entypo-fontello' title='' data-avia-related-tooltip='Compartir en LinkedIn' rel=\"noopener\"><span class='avia_hidden_link_text'>Compartir en LinkedIn<\/span><\/a><\/li><li class='av-share-link av-social-link-mail' ><a  aria-label=\"Compartir por correo\" href='mailto:?subject=Cochrane%20da%20un%20paso%20decisivo%20hacia%20su%20Desarrollo%20Tur%C3%ADstico%20y%20Productivo%20con%20inversi%C3%B3n%20hist%C3%B3rica%20de%20%241.926%20millones&#038;body=https:\/\/radiorevelacionfm.cl\/?p=56333' aria-hidden='false' data-av_icon='\ue805' data-av_iconfont='entypo-fontello' title='' data-avia-related-tooltip='Compartir por correo'><span class='avia_hidden_link_text'>Compartir por correo<\/span><\/a><\/li><\/ul><\/div><\/div>\n<div  style='height:50px' class='hr hr-invisible   avia-builder-el-8  el_after_av_social_share  el_before_av_comments_list '><span class='hr-inner ' ><span class='hr-inner-style'><\/span><\/span><\/div>\n<div  class='av-buildercomment  av-blog-meta-html-info-disabled av-blog-meta-tag-disabled  '><\/div>\n","protected":false},"excerpt":{"rendered":"","protected":false},"author":1,"featured_media":56334,"comment_status":"closed","ping_status":"closed","sticky":false,"template":"","format":"standard","meta":{"footnotes":""},"categories":[37],"tags":[],"class_list":["post-56333","post","type-post","status-publish","format-standard","has-post-thumbnail","hentry","category-economia"],"jetpack_featured_media_url":"https:\/\/radiorevelacionfm.cl\/wp-content\/uploads\/2025\/07\/Programa-fomento-y-turismo_core-2-1-1.jpeg","_links":{"self":[{"href":"https:\/\/radiorevelacionfm.cl\/index.php?rest_route=\/wp\/v2\/posts\/56333","targetHints":{"allow":["GET"]}}],"collection":[{"href":"https:\/\/radiorevelacionfm.cl\/index.php?rest_route=\/wp\/v2\/posts"}],"about":[{"href":"https:\/\/radiorevelacionfm.cl\/index.php?rest_route=\/wp\/v2\/types\/post"}],"author":[{"embeddable":true,"href":"https:\/\/radiorevelacionfm.cl\/index.php?rest_route=\/wp\/v2\/users\/1"}],"replies":[{"embeddable":true,"href":"https:\/\/radiorevelacionfm.cl\/index.php?rest_route=%2Fwp%2Fv2%2Fcomments&post=56333"}],"version-history":[{"count":2,"href":"https:\/\/radiorevelacionfm.cl\/index.php?rest_route=\/wp\/v2\/posts\/56333\/revisions"}],"predecessor-version":[{"id":56354,"href":"https:\/\/radiorevelacionfm.cl\/index.php?rest_route=\/wp\/v2\/posts\/56333\/revisions\/56354"}],"wp:featuredmedia":[{"embeddable":true,"href":"https:\/\/radiorevelacionfm.cl\/index.php?rest_route=\/wp\/v2\/media\/56334"}],"wp:attachment":[{"href":"https:\/\/radiorevelacionfm.cl\/index.php?rest_route=%2Fwp%2Fv2%2Fmedia&parent=56333"}],"wp:term":[{"taxonomy":"category","embeddable":true,"href":"https:\/\/radiorevelacionfm.cl\/index.php?rest_route=%2Fwp%2Fv2%2Fcategories&post=56333"},{"taxonomy":"post_tag","embeddable":true,"href":"https:\/\/radiorevelacionfm.cl\/index.php?rest_route=%2Fwp%2Fv2%2Ftags&post=56333"}],"curies":[{"name":"wp","href":"https:\/\/api.w.org\/{rel}","templated":true}]}}