{"id":56330,"date":"2025-07-09T17:49:17","date_gmt":"2025-07-09T20:49:17","guid":{"rendered":"https:\/\/radiorevelacionfm.cl\/?p=56330"},"modified":"2025-07-09T17:49:17","modified_gmt":"2025-07-09T20:49:17","slug":"gobierno-regional-de-aysen-aprueba-por-unanimidad-la-creacion-de-una-corporacion-de-desarrollo-regional","status":"publish","type":"post","link":"https:\/\/radiorevelacionfm.cl\/?p=56330","title":{"rendered":"Gobierno Regional de Ays\u00e9n aprueba por unanimidad la creaci\u00f3n de una Corporaci\u00f3n de Desarrollo Regional"},"content":{"rendered":"<div class=\"flex_column av_one_full  flex_column_div av-zero-column-padding first  avia-builder-el-0  el_before_av_one_full  avia-builder-el-first  \" style='border-radius:0px; '><div  class='avia-image-container  av-styling-    avia-builder-el-1  avia-builder-el-no-sibling  avia-align-center '  itemprop=\"image\" itemscope=\"itemscope\" itemtype=\"https:\/\/schema.org\/ImageObject\"  ><div class='avia-image-container-inner'><div class='avia-image-overlay-wrap'><img decoding=\"async\" class='wp-image-56331 avia-img-lazy-loading-not-56331 avia_image' src=\"https:\/\/radiorevelacionfm.cl\/wp-content\/uploads\/2025\/07\/Aprobacion-Corporacion-1-1.jpeg\" alt='' title='Aprobaci\u00f3n Corporaci\u00f3n (1) (1)' height=\"600\" width=\"899\"  itemprop=\"thumbnailUrl\" srcset=\"https:\/\/radiorevelacionfm.cl\/wp-content\/uploads\/2025\/07\/Aprobacion-Corporacion-1-1.jpeg 899w, https:\/\/radiorevelacionfm.cl\/wp-content\/uploads\/2025\/07\/Aprobacion-Corporacion-1-1-300x200.jpeg 300w, https:\/\/radiorevelacionfm.cl\/wp-content\/uploads\/2025\/07\/Aprobacion-Corporacion-1-1-768x513.jpeg 768w, https:\/\/radiorevelacionfm.cl\/wp-content\/uploads\/2025\/07\/Aprobacion-Corporacion-1-1-705x471.jpeg 705w, https:\/\/radiorevelacionfm.cl\/wp-content\/uploads\/2025\/07\/Aprobacion-Corporacion-1-1-450x300.jpeg 450w, https:\/\/radiorevelacionfm.cl\/wp-content\/uploads\/2025\/07\/Aprobacion-Corporacion-1-1-600x400.jpeg 600w\" sizes=\"(max-width: 899px) 100vw, 899px\" \/><\/div><\/div><\/div><\/div><div class=\"flex_column av_one_full  flex_column_div av-zero-column-padding first  avia-builder-el-2  el_after_av_one_full  el_before_av_one_full  column-top-margin\" style='border-radius:0px; '><section class=\"av_textblock_section \"  itemscope=\"itemscope\" itemtype=\"https:\/\/schema.org\/BlogPosting\" itemprop=\"blogPost\" ><div class='avia_textblock  '   itemprop=\"text\" ><p style=\"text-align: center;\"><span style=\"font-size: 18pt;\"><strong>Gobierno Regional de Ays\u00e9n aprueba por unanimidad la creaci\u00f3n de una Corporaci\u00f3n de Desarrollo Regional <\/strong><\/span><\/p>\n<div id=\"gtx-trans\" style=\"position: absolute; left: -50px; top: 4.31534px;\">\n<div class=\"gtx-trans-icon\"><\/div>\n<\/div>\n<\/div><\/section><\/div><div class=\"flex_column av_one_full  flex_column_div av-zero-column-padding first  avia-builder-el-4  el_after_av_one_full  el_before_av_hr  column-top-margin\" style='border-radius:0px; '><section class=\"av_textblock_section \"  itemscope=\"itemscope\" itemtype=\"https:\/\/schema.org\/BlogPosting\" itemprop=\"blogPost\" ><div class='avia_textblock  '   itemprop=\"text\" ><p style=\"text-align: justify;\"><em>Esta nueva figura permitir\u00e1 acelerar la inversi\u00f3n e implementaci\u00f3n de proyectos en conjunto con el sector privado en \u00e1mbitos productivos claves para la regi\u00f3n como el turismo, la ganader\u00eda, la agricultura, la pesca y acuicultura y la energ\u00eda.<\/em><br \/>\nEste mi\u00e9rcoles 9 de julio, tras un esfuerzo conjunto el Gobierno Regional y los miembros de su Consejo aprobaron por unanimidad la creaci\u00f3n de la Corporaci\u00f3n de Desarrollo Regional de Ays\u00e9n. La corporaci\u00f3n permitir\u00e1 facilitar la colaboraci\u00f3n entre el sector p\u00fablico y privado para impulsar proyectos, de manera m\u00e1s \u00e1gil y eficiente, orientados a promover la reactivaci\u00f3n econ\u00f3mica de la regi\u00f3n, promoviendo el dinamismo de sectores como el turismo, la ganader\u00eda, la agricultura, la pesca y acuicultura y la energ\u00eda.<br \/>\nEl gobernador regional de Ays\u00e9n, Marcelo Santana Vargas, enfatiz\u00f3 que esta es una de las iniciativas clave del eje pro crecimiento de su plan estrat\u00e9gico: \u201cNosotros como regi\u00f3n tenemos que dar un salto cuantitativo en materia de desarrollo tur\u00edstico de la regi\u00f3n, por lo tanto, el turismo ser\u00e1 una de las l\u00edneas que vamos a trabajar. Tenemos un inmenso mar que genera alimentos para Chile y para el mundo y queremos que, desde la corporaci\u00f3n se pueda insumar con estudios, con tecnolog\u00eda, que permita el desarrollo de la actividad no solo asociada a la econom\u00eda mar\u00edtima, sino que tambi\u00e9n al desarrollo de localidades del litoral de Ays\u00e9n\u201d.<br \/>\nAsimismo, el gobernador regional destac\u00f3 que este acuerdo se logr\u00f3 luego de tres intentos en los \u00faltimos 15 a\u00f1os. La propuesta de esta administraci\u00f3n, que se discuti\u00f3 durante cerca de cuatro meses por el Consejo Regional, recoge algunos aspectos de esas iniciativas previas, con foco en las actividades productivas de Ays\u00e9n: \u201cCreemos que nuestra regi\u00f3n necesita incentivos especiales para su desarrollo&#8230;Hoy d\u00eda es una propuesta refundida con la participaci\u00f3n activa del Consejo Regional que recoge distintas miradas\u201d, agreg\u00f3.<br \/>\nEl presidente de la Comisi\u00f3n de Fomento Productivo, el consejero Eligio Montecinos, destac\u00f3 que la corporaci\u00f3n permitir\u00e1 al Gobierno Regional mayor independencia en la utilizaci\u00f3n de los recursos: \u201cYa no vamos a depender de terceros, no vamos a depender del MOP ni de ning\u00fan otro ministerio. Vamos a depender de nuestra propia casa. Aqu\u00ed van a estar los profesionales y se les va a poder impartir claros acuerdos\u2026Usted en dos a\u00f1os me<br \/>\ntiene este dise\u00f1o y vamos a empezar a ejecutar ese camino\u201d.<br \/>\nEn tanto que el consejero regional Benjamin Infante enfatiz\u00f3 que se dio un gran paso: \u201cTodas las regiones de nuestro pa\u00eds el d\u00eda de hoy, salvo Ays\u00e9n, cuentan con esta herramienta. Una Corporaci\u00f3n de Desarrollo Regional, dado que es una herramienta que permite ahorrar recursos, permite emprender iniciativas econ\u00f3micas por parte de los gobiernos regionales y, en tercer lugar, normar a partir de instrumentos propios la distribuci\u00f3n de esos recursos. Con esta aprobaci\u00f3n el gobierno regional saca a Ays\u00e9n de esa excepci\u00f3n\u201d.<br \/>\nLa consejera Andrea Ponce se refiri\u00f3 a los aspectos incluidos en materia de transparencia y buen uso de los recursos: \u201cTrabajamos en mecanismos de control. Trabajamos en c\u00f3mo cuidar esta corporaci\u00f3n desde el punto de vista de la probidad que es muy relevante.<br \/>\nNing\u00fan peso de esta corporaci\u00f3n ni del Gobierno Regional nos pertenece a ninguno de nosotros. Es para ser usado en la Regi\u00f3n de Ays\u00e9n. Es para el beneficio de los vecinos y vecinas\u201d.<br \/>\nLa consejera Marisol Mart\u00ednez manifest\u00f3 su satisfacci\u00f3n con el acuerdo un\u00e1nime que logr\u00f3 el Consejo Regional: \u201cEs una corporaci\u00f3n de desarrollo productivo, pero tambi\u00e9n lo es social, cultural y deportivo. Es importante porque todos esos elementos que tambi\u00e9n estaban en la propuesta anterior est\u00e1n ahora. Tambi\u00e9n se ha pedido asegurar la transversalidad de la participaci\u00f3n en este proceso en todas sus materias y, por cierto, la importancia de la transparencia en todos sus procesos y la representaci\u00f3n regional en cada uno de los espacios.<\/p>\n<\/div><\/section><\/div><div  style='height:50px' class='hr hr-invisible   avia-builder-el-6  el_after_av_one_full  el_before_av_social_share '><span class='hr-inner ' ><span class='hr-inner-style'><\/span><\/span><\/div><\/p>\n<div  class='av-social-sharing-box  avia-builder-el-7  el_after_av_hr  el_before_av_hr  '><div class='av-share-box'><h5 class='av-share-link-description av-no-toc '>Compartir esta noticia<\/h5><ul class='av-share-box-list noLightbox'><li class='av-share-link av-social-link-facebook' ><a target=\"_blank\" aria-label=\"Compartir en Facebook\" href='https:\/\/www.facebook.com\/sharer.php?u=https:\/\/radiorevelacionfm.cl\/?p=56330&#038;t=Gobierno%20Regional%20de%20Ays%C3%A9n%20aprueba%20por%20unanimidad%20la%20creaci%C3%B3n%20de%20una%20Corporaci%C3%B3n%20de%20Desarrollo%20Regional' aria-hidden='false' data-av_icon='\ue8f3' data-av_iconfont='entypo-fontello' title='' data-avia-related-tooltip='Compartir en Facebook' rel=\"noopener\"><span class='avia_hidden_link_text'>Compartir en Facebook<\/span><\/a><\/li><li class='av-share-link av-social-link-twitter' ><a target=\"_blank\" aria-label=\"Compartir en Twitter\" href='https:\/\/twitter.com\/share?text=Gobierno%20Regional%20de%20Ays%C3%A9n%20aprueba%20por%20unanimidad%20la%20creaci%C3%B3n%20de%20una%20Corporaci%C3%B3n%20de%20Desarrollo%20Regional&#038;url=https:\/\/radiorevelacionfm.cl\/?p=56330' aria-hidden='false' data-av_icon='\ue8f1' data-av_iconfont='entypo-fontello' title='' data-avia-related-tooltip='Compartir en Twitter' rel=\"noopener\"><span class='avia_hidden_link_text'>Compartir en Twitter<\/span><\/a><\/li><li class='av-share-link av-social-link-whatsapp' ><a target=\"_blank\" aria-label=\"Compartir en Whatsapp\" href='https:\/\/api.whatsapp.com\/send?text=https:\/\/radiorevelacionfm.cl\/?p=56330' aria-hidden='false' data-av_icon='\uf232' data-av_iconfont='entypo-fontello' title='' data-avia-related-tooltip='Compartir en Whatsapp' rel=\"noopener\"><span class='avia_hidden_link_text'>Compartir en Whatsapp<\/span><\/a><\/li><li class='av-share-link av-social-link-linkedin' ><a target=\"_blank\" aria-label=\"Compartir en LinkedIn\" href='https:\/\/linkedin.com\/shareArticle?mini=true&#038;title=Gobierno%20Regional%20de%20Ays%C3%A9n%20aprueba%20por%20unanimidad%20la%20creaci%C3%B3n%20de%20una%20Corporaci%C3%B3n%20de%20Desarrollo%20Regional&#038;url=https:\/\/radiorevelacionfm.cl\/?p=56330' aria-hidden='false' data-av_icon='\ue8fc' data-av_iconfont='entypo-fontello' title='' data-avia-related-tooltip='Compartir en LinkedIn' rel=\"noopener\"><span class='avia_hidden_link_text'>Compartir en LinkedIn<\/span><\/a><\/li><li class='av-share-link av-social-link-mail' ><a  aria-label=\"Compartir por correo\" href='mailto:?subject=Gobierno%20Regional%20de%20Ays%C3%A9n%20aprueba%20por%20unanimidad%20la%20creaci%C3%B3n%20de%20una%20Corporaci%C3%B3n%20de%20Desarrollo%20Regional&#038;body=https:\/\/radiorevelacionfm.cl\/?p=56330' aria-hidden='false' data-av_icon='\ue805' data-av_iconfont='entypo-fontello' title='' data-avia-related-tooltip='Compartir por correo'><span class='avia_hidden_link_text'>Compartir por correo<\/span><\/a><\/li><\/ul><\/div><\/div>\n<div  style='height:50px' class='hr hr-invisible   avia-builder-el-8  el_after_av_social_share  el_before_av_comments_list '><span class='hr-inner ' ><span class='hr-inner-style'><\/span><\/span><\/div>\n<div  class='av-buildercomment  av-blog-meta-html-info-disabled av-blog-meta-tag-disabled  '><\/div>\n","protected":false},"excerpt":{"rendered":"","protected":false},"author":1,"featured_media":56331,"comment_status":"closed","ping_status":"closed","sticky":false,"template":"","format":"standard","meta":{"footnotes":""},"categories":[35],"tags":[],"class_list":["post-56330","post","type-post","status-publish","format-standard","has-post-thumbnail","hentry","category-politica"],"jetpack_featured_media_url":"https:\/\/radiorevelacionfm.cl\/wp-content\/uploads\/2025\/07\/Aprobacion-Corporacion-1-1.jpeg","_links":{"self":[{"href":"https:\/\/radiorevelacionfm.cl\/index.php?rest_route=\/wp\/v2\/posts\/56330","targetHints":{"allow":["GET"]}}],"collection":[{"href":"https:\/\/radiorevelacionfm.cl\/index.php?rest_route=\/wp\/v2\/posts"}],"about":[{"href":"https:\/\/radiorevelacionfm.cl\/index.php?rest_route=\/wp\/v2\/types\/post"}],"author":[{"embeddable":true,"href":"https:\/\/radiorevelacionfm.cl\/index.php?rest_route=\/wp\/v2\/users\/1"}],"replies":[{"embeddable":true,"href":"https:\/\/radiorevelacionfm.cl\/index.php?rest_route=%2Fwp%2Fv2%2Fcomments&post=56330"}],"version-history":[{"count":2,"href":"https:\/\/radiorevelacionfm.cl\/index.php?rest_route=\/wp\/v2\/posts\/56330\/revisions"}],"predecessor-version":[{"id":56355,"href":"https:\/\/radiorevelacionfm.cl\/index.php?rest_route=\/wp\/v2\/posts\/56330\/revisions\/56355"}],"wp:featuredmedia":[{"embeddable":true,"href":"https:\/\/radiorevelacionfm.cl\/index.php?rest_route=\/wp\/v2\/media\/56331"}],"wp:attachment":[{"href":"https:\/\/radiorevelacionfm.cl\/index.php?rest_route=%2Fwp%2Fv2%2Fmedia&parent=56330"}],"wp:term":[{"taxonomy":"category","embeddable":true,"href":"https:\/\/radiorevelacionfm.cl\/index.php?rest_route=%2Fwp%2Fv2%2Fcategories&post=56330"},{"taxonomy":"post_tag","embeddable":true,"href":"https:\/\/radiorevelacionfm.cl\/index.php?rest_route=%2Fwp%2Fv2%2Ftags&post=56330"}],"curies":[{"name":"wp","href":"https:\/\/api.w.org\/{rel}","templated":true}]}}