{"id":5633,"date":"2021-06-25T13:42:45","date_gmt":"2021-06-25T16:42:45","guid":{"rendered":"https:\/\/radiorevelacionfm.cl\/?p=5633"},"modified":"2021-06-25T14:15:08","modified_gmt":"2021-06-25T17:15:08","slug":"en-tortel-ind-entrego-implementacion-deportiva-para-desarrollo-de-taller-polideportivo","status":"publish","type":"post","link":"https:\/\/radiorevelacionfm.cl\/?p=5633","title":{"rendered":"En Tortel IND entreg\u00f3 implementaci\u00f3n deportiva para desarrollo de taller polideportivo"},"content":{"rendered":"<div class=\"flex_column av_one_full  flex_column_div av-zero-column-padding first  avia-builder-el-0  el_before_av_one_full  avia-builder-el-first  \" style='border-radius:0px; '><div  class='avia-image-container  av-styling-    avia-builder-el-1  avia-builder-el-no-sibling  avia-align-center '  itemprop=\"image\" itemscope=\"itemscope\" itemtype=\"https:\/\/schema.org\/ImageObject\"  ><div class='avia-image-container-inner'><div class='avia-image-overlay-wrap'><img decoding=\"async\" class='wp-image-5638 avia-img-lazy-loading-not-5638 avia_image' src=\"https:\/\/radiorevelacionfm.cl\/wp-content\/uploads\/2021\/06\/Ind-20210430-WA0157-1-1-1.jpg\" alt='' title='Ind-20210430-WA0157 (1) (1) (1)' height=\"600\" width=\"802\"  itemprop=\"thumbnailUrl\" srcset=\"https:\/\/radiorevelacionfm.cl\/wp-content\/uploads\/2021\/06\/Ind-20210430-WA0157-1-1-1.jpg 802w, https:\/\/radiorevelacionfm.cl\/wp-content\/uploads\/2021\/06\/Ind-20210430-WA0157-1-1-1-300x224.jpg 300w, https:\/\/radiorevelacionfm.cl\/wp-content\/uploads\/2021\/06\/Ind-20210430-WA0157-1-1-1-768x575.jpg 768w, https:\/\/radiorevelacionfm.cl\/wp-content\/uploads\/2021\/06\/Ind-20210430-WA0157-1-1-1-705x527.jpg 705w, https:\/\/radiorevelacionfm.cl\/wp-content\/uploads\/2021\/06\/Ind-20210430-WA0157-1-1-1-600x449.jpg 600w\" sizes=\"(max-width: 802px) 100vw, 802px\" \/><\/div><\/div><\/div><\/div><div class=\"flex_column av_one_full  flex_column_div av-zero-column-padding first  avia-builder-el-2  el_after_av_one_full  el_before_av_one_full  column-top-margin\" style='border-radius:0px; '><section class=\"av_textblock_section \"  itemscope=\"itemscope\" itemtype=\"https:\/\/schema.org\/BlogPosting\" itemprop=\"blogPost\" ><div class='avia_textblock  '   itemprop=\"text\" ><p style=\"text-align: center;\"><strong><span style=\"font-size: 18pt;\">En Tortel IND entreg\u00f3 implementaci\u00f3n deportiva para desarrollo de taller polideportivo<\/span><\/strong><\/p>\n<div id=\"gtx-trans\" style=\"position: absolute; left: -50px; top: 4.31534px;\">\n<div class=\"gtx-trans-icon\"><\/div>\n<\/div>\n<\/div><\/section><\/div><\/p>\n<div class=\"flex_column av_one_full  flex_column_div av-zero-column-padding first  avia-builder-el-4  el_after_av_one_full  el_before_av_hr  column-top-margin\" style='border-radius:0px; '><section class=\"av_textblock_section \"  itemscope=\"itemscope\" itemtype=\"https:\/\/schema.org\/BlogPosting\" itemprop=\"blogPost\" ><div class='avia_textblock  '   itemprop=\"text\" ><p class=\"v1MsoNormal\" style=\"text-align: justify;\"><span lang=\"ES-TRAD\">Desde mediados del mes de abril un total de 23 ni\u00f1as, ni\u00f1os y adolescentes de esta localidad ubicada en la zona sur de la regi\u00f3n participan del taller polideportivo que el profesor <\/span>Ademir S\u00e1ez imparte semanalmente. En este sentido, y como una forma de apoyar la continuidad y desarrollo del taller, un equipo de profesionales del Instituto Nacional de Deportes regional visit\u00f3 la comuna para entregar implementaci\u00f3n deportiva.<\/p>\n<p class=\"v1MsoNormal\" style=\"text-align: justify;\">Desde el Ministerio del Deporte, el Seremi Rodrigo Cubilla Retamal, valor\u00f3 la iniciativa destacando \u00abes muy emocionante confirmar que el trabajo que realizan los profesores y monitores del IND se ve reflejado finalmente en este tipo de acciones donde se llega a los lugares m\u00e1s distantes de la regi\u00f3n con diversa implementaci\u00f3n deportiva y talleres para que nuestros ni\u00f1os y adolescentes se familiaricen desde peque\u00f1os con la actividad f\u00edsica y el deporte\u00bb.<\/p>\n<p class=\"v1MsoNormal\" style=\"text-align: justify;\">Por su parte, Jos\u00e9 Manuel Sep\u00falveda, director regional del IND, indic\u00f3 \u00ab<span lang=\"ES-TRAD\">las clases presenciales de este taller polideportivo del componente \u00abdel Juego al Deporte\u00bb comenzaron el 19 de abril y se realizan a trav\u00e9s de dos <\/span>\u00a0sesiones semanales de una hora y media cada una, y con la entrega de <span lang=\"ES-TRAD\">este material deportivo, estamos promoviendo que los alumnos conozcan un gran n\u00famero de deportes, no obstante esto, el profesor dedica un mayor tiempo a trabajar la disciplina de Futsal\u00bb, concluy\u00f3 el director regional.<\/span><\/p>\n<p class=\"v1MsoNormal\" style=\"text-align: justify;\">Asimismo, Ademir Saez profesor del taller polideportivo sostuvo \u00abhemos estado trabajando por varios a\u00f1os junto al IND fortaleciendo el deporte y la actividad f\u00edsica en Tortel y actualmente trabajamos con 23 alumnos de la escuela municipal en horario extraescolar, divididos en grupos para no sobrepasar el aforo permitido, por lo que el material que nos trajeron es muy \u00fatil para trabajar las disciplinas de futsal, b\u00e1squetbol, voleibol y tenis de mesa\u00bb.<\/p>\n<p style=\"text-align: justify;\">El taller que finaliza \u00a0en el mes de noviembre, tiene por objetivo que ni\u00f1as, ni\u00f1os y adolescentes entre los 7 y 11 a\u00f1os potencien habilidades motoras y condicionantes, a trav\u00e9s de la pr\u00e1ctica de actividad f\u00edsica l\u00fadica, permitiendo el tr\u00e1nsito hacia la familiarizaci\u00f3n de contenidos y reglas b\u00e1sicas del deporte.<\/p>\n<p class=\"v1MsoNormal\" style=\"text-align: justify;\"><span lang=\"ES-TRAD\">\u00a0<\/span><\/p>\n<\/div><\/section><\/div>\n<div  style='height:50px' class='hr hr-invisible   avia-builder-el-6  el_after_av_one_full  el_before_av_social_share '><span class='hr-inner ' ><span class='hr-inner-style'><\/span><\/span><\/div>\n<div  class='av-social-sharing-box  avia-builder-el-7  el_after_av_hr  el_before_av_hr  '><div class='av-share-box'><h5 class='av-share-link-description av-no-toc '>Compartir esta noticia<\/h5><ul class='av-share-box-list noLightbox'><li class='av-share-link av-social-link-facebook' ><a target=\"_blank\" aria-label=\"Compartir en Facebook\" href='https:\/\/www.facebook.com\/sharer.php?u=https:\/\/radiorevelacionfm.cl\/?p=5633&#038;t=En%20Tortel%20IND%20entreg%C3%B3%20implementaci%C3%B3n%20deportiva%20para%20desarrollo%20de%20taller%20polideportivo' aria-hidden='false' data-av_icon='\ue8f3' data-av_iconfont='entypo-fontello' title='' data-avia-related-tooltip='Compartir en Facebook' rel=\"noopener\"><span class='avia_hidden_link_text'>Compartir en Facebook<\/span><\/a><\/li><li class='av-share-link av-social-link-twitter' ><a target=\"_blank\" aria-label=\"Compartir en Twitter\" href='https:\/\/twitter.com\/share?text=En%20Tortel%20IND%20entreg%C3%B3%20implementaci%C3%B3n%20deportiva%20para%20desarrollo%20de%20taller%20polideportivo&#038;url=https:\/\/radiorevelacionfm.cl\/?p=5633' aria-hidden='false' data-av_icon='\ue8f1' data-av_iconfont='entypo-fontello' title='' data-avia-related-tooltip='Compartir en Twitter' rel=\"noopener\"><span class='avia_hidden_link_text'>Compartir en Twitter<\/span><\/a><\/li><li class='av-share-link av-social-link-whatsapp' ><a target=\"_blank\" aria-label=\"Compartir en Whatsapp\" href='https:\/\/api.whatsapp.com\/send?text=https:\/\/radiorevelacionfm.cl\/?p=5633' aria-hidden='false' data-av_icon='\uf232' data-av_iconfont='entypo-fontello' title='' data-avia-related-tooltip='Compartir en Whatsapp' rel=\"noopener\"><span class='avia_hidden_link_text'>Compartir en Whatsapp<\/span><\/a><\/li><li class='av-share-link av-social-link-linkedin' ><a target=\"_blank\" aria-label=\"Compartir en LinkedIn\" href='https:\/\/linkedin.com\/shareArticle?mini=true&#038;title=En%20Tortel%20IND%20entreg%C3%B3%20implementaci%C3%B3n%20deportiva%20para%20desarrollo%20de%20taller%20polideportivo&#038;url=https:\/\/radiorevelacionfm.cl\/?p=5633' aria-hidden='false' data-av_icon='\ue8fc' data-av_iconfont='entypo-fontello' title='' data-avia-related-tooltip='Compartir en LinkedIn' rel=\"noopener\"><span class='avia_hidden_link_text'>Compartir en LinkedIn<\/span><\/a><\/li><li class='av-share-link av-social-link-mail' ><a  aria-label=\"Compartir por correo\" href='mailto:?subject=En%20Tortel%20IND%20entreg%C3%B3%20implementaci%C3%B3n%20deportiva%20para%20desarrollo%20de%20taller%20polideportivo&#038;body=https:\/\/radiorevelacionfm.cl\/?p=5633' aria-hidden='false' data-av_icon='\ue805' data-av_iconfont='entypo-fontello' title='' data-avia-related-tooltip='Compartir por correo'><span class='avia_hidden_link_text'>Compartir por correo<\/span><\/a><\/li><\/ul><\/div><\/div>\n<div  style='height:50px' class='hr hr-invisible   avia-builder-el-8  el_after_av_social_share  el_before_av_comments_list '><span class='hr-inner ' ><span class='hr-inner-style'><\/span><\/span><\/div>\n<div  class='av-buildercomment  av-blog-meta-html-info-disabled av-blog-meta-tag-disabled  '><\/div>\n","protected":false},"excerpt":{"rendered":"","protected":false},"author":1,"featured_media":5642,"comment_status":"open","ping_status":"open","sticky":false,"template":"","format":"standard","meta":{"footnotes":""},"categories":[40],"tags":[],"class_list":["post-5633","post","type-post","status-publish","format-standard","has-post-thumbnail","hentry","category-deportes"],"jetpack_featured_media_url":"https:\/\/radiorevelacionfm.cl\/wp-content\/uploads\/2021\/06\/ind-20210430-wa0157-2-1_optimized.jpg","_links":{"self":[{"href":"https:\/\/radiorevelacionfm.cl\/index.php?rest_route=\/wp\/v2\/posts\/5633","targetHints":{"allow":["GET"]}}],"collection":[{"href":"https:\/\/radiorevelacionfm.cl\/index.php?rest_route=\/wp\/v2\/posts"}],"about":[{"href":"https:\/\/radiorevelacionfm.cl\/index.php?rest_route=\/wp\/v2\/types\/post"}],"author":[{"embeddable":true,"href":"https:\/\/radiorevelacionfm.cl\/index.php?rest_route=\/wp\/v2\/users\/1"}],"replies":[{"embeddable":true,"href":"https:\/\/radiorevelacionfm.cl\/index.php?rest_route=%2Fwp%2Fv2%2Fcomments&post=5633"}],"version-history":[{"count":4,"href":"https:\/\/radiorevelacionfm.cl\/index.php?rest_route=\/wp\/v2\/posts\/5633\/revisions"}],"predecessor-version":[{"id":5641,"href":"https:\/\/radiorevelacionfm.cl\/index.php?rest_route=\/wp\/v2\/posts\/5633\/revisions\/5641"}],"wp:featuredmedia":[{"embeddable":true,"href":"https:\/\/radiorevelacionfm.cl\/index.php?rest_route=\/wp\/v2\/media\/5642"}],"wp:attachment":[{"href":"https:\/\/radiorevelacionfm.cl\/index.php?rest_route=%2Fwp%2Fv2%2Fmedia&parent=5633"}],"wp:term":[{"taxonomy":"category","embeddable":true,"href":"https:\/\/radiorevelacionfm.cl\/index.php?rest_route=%2Fwp%2Fv2%2Fcategories&post=5633"},{"taxonomy":"post_tag","embeddable":true,"href":"https:\/\/radiorevelacionfm.cl\/index.php?rest_route=%2Fwp%2Fv2%2Ftags&post=5633"}],"curies":[{"name":"wp","href":"https:\/\/api.w.org\/{rel}","templated":true}]}}