{"id":56326,"date":"2025-07-09T16:35:23","date_gmt":"2025-07-09T19:35:23","guid":{"rendered":"https:\/\/radiorevelacionfm.cl\/?p=56326"},"modified":"2025-07-09T16:35:23","modified_gmt":"2025-07-09T19:35:23","slug":"diputada-marcia-raphael-respalda-proyecto-que-condona-cobros-de-aseo-para-adultos-mayores-y-emplaza-al-ejecutivo-a-presentar-un-proyecto-de-ley-que-los-exima-de-las-contribuciones","status":"publish","type":"post","link":"https:\/\/radiorevelacionfm.cl\/?p=56326","title":{"rendered":"\u201cDiputada Marcia Raphael respalda proyecto que condona cobros de aseo para adultos mayores y emplaza al ejecutivo a presentar un proyecto de ley que los exima de las contribuciones\u201d"},"content":{"rendered":"<div class=\"flex_column av_one_full  flex_column_div av-zero-column-padding first  avia-builder-el-0  el_before_av_one_full  avia-builder-el-first  \" style='border-radius:0px; '><div  class='avia-image-container  av-styling-    avia-builder-el-1  avia-builder-el-no-sibling  avia-align-center '  itemprop=\"image\" itemscope=\"itemscope\" itemtype=\"https:\/\/schema.org\/ImageObject\"  ><div class='avia-image-container-inner'><div class='avia-image-overlay-wrap'><img decoding=\"async\" class='wp-image-53054 avia-img-lazy-loading-not-53054 avia_image' src=\"https:\/\/radiorevelacionfm.cl\/wp-content\/uploads\/2025\/04\/Foto-diputada-M-Raphael-1-1.jpeg\" alt='' title='Foto diputada M Raphael (1) (1)' height=\"600\" width=\"901\"  itemprop=\"thumbnailUrl\" srcset=\"https:\/\/radiorevelacionfm.cl\/wp-content\/uploads\/2025\/04\/Foto-diputada-M-Raphael-1-1.jpeg 901w, https:\/\/radiorevelacionfm.cl\/wp-content\/uploads\/2025\/04\/Foto-diputada-M-Raphael-1-1-300x200.jpeg 300w, https:\/\/radiorevelacionfm.cl\/wp-content\/uploads\/2025\/04\/Foto-diputada-M-Raphael-1-1-768x511.jpeg 768w, https:\/\/radiorevelacionfm.cl\/wp-content\/uploads\/2025\/04\/Foto-diputada-M-Raphael-1-1-705x469.jpeg 705w, https:\/\/radiorevelacionfm.cl\/wp-content\/uploads\/2025\/04\/Foto-diputada-M-Raphael-1-1-450x300.jpeg 450w, https:\/\/radiorevelacionfm.cl\/wp-content\/uploads\/2025\/04\/Foto-diputada-M-Raphael-1-1-600x400.jpeg 600w\" sizes=\"(max-width: 901px) 100vw, 901px\" \/><\/div><\/div><\/div><\/div><div class=\"flex_column av_one_full  flex_column_div av-zero-column-padding first  avia-builder-el-2  el_after_av_one_full  el_before_av_one_full  column-top-margin\" style='border-radius:0px; '><section class=\"av_textblock_section \"  itemscope=\"itemscope\" itemtype=\"https:\/\/schema.org\/BlogPosting\" itemprop=\"blogPost\" ><div class='avia_textblock  '   itemprop=\"text\" ><p style=\"text-align: center;\"><span style=\"font-size: 18pt;\"><strong>\u201cDiputada Marcia Raphael respalda proyecto que condona cobros de aseo para adultos mayores y emplaza al ejecutivo a presentar un proyecto de ley que los exima de las contribuciones\u201d<\/strong><\/span><\/p>\n<div id=\"gtx-trans\" style=\"position: absolute; left: -50px; top: 4.31534px;\">\n<div class=\"gtx-trans-icon\"><\/div>\n<\/div>\n<\/div><\/section><\/div><div class=\"flex_column av_one_full  flex_column_div av-zero-column-padding first  avia-builder-el-4  el_after_av_one_full  el_before_av_hr  column-top-margin\" style='border-radius:0px; '><section class=\"av_textblock_section \"  itemscope=\"itemscope\" itemtype=\"https:\/\/schema.org\/BlogPosting\" itemprop=\"blogPost\" ><div class='avia_textblock  '   itemprop=\"text\" ><p style=\"text-align: justify;\">La diputada Marcia Raphael (RN) valor\u00f3 el avance del proyecto de ley que establece la caducidad de la acci\u00f3n ejecutiva para el cobro de derechos de aseo en casos espec\u00edficos, destacando que esta medida apunta directamente a aliviar la presi\u00f3n econ\u00f3mica que enfrentan los adultos mayores y los sectores de menores ingresos. En su intervenci\u00f3n, la parlamentaria recalc\u00f3 que es deber del Estado legislar con sentido de urgencia y justicia social frente a la creciente precariedad que afecta a miles de familias en el pa\u00eds.<\/p>\n<p style=\"text-align: justify;\">\u201cHoy aprobamos un proyecto de ley que busca aliviar la carga econ\u00f3mica de nuestros adultos mayores y de las personas que conforman el 40% m\u00e1s vulnerable de la poblaci\u00f3n, dej\u00e1ndolos exentos del pago del derecho de aseo municipal. Chile est\u00e1 envejeciendo y la poblaci\u00f3n adulta mayor enfrenta desaf\u00edos significativos. Seg\u00fan datos del INE, se estima que al 2050, uno de cada tres personas en Chile ser\u00e1 mayor, lo que subraya la urgencia de implementar pol\u00edticas p\u00fablicas que garanticen su bienestar y dignidad\u201d, sostuvo Raphael.<\/p>\n<p style=\"text-align: justify;\">La congresista agreg\u00f3 que las consecuencias de la crisis econ\u00f3mica, sumadas al alza sostenida del costo de vida, han generado un escenario cr\u00edtico para quienes sobreviven con ingresos m\u00ednimos. En ese contexto, defendi\u00f3 la propuesta de que la deuda por aseo caduque autom\u00e1ticamente tras tres a\u00f1os sin requerimiento judicial.<\/p>\n<p style=\"text-align: justify;\">\u201cAdem\u00e1s, la crisis econ\u00f3mica actual ha exacerbado las dificultades de las familias m\u00e1s vulnerables. La inflaci\u00f3n y el aumento de los costos de vida han dejado a muchos con ingresos insuficientes para cubrir sus necesidades b\u00e1sicas, incluyendo el pago del derecho de aseo. Este proyecto de ley busca brindarles un respiro, permitiendo que, transcurridos tres a\u00f1os desde la exigibilidad de la deuda, \u00e9sta caduque autom\u00e1ticamente sin necesidad de intervenci\u00f3n judicial\u201d, afirm\u00f3 la legisladora.<\/p>\n<p style=\"text-align: justify;\">Raphael hizo especial hincapi\u00e9 en la realidad que viven muchos adultos mayores en la Regi\u00f3n de Ays\u00e9n, quienes deben enfrentar el pago de contribuciones elevadas por predios rurales o viviendas cuyo valor supera con creces sus pensiones, muchas veces reducidas a la Pensi\u00f3n Garantizada Universal.<\/p>\n<p style=\"text-align: justify;\">\u201cEn la regi\u00f3n de Ays\u00e9n, muchas familias y adultos mayores propietarios de tierras poco productivas y viviendas se ven particularmente afectados, ya que deben pagar contribuciones elevadas tanto por sus propiedades rurales como por sus viviendas, cuyos valores superan en muchos casos el monto que reciben por pensi\u00f3n. Esto agrava significativamente su situaci\u00f3n econ\u00f3mica y les deja con pocos recursos para cubrir sus necesidades b\u00e1sicas\u201d, subray\u00f3.<\/p>\n<p style=\"text-align: justify;\">Finalmente, la legisladora llam\u00f3 a sus colegas a abrir un debate m\u00e1s profundo sobre la eliminaci\u00f3n de las contribuciones para personas mayores y a respaldar esta moci\u00f3n con visi\u00f3n social.<\/p>\n<p style=\"text-align: justify;\">\u201cEs urgente abrir un debate sobre la eliminaci\u00f3n de las contribuciones para los adultos mayores, quienes enfrentan una carga injusta al tener que pagar un tributo que grava sus propiedades sin considerar sus ingresos limitados. Junto al diputado Jos\u00e9 Miguel Castro, hoy presidente de la C\u00e1mara, presentamos un Proyecto que exime a los Adultos Mayores de las contribuciones en noviembre de 2024. \u00a0Es importante que podamos aprobar esta iniciativa y aliviar el bolsillo de miles de chilenos de esfuerzo que hoy, lamentablemente, no llegan a fin de mes\u201d, concluy\u00f3.<\/p>\n<table>\n<tbody>\n<tr>\n<td style=\"text-align: justify;\" width=\"44\"><\/td>\n<td style=\"text-align: justify;\" width=\"992\"><\/td>\n<\/tr>\n<\/tbody>\n<\/table>\n<\/div><\/section><\/div><div  style='height:50px' class='hr hr-invisible   avia-builder-el-6  el_after_av_one_full  el_before_av_social_share '><span class='hr-inner ' ><span class='hr-inner-style'><\/span><\/span><\/div><\/p>\n<div  class='av-social-sharing-box  avia-builder-el-7  el_after_av_hr  el_before_av_hr  '><div class='av-share-box'><h5 class='av-share-link-description av-no-toc '>Compartir esta noticia<\/h5><ul class='av-share-box-list noLightbox'><li class='av-share-link av-social-link-facebook' ><a target=\"_blank\" aria-label=\"Compartir en Facebook\" href='https:\/\/www.facebook.com\/sharer.php?u=https:\/\/radiorevelacionfm.cl\/?p=56326&#038;t=%E2%80%9CDiputada%20Marcia%20Raphael%20respalda%20proyecto%20que%20condona%20cobros%20de%20aseo%20para%20adultos%20mayores%20y%20emplaza%20al%20ejecutivo%20a%20presentar%20un%20proyecto%20de%20ley%20que%20los%20exima%20de%20las%20contribuciones%E2%80%9D' aria-hidden='false' data-av_icon='\ue8f3' data-av_iconfont='entypo-fontello' title='' data-avia-related-tooltip='Compartir en Facebook' rel=\"noopener\"><span class='avia_hidden_link_text'>Compartir en Facebook<\/span><\/a><\/li><li class='av-share-link av-social-link-twitter' ><a target=\"_blank\" aria-label=\"Compartir en Twitter\" href='https:\/\/twitter.com\/share?text=%E2%80%9CDiputada%20Marcia%20Raphael%20respalda%20proyecto%20que%20condona%20cobros%20de%20aseo%20para%20adultos%20mayores%20y%20emplaza%20al%20ejecutivo%20a%20presentar%20un%20proyecto%20de%20ley%20que%20los%20exima%20de%20las%20contribuciones%E2%80%9D&#038;url=https:\/\/radiorevelacionfm.cl\/?p=56326' aria-hidden='false' data-av_icon='\ue8f1' data-av_iconfont='entypo-fontello' title='' data-avia-related-tooltip='Compartir en Twitter' rel=\"noopener\"><span class='avia_hidden_link_text'>Compartir en Twitter<\/span><\/a><\/li><li class='av-share-link av-social-link-whatsapp' ><a target=\"_blank\" aria-label=\"Compartir en Whatsapp\" href='https:\/\/api.whatsapp.com\/send?text=https:\/\/radiorevelacionfm.cl\/?p=56326' aria-hidden='false' data-av_icon='\uf232' data-av_iconfont='entypo-fontello' title='' data-avia-related-tooltip='Compartir en Whatsapp' rel=\"noopener\"><span class='avia_hidden_link_text'>Compartir en Whatsapp<\/span><\/a><\/li><li class='av-share-link av-social-link-linkedin' ><a target=\"_blank\" aria-label=\"Compartir en LinkedIn\" href='https:\/\/linkedin.com\/shareArticle?mini=true&#038;title=%E2%80%9CDiputada%20Marcia%20Raphael%20respalda%20proyecto%20que%20condona%20cobros%20de%20aseo%20para%20adultos%20mayores%20y%20emplaza%20al%20ejecutivo%20a%20presentar%20un%20proyecto%20de%20ley%20que%20los%20exima%20de%20las%20contribuciones%E2%80%9D&#038;url=https:\/\/radiorevelacionfm.cl\/?p=56326' aria-hidden='false' data-av_icon='\ue8fc' data-av_iconfont='entypo-fontello' title='' data-avia-related-tooltip='Compartir en LinkedIn' rel=\"noopener\"><span class='avia_hidden_link_text'>Compartir en LinkedIn<\/span><\/a><\/li><li class='av-share-link av-social-link-mail' ><a  aria-label=\"Compartir por correo\" href='mailto:?subject=%E2%80%9CDiputada%20Marcia%20Raphael%20respalda%20proyecto%20que%20condona%20cobros%20de%20aseo%20para%20adultos%20mayores%20y%20emplaza%20al%20ejecutivo%20a%20presentar%20un%20proyecto%20de%20ley%20que%20los%20exima%20de%20las%20contribuciones%E2%80%9D&#038;body=https:\/\/radiorevelacionfm.cl\/?p=56326' aria-hidden='false' data-av_icon='\ue805' data-av_iconfont='entypo-fontello' title='' data-avia-related-tooltip='Compartir por correo'><span class='avia_hidden_link_text'>Compartir por correo<\/span><\/a><\/li><\/ul><\/div><\/div>\n<div  style='height:50px' class='hr hr-invisible   avia-builder-el-8  el_after_av_social_share  el_before_av_comments_list '><span class='hr-inner ' ><span class='hr-inner-style'><\/span><\/span><\/div>\n<div  class='av-buildercomment  av-blog-meta-html-info-disabled av-blog-meta-tag-disabled  '><\/div>\n","protected":false},"excerpt":{"rendered":"","protected":false},"author":1,"featured_media":53054,"comment_status":"closed","ping_status":"closed","sticky":false,"template":"","format":"standard","meta":{"footnotes":""},"categories":[35],"tags":[],"class_list":["post-56326","post","type-post","status-publish","format-standard","has-post-thumbnail","hentry","category-politica"],"jetpack_featured_media_url":"https:\/\/radiorevelacionfm.cl\/wp-content\/uploads\/2025\/04\/Foto-diputada-M-Raphael-1-1.jpeg","_links":{"self":[{"href":"https:\/\/radiorevelacionfm.cl\/index.php?rest_route=\/wp\/v2\/posts\/56326","targetHints":{"allow":["GET"]}}],"collection":[{"href":"https:\/\/radiorevelacionfm.cl\/index.php?rest_route=\/wp\/v2\/posts"}],"about":[{"href":"https:\/\/radiorevelacionfm.cl\/index.php?rest_route=\/wp\/v2\/types\/post"}],"author":[{"embeddable":true,"href":"https:\/\/radiorevelacionfm.cl\/index.php?rest_route=\/wp\/v2\/users\/1"}],"replies":[{"embeddable":true,"href":"https:\/\/radiorevelacionfm.cl\/index.php?rest_route=%2Fwp%2Fv2%2Fcomments&post=56326"}],"version-history":[{"count":2,"href":"https:\/\/radiorevelacionfm.cl\/index.php?rest_route=\/wp\/v2\/posts\/56326\/revisions"}],"predecessor-version":[{"id":56329,"href":"https:\/\/radiorevelacionfm.cl\/index.php?rest_route=\/wp\/v2\/posts\/56326\/revisions\/56329"}],"wp:featuredmedia":[{"embeddable":true,"href":"https:\/\/radiorevelacionfm.cl\/index.php?rest_route=\/wp\/v2\/media\/53054"}],"wp:attachment":[{"href":"https:\/\/radiorevelacionfm.cl\/index.php?rest_route=%2Fwp%2Fv2%2Fmedia&parent=56326"}],"wp:term":[{"taxonomy":"category","embeddable":true,"href":"https:\/\/radiorevelacionfm.cl\/index.php?rest_route=%2Fwp%2Fv2%2Fcategories&post=56326"},{"taxonomy":"post_tag","embeddable":true,"href":"https:\/\/radiorevelacionfm.cl\/index.php?rest_route=%2Fwp%2Fv2%2Ftags&post=56326"}],"curies":[{"name":"wp","href":"https:\/\/api.w.org\/{rel}","templated":true}]}}