{"id":56321,"date":"2025-07-09T15:11:40","date_gmt":"2025-07-09T18:11:40","guid":{"rendered":"https:\/\/radiorevelacionfm.cl\/?p=56321"},"modified":"2025-07-09T15:11:40","modified_gmt":"2025-07-09T18:11:40","slug":"corredor-cultural-comodoro-rivadavia-y-coyhaique-firman-preacuerdo-para-enlazar-las-ciudades","status":"publish","type":"post","link":"https:\/\/radiorevelacionfm.cl\/?p=56321","title":{"rendered":"Corredor Cultural: Comodoro Rivadavia y Coyhaique firman preacuerdo para enlazar las ciudades"},"content":{"rendered":"<div class=\"flex_column av_one_full  flex_column_div av-zero-column-padding first  avia-builder-el-0  el_before_av_one_full  avia-builder-el-first  \" style='border-radius:0px; '><div  class='avia-image-container  av-styling-    avia-builder-el-1  avia-builder-el-no-sibling  avia-align-center '  itemprop=\"image\" itemscope=\"itemscope\" itemtype=\"https:\/\/schema.org\/ImageObject\"  ><div class='avia-image-container-inner'><div class='avia-image-overlay-wrap'><img decoding=\"async\" class='wp-image-56322 avia-img-lazy-loading-not-56322 avia_image' src=\"https:\/\/radiorevelacionfm.cl\/wp-content\/uploads\/2025\/07\/corredor-cultural7-1-1.jpeg\" alt='' title='corredor cultural7 (1) (1)' height=\"600\" width=\"900\"  itemprop=\"thumbnailUrl\" srcset=\"https:\/\/radiorevelacionfm.cl\/wp-content\/uploads\/2025\/07\/corredor-cultural7-1-1.jpeg 900w, https:\/\/radiorevelacionfm.cl\/wp-content\/uploads\/2025\/07\/corredor-cultural7-1-1-300x200.jpeg 300w, https:\/\/radiorevelacionfm.cl\/wp-content\/uploads\/2025\/07\/corredor-cultural7-1-1-768x512.jpeg 768w, https:\/\/radiorevelacionfm.cl\/wp-content\/uploads\/2025\/07\/corredor-cultural7-1-1-705x470.jpeg 705w, https:\/\/radiorevelacionfm.cl\/wp-content\/uploads\/2025\/07\/corredor-cultural7-1-1-450x300.jpeg 450w, https:\/\/radiorevelacionfm.cl\/wp-content\/uploads\/2025\/07\/corredor-cultural7-1-1-600x400.jpeg 600w\" sizes=\"(max-width: 900px) 100vw, 900px\" \/><\/div><\/div><\/div><\/div><div class=\"flex_column av_one_full  flex_column_div av-zero-column-padding first  avia-builder-el-2  el_after_av_one_full  el_before_av_one_full  column-top-margin\" style='border-radius:0px; '><section class=\"av_textblock_section \"  itemscope=\"itemscope\" itemtype=\"https:\/\/schema.org\/BlogPosting\" itemprop=\"blogPost\" ><div class='avia_textblock  '   itemprop=\"text\" ><p style=\"text-align: center;\"><span style=\"font-size: 18pt;\"><b>Corredor Cultural: Comodoro Rivadavia y Coyhaique firman preacuerdo para enlazar las ciudades<\/b><\/span><\/p>\n<div id=\"gtx-trans\" style=\"position: absolute; left: -50px; top: 4.31534px;\">\n<div class=\"gtx-trans-icon\"><\/div>\n<\/div>\n<\/div><\/section><\/div><div class=\"flex_column av_one_full  flex_column_div av-zero-column-padding first  avia-builder-el-4  el_after_av_one_full  el_before_av_hr  column-top-margin\" style='border-radius:0px; '><section class=\"av_textblock_section \"  itemscope=\"itemscope\" itemtype=\"https:\/\/schema.org\/BlogPosting\" itemprop=\"blogPost\" ><div class='avia_textblock  '   itemprop=\"text\" ><p class=\"v1gmail-p2\" style=\"text-align: justify;\">Una intensa agenda tuvo en Coyhaique la delegaci\u00f3n de Comodoro Rivadavia, Argentina, integrada por el viceintendente Maximiliano Sampaoli y la secretar\u00eda de Cultura, Liliana Peralta.<\/p>\n<p class=\"v1gmail-p2\" style=\"text-align: justify;\">En un encuentro preliminar, Peralta acord\u00f3 detalles con el alcalde de Coyhaique, Carlos Gatica, con vistas a concretar el anhelado Corredor Cultural entre ambas ciudades, un escenario patag\u00f3nico transfronterizo donde las artes y la creaci\u00f3n de Coyhaique y Comodoro Rivadavia articulen una agenda de trabajo com\u00fan.<\/p>\n<p class=\"v1gmail-p2\" style=\"text-align: justify;\">En esa l\u00ednea, la secretaria comodorense se reuni\u00f3 m\u00e1s tarde con el equipo de la Escuela de Teatro Austral, con quienes iniciaron un trabajo colaborativo, con vistas a estrechar los v\u00ednculos en pos de la creaci\u00f3n de proyectos conjuntos que enriquezcan la escena cultural de ambas ciudades. M\u00e1s tarde, Liliana Peralta invit\u00f3 a la Academia de Danzas Z\u00edngara a sumar esfuerzos para que el Corredor Esc\u00e9nico tenga un lugar en este trabajo binacional.<\/p>\n<p class=\"v1gmail-p2\" style=\"text-align: justify;\">La actividad central de la delegaci\u00f3n argentina fue el lanzamiento de la XII Feria Internacional del Libro de Comodoro Rivadavia (1 al 10 de agosto), donde Coyhaique, con el fuerte apoyo de la Municipalidad y el Concejo, tendr\u00e1 un protagonismo \u00fanico, con m\u00e1s de 15 invitados, 3 lanzamientos de libros, conversatorios, talleres de fotograf\u00eda an\u00e1loga<span class=\"v1gmail-Apple-converted-space\">\u00a0\u00a0<\/span>y otras actividades culturales. En este marco, la secretaria de Cultura, Liliana Peralta, fue distinguida con la entrega de la Medalla de la Ciudad de Coyhaique, por su compromiso, gesti\u00f3n y desarrollo cultural con la capital regional.<\/p>\n<p class=\"v1gmail-p2\" style=\"text-align: justify;\">El trabajo de ambas ciudades se sell\u00f3 con la firma de un preacuerdo de colaboraci\u00f3n para concretar el Corredor Cultural que en la pr\u00e1ctica comienza a tomar forma con la nutrida programaci\u00f3n chilena en la XII Feria Internacional del Libro de Comodoro Rivadavia, el evento literario p\u00fablico y gratuito m\u00e1s grande de Argentina.<\/p>\n<p class=\"v1gmail-p2\" style=\"text-align: justify;\">El alcalde de Coyhaique, que Carlos Gatica dijo que \u00abpara la Municipalidad de Coyhaique, esta visita es de una importancia fundamental para el trabajo que se inicia con la hermana ciudad de Comodoro Rivadavia. Junto a la secretaria de Cultura, Liliana Peralta, hemos encontrado muchos puntos en com\u00fan que nos permitir\u00e1n abrir la frontera cultural y darle flujo a este Corredor Cultural para artistas, creadoras y creadores, y para las comunidades de ambas ciudades, que se ver\u00e1n beneficiadas con los contenidos y la programaci\u00f3n que desplegar\u00e1 esta iniciativa, adem\u00e1s de las enormes posibilidades asociativas entre artistas. Lo que hoy firmamos es un preacuerdo, ya el acuerdo ser\u00e1 en la inauguraci\u00f3n de la Feria en Comodoro con un compromiso binacional que hoy comienza\u00bb.<\/p>\n<p class=\"v1gmail-p2\" style=\"text-align: justify;\">Para Liliana Peralta, se trata de \u00abafianzar los lazos de una sola Patagonia, teniendo en cuenta la importancia que tiene la cultura para la sociedad. En particular, es mi sexta Feria del Libro y poder gestionar este corredor cultural es una gran logro en mi gesti\u00f3n como funcionaria\u00bb.<\/p>\n<p class=\"v1gmail-p2\" style=\"text-align: justify;\">La programaci\u00f3n chilena forma parte de un esfuerzo conjunto entre las municipalidades de Comodoro Rivadavia y Coyhaique, cuyos equipos combinaron esfuerzos para financiar y darle protagonismo a la presencia chilena en la feria que se inaugura este 31 de julio.<span class=\"v1gmail-Apple-converted-space\">\u00a0<\/span><\/p>\n<p class=\"v1gmail-p2\" style=\"text-align: justify;\">El periodista y fot\u00f3grafo an\u00e1logo Rodrigo Campusano, fundador de Ays\u00e9n Revelado inici\u00f3 este proyecto hace un a\u00f1o con sus primeros talleres de Fotograf\u00eda An\u00e1loga en el puerto del Atl\u00e1ntico: \u00abEs muy gratificante observar el compromiso pol\u00edtico de ambas ciudades, y los frutos que comenzar\u00e1n a verse a partir de fines de este mes, cuando junto a una gran delegaci\u00f3n lleguemos desde Coyhaique a Comodoro Rivadavia con una programaci\u00f3n chilena de gran calidad, que hemos dise\u00f1ado colectivamente. Estamos iniciando, con Ays\u00e9n Revelado y Pasaje Medios, un camino que sabemos tendr\u00e1 virtudes y dificultades, pero es un tremendo puntapi\u00e9 inicial que la delegaci\u00f3n argentina haya cruzado todo el continente para firmar en Coyhaique nuestros primeros compromisos. Quiero destacar la presencia de concejales y concejalas que han venido a respaldar la creaci\u00f3n de este Corredor Cultural Transoce\u00e1nico\u00bb.<\/p>\n<p class=\"v1gmail-p2\" style=\"text-align: justify;\">El tambi\u00e9n firmante del preacuerdo, viceintendente Maximiliano Sampaoli, destac\u00f3 que \u00abestar hoy en Chile presentando nuestra feria de car\u00e1cter gratuito es muy importante para los dos pa\u00edses hermanos, teniendo en cuenta que un n\u00famero importante de hacedores culturales se suman con m\u00e1s cultura. Nuestra feria es la primera feria p\u00fablica y gratuita de nuestro pa\u00eds y que Chile participe es un logro incre\u00edble para Argentina\u00bb.<\/p>\n<p class=\"v1gmail-p2\" style=\"text-align: justify;\">El Corredor Cultural Comodoro Rivadavia-Coyhaique, hasta ahora in\u00e9dito, es un esfuerzo binacional por estrechar el trabajo conjunto que potencia la cultura patag\u00f3nica en un escenario com\u00fan lejos de las fronteras pol\u00edticas.<\/p>\n<p class=\"v1gmail-p2\" style=\"text-align: justify;\">Este 31 de julio se inaugura la XII Feria Internacional del Libro de Comodoro Rivadavia. Ser\u00e1n 10 d\u00edas repletos de actividades e intercambio cultural entre ambas ciudades, lo que sedimenta el camino hacia otras \u00e1reas de este flamante Corredor Cultural.<\/p>\n<\/div><\/section><\/div><div  style='height:50px' class='hr hr-invisible   avia-builder-el-6  el_after_av_one_full  el_before_av_social_share '><span class='hr-inner ' ><span class='hr-inner-style'><\/span><\/span><\/div><\/p>\n<div  class='av-social-sharing-box  avia-builder-el-7  el_after_av_hr  el_before_av_hr  '><div class='av-share-box'><h5 class='av-share-link-description av-no-toc '>Compartir esta noticia<\/h5><ul class='av-share-box-list noLightbox'><li class='av-share-link av-social-link-facebook' ><a target=\"_blank\" aria-label=\"Compartir en Facebook\" href='https:\/\/www.facebook.com\/sharer.php?u=https:\/\/radiorevelacionfm.cl\/?p=56321&#038;t=Corredor%20Cultural%3A%20Comodoro%20Rivadavia%20y%20Coyhaique%20firman%20preacuerdo%20para%20enlazar%20las%20ciudades' aria-hidden='false' data-av_icon='\ue8f3' data-av_iconfont='entypo-fontello' title='' data-avia-related-tooltip='Compartir en Facebook' rel=\"noopener\"><span class='avia_hidden_link_text'>Compartir en Facebook<\/span><\/a><\/li><li class='av-share-link av-social-link-twitter' ><a target=\"_blank\" aria-label=\"Compartir en Twitter\" href='https:\/\/twitter.com\/share?text=Corredor%20Cultural%3A%20Comodoro%20Rivadavia%20y%20Coyhaique%20firman%20preacuerdo%20para%20enlazar%20las%20ciudades&#038;url=https:\/\/radiorevelacionfm.cl\/?p=56321' aria-hidden='false' data-av_icon='\ue8f1' data-av_iconfont='entypo-fontello' title='' data-avia-related-tooltip='Compartir en Twitter' rel=\"noopener\"><span class='avia_hidden_link_text'>Compartir en Twitter<\/span><\/a><\/li><li class='av-share-link av-social-link-whatsapp' ><a target=\"_blank\" aria-label=\"Compartir en Whatsapp\" href='https:\/\/api.whatsapp.com\/send?text=https:\/\/radiorevelacionfm.cl\/?p=56321' aria-hidden='false' data-av_icon='\uf232' data-av_iconfont='entypo-fontello' title='' data-avia-related-tooltip='Compartir en Whatsapp' rel=\"noopener\"><span class='avia_hidden_link_text'>Compartir en Whatsapp<\/span><\/a><\/li><li class='av-share-link av-social-link-linkedin' ><a target=\"_blank\" aria-label=\"Compartir en LinkedIn\" href='https:\/\/linkedin.com\/shareArticle?mini=true&#038;title=Corredor%20Cultural%3A%20Comodoro%20Rivadavia%20y%20Coyhaique%20firman%20preacuerdo%20para%20enlazar%20las%20ciudades&#038;url=https:\/\/radiorevelacionfm.cl\/?p=56321' aria-hidden='false' data-av_icon='\ue8fc' data-av_iconfont='entypo-fontello' title='' data-avia-related-tooltip='Compartir en LinkedIn' rel=\"noopener\"><span class='avia_hidden_link_text'>Compartir en LinkedIn<\/span><\/a><\/li><li class='av-share-link av-social-link-mail' ><a  aria-label=\"Compartir por correo\" href='mailto:?subject=Corredor%20Cultural%3A%20Comodoro%20Rivadavia%20y%20Coyhaique%20firman%20preacuerdo%20para%20enlazar%20las%20ciudades&#038;body=https:\/\/radiorevelacionfm.cl\/?p=56321' aria-hidden='false' data-av_icon='\ue805' data-av_iconfont='entypo-fontello' title='' data-avia-related-tooltip='Compartir por correo'><span class='avia_hidden_link_text'>Compartir por correo<\/span><\/a><\/li><\/ul><\/div><\/div>\n<div  style='height:50px' class='hr hr-invisible   avia-builder-el-8  el_after_av_social_share  el_before_av_comments_list '><span class='hr-inner ' ><span class='hr-inner-style'><\/span><\/span><\/div>\n<div  class='av-buildercomment  av-blog-meta-html-info-disabled av-blog-meta-tag-disabled  '><\/div>\n","protected":false},"excerpt":{"rendered":"","protected":false},"author":1,"featured_media":56322,"comment_status":"closed","ping_status":"closed","sticky":false,"template":"","format":"standard","meta":{"footnotes":""},"categories":[52],"tags":[],"class_list":["post-56321","post","type-post","status-publish","format-standard","has-post-thumbnail","hentry","category-cultura"],"jetpack_featured_media_url":"https:\/\/radiorevelacionfm.cl\/wp-content\/uploads\/2025\/07\/corredor-cultural7-1-1.jpeg","_links":{"self":[{"href":"https:\/\/radiorevelacionfm.cl\/index.php?rest_route=\/wp\/v2\/posts\/56321","targetHints":{"allow":["GET"]}}],"collection":[{"href":"https:\/\/radiorevelacionfm.cl\/index.php?rest_route=\/wp\/v2\/posts"}],"about":[{"href":"https:\/\/radiorevelacionfm.cl\/index.php?rest_route=\/wp\/v2\/types\/post"}],"author":[{"embeddable":true,"href":"https:\/\/radiorevelacionfm.cl\/index.php?rest_route=\/wp\/v2\/users\/1"}],"replies":[{"embeddable":true,"href":"https:\/\/radiorevelacionfm.cl\/index.php?rest_route=%2Fwp%2Fv2%2Fcomments&post=56321"}],"version-history":[{"count":2,"href":"https:\/\/radiorevelacionfm.cl\/index.php?rest_route=\/wp\/v2\/posts\/56321\/revisions"}],"predecessor-version":[{"id":56324,"href":"https:\/\/radiorevelacionfm.cl\/index.php?rest_route=\/wp\/v2\/posts\/56321\/revisions\/56324"}],"wp:featuredmedia":[{"embeddable":true,"href":"https:\/\/radiorevelacionfm.cl\/index.php?rest_route=\/wp\/v2\/media\/56322"}],"wp:attachment":[{"href":"https:\/\/radiorevelacionfm.cl\/index.php?rest_route=%2Fwp%2Fv2%2Fmedia&parent=56321"}],"wp:term":[{"taxonomy":"category","embeddable":true,"href":"https:\/\/radiorevelacionfm.cl\/index.php?rest_route=%2Fwp%2Fv2%2Fcategories&post=56321"},{"taxonomy":"post_tag","embeddable":true,"href":"https:\/\/radiorevelacionfm.cl\/index.php?rest_route=%2Fwp%2Fv2%2Ftags&post=56321"}],"curies":[{"name":"wp","href":"https:\/\/api.w.org\/{rel}","templated":true}]}}