{"id":56315,"date":"2025-07-09T15:37:11","date_gmt":"2025-07-09T18:37:11","guid":{"rendered":"https:\/\/radiorevelacionfm.cl\/?p=56315"},"modified":"2025-07-09T15:37:11","modified_gmt":"2025-07-09T18:37:11","slug":"el-futuro-de-la-gestion-es-ahora-inacap-coyhaique-lidera-formacion-en-inteligencia-artificial","status":"publish","type":"post","link":"https:\/\/radiorevelacionfm.cl\/?p=56315","title":{"rendered":"El futuro de la gesti\u00f3n es ahora: INACAP Coyhaique lidera formaci\u00f3n en Inteligencia Artificial"},"content":{"rendered":"<div class=\"flex_column av_one_full  flex_column_div av-zero-column-padding first  avia-builder-el-0  el_before_av_one_full  avia-builder-el-first  \" style='border-radius:0px; '><div  class='avia-image-container  av-styling-    avia-builder-el-1  avia-builder-el-no-sibling  avia-align-center '  itemprop=\"image\" itemscope=\"itemscope\" itemtype=\"https:\/\/schema.org\/ImageObject\"  ><div class='avia-image-container-inner'><div class='avia-image-overlay-wrap'><img decoding=\"async\" class='wp-image-56316 avia-img-lazy-loading-not-56316 avia_image' src=\"https:\/\/radiorevelacionfm.cl\/wp-content\/uploads\/2025\/07\/Imagen-de-WhatsApp-2025-07-09-a-las-11.46.38_4c22b6e3-1-1.jpg\" alt='' title='Imagen de WhatsApp 2025-07-09 a las 11.46.38_4c22b6e3 (1) (1)' height=\"600\" width=\"872\"  itemprop=\"thumbnailUrl\" srcset=\"https:\/\/radiorevelacionfm.cl\/wp-content\/uploads\/2025\/07\/Imagen-de-WhatsApp-2025-07-09-a-las-11.46.38_4c22b6e3-1-1.jpg 872w, https:\/\/radiorevelacionfm.cl\/wp-content\/uploads\/2025\/07\/Imagen-de-WhatsApp-2025-07-09-a-las-11.46.38_4c22b6e3-1-1-300x206.jpg 300w, https:\/\/radiorevelacionfm.cl\/wp-content\/uploads\/2025\/07\/Imagen-de-WhatsApp-2025-07-09-a-las-11.46.38_4c22b6e3-1-1-768x528.jpg 768w, https:\/\/radiorevelacionfm.cl\/wp-content\/uploads\/2025\/07\/Imagen-de-WhatsApp-2025-07-09-a-las-11.46.38_4c22b6e3-1-1-705x485.jpg 705w, https:\/\/radiorevelacionfm.cl\/wp-content\/uploads\/2025\/07\/Imagen-de-WhatsApp-2025-07-09-a-las-11.46.38_4c22b6e3-1-1-450x310.jpg 450w, https:\/\/radiorevelacionfm.cl\/wp-content\/uploads\/2025\/07\/Imagen-de-WhatsApp-2025-07-09-a-las-11.46.38_4c22b6e3-1-1-600x413.jpg 600w\" sizes=\"(max-width: 872px) 100vw, 872px\" \/><\/div><\/div><\/div><\/div><div class=\"flex_column av_one_full  flex_column_div av-zero-column-padding first  avia-builder-el-2  el_after_av_one_full  el_before_av_one_full  column-top-margin\" style='border-radius:0px; '><section class=\"av_textblock_section \"  itemscope=\"itemscope\" itemtype=\"https:\/\/schema.org\/BlogPosting\" itemprop=\"blogPost\" ><div class='avia_textblock  '   itemprop=\"text\" ><p style=\"text-align: center;\"><span style=\"font-size: 18pt;\"><strong>El futuro de la gesti\u00f3n es ahora: INACAP Coyhaique lidera formaci\u00f3n en Inteligencia Artificial<\/strong><\/span><\/p>\n<div id=\"gtx-trans\" style=\"position: absolute; left: -50px; top: 4.31534px;\">\n<div class=\"gtx-trans-icon\"><\/div>\n<\/div>\n<\/div><\/section><\/div><div class=\"flex_column av_one_full  flex_column_div av-zero-column-padding first  avia-builder-el-4  el_after_av_one_full  el_before_av_hr  column-top-margin\" style='border-radius:0px; '><section class=\"av_textblock_section \"  itemscope=\"itemscope\" itemtype=\"https:\/\/schema.org\/BlogPosting\" itemprop=\"blogPost\" ><div class='avia_textblock  '   itemprop=\"text\" ><p style=\"text-align: justify;\">Con una destacada participaci\u00f3n del equipo administrativo de INACAP y de funcionarios de diversas instituciones regionales, se realiz\u00f3 con \u00e9xito el\u00a0Taller de Inteligencia Artificial en la Gesti\u00f3n Administrativa \u2013 Nivel Intermedio. Esta iniciativa, impulsada por el \u00c1rea Acad\u00e9mica de la sede, tuvo como objetivo fortalecer las competencias digitales aplicadas a los procesos administrativos, promoviendo el uso estrat\u00e9gico de herramientas de inteligencia artificial en el \u00e1mbito laboral.<\/p>\n<p style=\"text-align: justify;\">La jornada, realizada en dependencias de la sede, tuvo como objetivo principal\u00a0<strong>acercar herramientas de inteligencia artificial a los equipos administrativos<\/strong>, con foco en la automatizaci\u00f3n de tareas, optimizaci\u00f3n de flujos de trabajo y soluci\u00f3n de problem\u00e1ticas cotidianas a trav\u00e9s del uso de tecnolog\u00edas emergentes.<\/p>\n<p style=\"text-align: justify;\">\u00a0Felipe Ochoa, relator del taller, valor\u00f3 la alta participaci\u00f3n y la disposici\u00f3n al cambio de los asistentes \u201cEste tipo de espacios son fundamentales para democratizar el uso de la inteligencia artificial. Hoy no solo hablamos de conceptos, sino que aplicamos herramientas reales a casos concretos que enfrentan d\u00eda a d\u00eda los equipos de gesti\u00f3n\u201d.<\/p>\n<p style=\"text-align: justify;\">\u00a0Andrea Rojas, asesora pedag\u00f3gica de INACAP Coyhaique, destac\u00f3 la importancia de este tipo de instancias para el desarrollo profesional continuo \u201cComo instituci\u00f3n comprometida con la transformaci\u00f3n digital, creemos que la capacitaci\u00f3n no debe ser exclusiva del \u00e1mbito docente. Todos los actores del sistema educativo se enfrentan a desaf\u00edos que pueden resolverse con tecnolog\u00eda.\u201d<\/p>\n<p style=\"text-align: justify;\">\u00a0El entusiasmo tambi\u00e9n se sinti\u00f3 entre los y las asistentes al taller. Francisca P\u00e9rez, Docente Liceo Josefina Aguirre Montenegro comento lo fundamental que es para ella este tipo de talleres \u201ces una gran experiencia, nuevo aprendizaje, ya que yo no manejo mucho y el taller me motivo a aprender mucho m\u00e1s de inteligencia Artificial y as\u00ed atreverme a realizar m\u00e1s talleres de este tipo, es una herramienta que se puede utilizar a diario y lo que ense\u00f1an en este taller es la forma correcta de utilizarla\u201d.<\/p>\n<p style=\"text-align: justify;\">Esta actividad forma parte del compromiso permanente de INACAP con la\u00a0<strong>innovaci\u00f3n educativa, la formaci\u00f3n continua<\/strong>\u00a0y el fortalecimiento de redes de colaboraci\u00f3n a nivel regional.<\/p>\n<\/div><\/section><\/div><div  style='height:50px' class='hr hr-invisible   avia-builder-el-6  el_after_av_one_full  el_before_av_social_share '><span class='hr-inner ' ><span class='hr-inner-style'><\/span><\/span><\/div><\/p>\n<div  class='av-social-sharing-box  avia-builder-el-7  el_after_av_hr  el_before_av_hr  '><div class='av-share-box'><h5 class='av-share-link-description av-no-toc '>Compartir esta noticia<\/h5><ul class='av-share-box-list noLightbox'><li class='av-share-link av-social-link-facebook' ><a target=\"_blank\" aria-label=\"Compartir en Facebook\" href='https:\/\/www.facebook.com\/sharer.php?u=https:\/\/radiorevelacionfm.cl\/?p=56315&#038;t=El%20futuro%20de%20la%20gesti%C3%B3n%20es%20ahora%3A%20INACAP%20Coyhaique%20lidera%20formaci%C3%B3n%20en%20Inteligencia%20Artificial' aria-hidden='false' data-av_icon='\ue8f3' data-av_iconfont='entypo-fontello' title='' data-avia-related-tooltip='Compartir en Facebook' rel=\"noopener\"><span class='avia_hidden_link_text'>Compartir en Facebook<\/span><\/a><\/li><li class='av-share-link av-social-link-twitter' ><a target=\"_blank\" aria-label=\"Compartir en Twitter\" href='https:\/\/twitter.com\/share?text=El%20futuro%20de%20la%20gesti%C3%B3n%20es%20ahora%3A%20INACAP%20Coyhaique%20lidera%20formaci%C3%B3n%20en%20Inteligencia%20Artificial&#038;url=https:\/\/radiorevelacionfm.cl\/?p=56315' aria-hidden='false' data-av_icon='\ue8f1' data-av_iconfont='entypo-fontello' title='' data-avia-related-tooltip='Compartir en Twitter' rel=\"noopener\"><span class='avia_hidden_link_text'>Compartir en Twitter<\/span><\/a><\/li><li class='av-share-link av-social-link-whatsapp' ><a target=\"_blank\" aria-label=\"Compartir en Whatsapp\" href='https:\/\/api.whatsapp.com\/send?text=https:\/\/radiorevelacionfm.cl\/?p=56315' aria-hidden='false' data-av_icon='\uf232' data-av_iconfont='entypo-fontello' title='' data-avia-related-tooltip='Compartir en Whatsapp' rel=\"noopener\"><span class='avia_hidden_link_text'>Compartir en Whatsapp<\/span><\/a><\/li><li class='av-share-link av-social-link-linkedin' ><a target=\"_blank\" aria-label=\"Compartir en LinkedIn\" href='https:\/\/linkedin.com\/shareArticle?mini=true&#038;title=El%20futuro%20de%20la%20gesti%C3%B3n%20es%20ahora%3A%20INACAP%20Coyhaique%20lidera%20formaci%C3%B3n%20en%20Inteligencia%20Artificial&#038;url=https:\/\/radiorevelacionfm.cl\/?p=56315' aria-hidden='false' data-av_icon='\ue8fc' data-av_iconfont='entypo-fontello' title='' data-avia-related-tooltip='Compartir en LinkedIn' rel=\"noopener\"><span class='avia_hidden_link_text'>Compartir en LinkedIn<\/span><\/a><\/li><li class='av-share-link av-social-link-mail' ><a  aria-label=\"Compartir por correo\" href='mailto:?subject=El%20futuro%20de%20la%20gesti%C3%B3n%20es%20ahora%3A%20INACAP%20Coyhaique%20lidera%20formaci%C3%B3n%20en%20Inteligencia%20Artificial&#038;body=https:\/\/radiorevelacionfm.cl\/?p=56315' aria-hidden='false' data-av_icon='\ue805' data-av_iconfont='entypo-fontello' title='' data-avia-related-tooltip='Compartir por correo'><span class='avia_hidden_link_text'>Compartir por correo<\/span><\/a><\/li><\/ul><\/div><\/div>\n<div  style='height:50px' class='hr hr-invisible   avia-builder-el-8  el_after_av_social_share  el_before_av_comments_list '><span class='hr-inner ' ><span class='hr-inner-style'><\/span><\/span><\/div>\n<div  class='av-buildercomment  av-blog-meta-html-info-disabled av-blog-meta-tag-disabled  '><\/div>\n","protected":false},"excerpt":{"rendered":"","protected":false},"author":1,"featured_media":56316,"comment_status":"closed","ping_status":"closed","sticky":false,"template":"","format":"standard","meta":{"footnotes":""},"categories":[1],"tags":[],"class_list":["post-56315","post","type-post","status-publish","format-standard","has-post-thumbnail","hentry","category-sin-categoria"],"jetpack_featured_media_url":"https:\/\/radiorevelacionfm.cl\/wp-content\/uploads\/2025\/07\/Imagen-de-WhatsApp-2025-07-09-a-las-11.46.38_4c22b6e3-1-1.jpg","_links":{"self":[{"href":"https:\/\/radiorevelacionfm.cl\/index.php?rest_route=\/wp\/v2\/posts\/56315","targetHints":{"allow":["GET"]}}],"collection":[{"href":"https:\/\/radiorevelacionfm.cl\/index.php?rest_route=\/wp\/v2\/posts"}],"about":[{"href":"https:\/\/radiorevelacionfm.cl\/index.php?rest_route=\/wp\/v2\/types\/post"}],"author":[{"embeddable":true,"href":"https:\/\/radiorevelacionfm.cl\/index.php?rest_route=\/wp\/v2\/users\/1"}],"replies":[{"embeddable":true,"href":"https:\/\/radiorevelacionfm.cl\/index.php?rest_route=%2Fwp%2Fv2%2Fcomments&post=56315"}],"version-history":[{"count":2,"href":"https:\/\/radiorevelacionfm.cl\/index.php?rest_route=\/wp\/v2\/posts\/56315\/revisions"}],"predecessor-version":[{"id":56325,"href":"https:\/\/radiorevelacionfm.cl\/index.php?rest_route=\/wp\/v2\/posts\/56315\/revisions\/56325"}],"wp:featuredmedia":[{"embeddable":true,"href":"https:\/\/radiorevelacionfm.cl\/index.php?rest_route=\/wp\/v2\/media\/56316"}],"wp:attachment":[{"href":"https:\/\/radiorevelacionfm.cl\/index.php?rest_route=%2Fwp%2Fv2%2Fmedia&parent=56315"}],"wp:term":[{"taxonomy":"category","embeddable":true,"href":"https:\/\/radiorevelacionfm.cl\/index.php?rest_route=%2Fwp%2Fv2%2Fcategories&post=56315"},{"taxonomy":"post_tag","embeddable":true,"href":"https:\/\/radiorevelacionfm.cl\/index.php?rest_route=%2Fwp%2Fv2%2Ftags&post=56315"}],"curies":[{"name":"wp","href":"https:\/\/api.w.org\/{rel}","templated":true}]}}