{"id":56311,"date":"2025-07-09T14:41:11","date_gmt":"2025-07-09T17:41:11","guid":{"rendered":"https:\/\/radiorevelacionfm.cl\/?p=56311"},"modified":"2025-07-09T14:41:11","modified_gmt":"2025-07-09T17:41:11","slug":"sernac-realiza-taller-para-personas-mayores-sobre-consumo-sostenible-en-coyhaique","status":"publish","type":"post","link":"https:\/\/radiorevelacionfm.cl\/?p=56311","title":{"rendered":"SERNAC realiza taller para personas mayores sobre Consumo Sostenible en Coyhaique"},"content":{"rendered":"<div class=\"flex_column av_one_full  flex_column_div av-zero-column-padding first  avia-builder-el-0  el_before_av_one_full  avia-builder-el-first  \" style='border-radius:0px; '><div  class='avia-image-container  av-styling-    avia-builder-el-1  avia-builder-el-no-sibling  avia-align-center '  itemprop=\"image\" itemscope=\"itemscope\" itemtype=\"https:\/\/schema.org\/ImageObject\"  ><div class='avia-image-container-inner'><div class='avia-image-overlay-wrap'><img decoding=\"async\" class='wp-image-56312 avia-img-lazy-loading-not-56312 avia_image' src=\"https:\/\/radiorevelacionfm.cl\/wp-content\/uploads\/2025\/07\/taller-vinculo-adulotos-mayores-1_optimized.jpg\" alt='' title='taller-vinculo-adulotos-mayores-(1)_optimized' height=\"600\" width=\"916\"  itemprop=\"thumbnailUrl\" srcset=\"https:\/\/radiorevelacionfm.cl\/wp-content\/uploads\/2025\/07\/taller-vinculo-adulotos-mayores-1_optimized.jpg 916w, https:\/\/radiorevelacionfm.cl\/wp-content\/uploads\/2025\/07\/taller-vinculo-adulotos-mayores-1_optimized-300x197.jpg 300w, https:\/\/radiorevelacionfm.cl\/wp-content\/uploads\/2025\/07\/taller-vinculo-adulotos-mayores-1_optimized-768x503.jpg 768w, https:\/\/radiorevelacionfm.cl\/wp-content\/uploads\/2025\/07\/taller-vinculo-adulotos-mayores-1_optimized-705x462.jpg 705w, https:\/\/radiorevelacionfm.cl\/wp-content\/uploads\/2025\/07\/taller-vinculo-adulotos-mayores-1_optimized-450x295.jpg 450w, https:\/\/radiorevelacionfm.cl\/wp-content\/uploads\/2025\/07\/taller-vinculo-adulotos-mayores-1_optimized-600x393.jpg 600w\" sizes=\"(max-width: 916px) 100vw, 916px\" \/><\/div><\/div><\/div><\/div><div class=\"flex_column av_one_full  flex_column_div av-zero-column-padding first  avia-builder-el-2  el_after_av_one_full  el_before_av_one_full  column-top-margin\" style='border-radius:0px; '><section class=\"av_textblock_section \"  itemscope=\"itemscope\" itemtype=\"https:\/\/schema.org\/BlogPosting\" itemprop=\"blogPost\" ><div class='avia_textblock  '   itemprop=\"text\" ><p style=\"text-align: center;\"><strong><span style=\"font-size: 18pt;\">SERNAC realiza taller para personas mayores sobre Consumo Sostenible en Coyhaique<\/span><\/strong><\/p>\n<div id=\"gtx-trans\" style=\"position: absolute; left: -50px; top: 4.31534px;\">\n<div class=\"gtx-trans-icon\"><\/div>\n<\/div>\n<\/div><\/section><\/div><div class=\"flex_column av_one_full  flex_column_div av-zero-column-padding first  avia-builder-el-4  el_after_av_one_full  el_before_av_hr  column-top-margin\" style='border-radius:0px; '><section class=\"av_textblock_section \"  itemscope=\"itemscope\" itemtype=\"https:\/\/schema.org\/BlogPosting\" itemprop=\"blogPost\" ><div class='avia_textblock  '   itemprop=\"text\" ><p style=\"text-align: justify;\"><em>El programa V\u00ednculos forma parte de las pol\u00edticas p\u00fablicas orientadas a las personas adultas mayores del pa\u00eds, promoviendo el ejercicio de sus derechos y su participaci\u00f3n activa.<\/em><\/p>\n<p style=\"text-align: justify;\">La Direcci\u00f3n Regional del SERNAC en Ays\u00e9n realiz\u00f3 un taller sobre Consumo Sostenible y Eficiencia Energ\u00e9tica para personas mayores integrantes del Programa V\u00ednculos de Coyhaique.<\/p>\n<p style=\"text-align: justify;\">La iniciativa busc\u00f3 crear habilidades para una mejor toma de decisiones en materia de consumo mediante, por ejemplo, la comprensi\u00f3n de la importancia del consumo responsable y el impacto de las pol\u00edticas p\u00fablicas en el desarrollo sostenible.<\/p>\n<p style=\"text-align: justify;\">La actividad se desarroll\u00f3 en la Casa de las Personas Mayores de la Municipalidad y cont\u00f3 con la participaci\u00f3n de 23 vecinas y vecinos de la comuna, a quienes se les expuso, entre otras materias, sobre el uso eficiente de la energ\u00eda, el ahorro de consumo energ\u00e9tico en el hogar con h\u00e1bitos sencillos y accesibles, el rol de los consumidores especialmente a nivel dom\u00e9stico y familiar, y c\u00f3mo nuestras acciones diarias de consumo impactan en nuestro entorno.<\/p>\n<p style=\"text-align: justify;\">Esta actividad educativa se enmarca en un ciclo de talleres que tiene como objetivo generar conciencia sobre c\u00f3mo nuestras decisiones de compra afectan el medioambiente, la econom\u00eda y la sociedad. A trav\u00e9s de informaci\u00f3n pr\u00e1ctica se motiva a las personas a adoptar h\u00e1bitos de consumo responsables, fortaleciendo el rol de la ciudadan\u00eda en la construcci\u00f3n de mercados m\u00e1s justos y en la protecci\u00f3n de sus derechos como consumidores.<\/p>\n<p style=\"text-align: justify;\"><strong>Programa V\u00ednculos<\/strong><\/p>\n<p style=\"text-align: justify;\">Por su parte, el programa V\u00ednculos forma parte de las pol\u00edticas p\u00fablicas orientadas a las personas mayores del pa\u00eds, promoviendo el ejercicio de sus derechos, su autonom\u00eda y participaci\u00f3n activa en redes comunitarias de protecci\u00f3n social, reforzando la valorizaci\u00f3n de esta etapa de su vida. La implementaci\u00f3n de este programa es un trabajo en conjunto entre el Ministerio de Desarrollo Social y los municipios.<\/p>\n<\/div><\/section><\/div><div  style='height:50px' class='hr hr-invisible   avia-builder-el-6  el_after_av_one_full  el_before_av_social_share '><span class='hr-inner ' ><span class='hr-inner-style'><\/span><\/span><\/div><\/p>\n<div  class='av-social-sharing-box  avia-builder-el-7  el_after_av_hr  el_before_av_hr  '><div class='av-share-box'><h5 class='av-share-link-description av-no-toc '>Compartir esta noticia<\/h5><ul class='av-share-box-list noLightbox'><li class='av-share-link av-social-link-facebook' ><a target=\"_blank\" aria-label=\"Compartir en Facebook\" href='https:\/\/www.facebook.com\/sharer.php?u=https:\/\/radiorevelacionfm.cl\/?p=56311&#038;t=SERNAC%20realiza%20taller%20para%20personas%20mayores%20sobre%20Consumo%20Sostenible%20en%20Coyhaique' aria-hidden='false' data-av_icon='\ue8f3' data-av_iconfont='entypo-fontello' title='' data-avia-related-tooltip='Compartir en Facebook' rel=\"noopener\"><span class='avia_hidden_link_text'>Compartir en Facebook<\/span><\/a><\/li><li class='av-share-link av-social-link-twitter' ><a target=\"_blank\" aria-label=\"Compartir en Twitter\" href='https:\/\/twitter.com\/share?text=SERNAC%20realiza%20taller%20para%20personas%20mayores%20sobre%20Consumo%20Sostenible%20en%20Coyhaique&#038;url=https:\/\/radiorevelacionfm.cl\/?p=56311' aria-hidden='false' data-av_icon='\ue8f1' data-av_iconfont='entypo-fontello' title='' data-avia-related-tooltip='Compartir en Twitter' rel=\"noopener\"><span class='avia_hidden_link_text'>Compartir en Twitter<\/span><\/a><\/li><li class='av-share-link av-social-link-whatsapp' ><a target=\"_blank\" aria-label=\"Compartir en Whatsapp\" href='https:\/\/api.whatsapp.com\/send?text=https:\/\/radiorevelacionfm.cl\/?p=56311' aria-hidden='false' data-av_icon='\uf232' data-av_iconfont='entypo-fontello' title='' data-avia-related-tooltip='Compartir en Whatsapp' rel=\"noopener\"><span class='avia_hidden_link_text'>Compartir en Whatsapp<\/span><\/a><\/li><li class='av-share-link av-social-link-linkedin' ><a target=\"_blank\" aria-label=\"Compartir en LinkedIn\" href='https:\/\/linkedin.com\/shareArticle?mini=true&#038;title=SERNAC%20realiza%20taller%20para%20personas%20mayores%20sobre%20Consumo%20Sostenible%20en%20Coyhaique&#038;url=https:\/\/radiorevelacionfm.cl\/?p=56311' aria-hidden='false' data-av_icon='\ue8fc' data-av_iconfont='entypo-fontello' title='' data-avia-related-tooltip='Compartir en LinkedIn' rel=\"noopener\"><span class='avia_hidden_link_text'>Compartir en LinkedIn<\/span><\/a><\/li><li class='av-share-link av-social-link-mail' ><a  aria-label=\"Compartir por correo\" href='mailto:?subject=SERNAC%20realiza%20taller%20para%20personas%20mayores%20sobre%20Consumo%20Sostenible%20en%20Coyhaique&#038;body=https:\/\/radiorevelacionfm.cl\/?p=56311' aria-hidden='false' data-av_icon='\ue805' data-av_iconfont='entypo-fontello' title='' data-avia-related-tooltip='Compartir por correo'><span class='avia_hidden_link_text'>Compartir por correo<\/span><\/a><\/li><\/ul><\/div><\/div>\n<div  style='height:50px' class='hr hr-invisible   avia-builder-el-8  el_after_av_social_share  el_before_av_comments_list '><span class='hr-inner ' ><span class='hr-inner-style'><\/span><\/span><\/div>\n<div  class='av-buildercomment  av-blog-meta-html-info-disabled av-blog-meta-tag-disabled  '><\/div>\n","protected":false},"excerpt":{"rendered":"","protected":false},"author":1,"featured_media":56312,"comment_status":"closed","ping_status":"closed","sticky":false,"template":"","format":"standard","meta":{"footnotes":""},"categories":[37],"tags":[],"class_list":["post-56311","post","type-post","status-publish","format-standard","has-post-thumbnail","hentry","category-economia"],"jetpack_featured_media_url":"https:\/\/radiorevelacionfm.cl\/wp-content\/uploads\/2025\/07\/taller-vinculo-adulotos-mayores-1_optimized.jpg","_links":{"self":[{"href":"https:\/\/radiorevelacionfm.cl\/index.php?rest_route=\/wp\/v2\/posts\/56311","targetHints":{"allow":["GET"]}}],"collection":[{"href":"https:\/\/radiorevelacionfm.cl\/index.php?rest_route=\/wp\/v2\/posts"}],"about":[{"href":"https:\/\/radiorevelacionfm.cl\/index.php?rest_route=\/wp\/v2\/types\/post"}],"author":[{"embeddable":true,"href":"https:\/\/radiorevelacionfm.cl\/index.php?rest_route=\/wp\/v2\/users\/1"}],"replies":[{"embeddable":true,"href":"https:\/\/radiorevelacionfm.cl\/index.php?rest_route=%2Fwp%2Fv2%2Fcomments&post=56311"}],"version-history":[{"count":2,"href":"https:\/\/radiorevelacionfm.cl\/index.php?rest_route=\/wp\/v2\/posts\/56311\/revisions"}],"predecessor-version":[{"id":56319,"href":"https:\/\/radiorevelacionfm.cl\/index.php?rest_route=\/wp\/v2\/posts\/56311\/revisions\/56319"}],"wp:featuredmedia":[{"embeddable":true,"href":"https:\/\/radiorevelacionfm.cl\/index.php?rest_route=\/wp\/v2\/media\/56312"}],"wp:attachment":[{"href":"https:\/\/radiorevelacionfm.cl\/index.php?rest_route=%2Fwp%2Fv2%2Fmedia&parent=56311"}],"wp:term":[{"taxonomy":"category","embeddable":true,"href":"https:\/\/radiorevelacionfm.cl\/index.php?rest_route=%2Fwp%2Fv2%2Fcategories&post=56311"},{"taxonomy":"post_tag","embeddable":true,"href":"https:\/\/radiorevelacionfm.cl\/index.php?rest_route=%2Fwp%2Fv2%2Ftags&post=56311"}],"curies":[{"name":"wp","href":"https:\/\/api.w.org\/{rel}","templated":true}]}}