{"id":56308,"date":"2025-07-09T11:25:18","date_gmt":"2025-07-09T14:25:18","guid":{"rendered":"https:\/\/radiorevelacionfm.cl\/?p=56308"},"modified":"2025-07-09T21:03:23","modified_gmt":"2025-07-10T00:03:23","slug":"edelaysen-ejecutara-trabajos-de-emergencia-la-madrugada-de-este-miercoles-en-puerto-aysen","status":"publish","type":"post","link":"https:\/\/radiorevelacionfm.cl\/?p=56308","title":{"rendered":"Edelaysen ejecut\u00f3 trabajos de emergencia la madrugada de este mi\u00e9rcoles en Puerto Ays\u00e9n"},"content":{"rendered":"<div class=\"flex_column av_one_full  flex_column_div av-zero-column-padding first  avia-builder-el-0  el_before_av_one_full  avia-builder-el-first  \" style='border-radius:0px; '><div  class='avia-image-container  av-styling-    avia-builder-el-1  avia-builder-el-no-sibling  avia-align-center '  itemprop=\"image\" itemscope=\"itemscope\" itemtype=\"https:\/\/schema.org\/ImageObject\"  ><div class='avia-image-container-inner'><div class='avia-image-overlay-wrap'><img decoding=\"async\" class='wp-image-50767 avia-img-lazy-loading-not-50767 avia_image' src=\"https:\/\/radiorevelacionfm.cl\/wp-content\/uploads\/2025\/02\/edelaysen_desconexion-programada-1_optimized.jpeg\" alt='' title='edelaysen_desconexi\u00f3n-programada-(1)_optimized' height=\"600\" width=\"1039\"  itemprop=\"thumbnailUrl\" srcset=\"https:\/\/radiorevelacionfm.cl\/wp-content\/uploads\/2025\/02\/edelaysen_desconexion-programada-1_optimized.jpeg 1039w, https:\/\/radiorevelacionfm.cl\/wp-content\/uploads\/2025\/02\/edelaysen_desconexion-programada-1_optimized-300x173.jpeg 300w, https:\/\/radiorevelacionfm.cl\/wp-content\/uploads\/2025\/02\/edelaysen_desconexion-programada-1_optimized-1030x595.jpeg 1030w, https:\/\/radiorevelacionfm.cl\/wp-content\/uploads\/2025\/02\/edelaysen_desconexion-programada-1_optimized-768x444.jpeg 768w, https:\/\/radiorevelacionfm.cl\/wp-content\/uploads\/2025\/02\/edelaysen_desconexion-programada-1_optimized-705x407.jpeg 705w, https:\/\/radiorevelacionfm.cl\/wp-content\/uploads\/2025\/02\/edelaysen_desconexion-programada-1_optimized-450x260.jpeg 450w, https:\/\/radiorevelacionfm.cl\/wp-content\/uploads\/2025\/02\/edelaysen_desconexion-programada-1_optimized-600x346.jpeg 600w\" sizes=\"(max-width: 1039px) 100vw, 1039px\" \/><\/div><\/div><\/div><\/div>\n<div class=\"flex_column av_one_full  flex_column_div av-zero-column-padding first  avia-builder-el-2  el_after_av_one_full  el_before_av_one_full  column-top-margin\" style='border-radius:0px; '><section class=\"av_textblock_section \"  itemscope=\"itemscope\" itemtype=\"https:\/\/schema.org\/BlogPosting\" itemprop=\"blogPost\" ><div class='avia_textblock  '   itemprop=\"text\" ><p style=\"text-align: center;\"><span style=\"font-size: 18pt;\"><strong>Edelaysen ejecut\u00f3 trabajos de emergencia la madrugada de este mi\u00e9rcoles en Puerto Ays\u00e9n<\/strong><\/span><\/p>\n<div id=\"gtx-trans\" style=\"position: absolute; left: -50px; top: 4.31534px;\">\n<div class=\"gtx-trans-icon\"><\/div>\n<\/div>\n<\/div><\/section><\/div><div class=\"flex_column av_one_full  flex_column_div av-zero-column-padding first  avia-builder-el-4  el_after_av_one_full  el_before_av_hr  column-top-margin\" style='border-radius:0px; '><section class=\"av_textblock_section \"  itemscope=\"itemscope\" itemtype=\"https:\/\/schema.org\/BlogPosting\" itemprop=\"blogPost\" ><div class='avia_textblock  '   itemprop=\"text\" ><p style=\"text-align: justify;\"><em>La el\u00e9ctrica realiz\u00f3 el reemplazo inmediato de equipos da\u00f1ados tras una interrupci\u00f3n imprevista el d\u00eda lunes por la noche en la comuna. Esto implic\u00f3 la desconexi\u00f3n entre las 02:00 y las 05:00 de la madrugada del d\u00eda mi\u00e9rcoles 9 de julio.<\/em><\/p>\n<p style=\"text-align: justify;\">Desde la empresa informaron que se llev\u00f3 a cabo trabajos de mejora urgente en su Central Hidroel\u00e9ctrica de Puerto Ays\u00e9n, luego de una falla ocurrida la noche del martes, con el objetivo de reponer equipamiento da\u00f1ado y resguardar la continuidad del suministro el\u00e9ctrico en la zona.<\/p>\n<p style=\"text-align: justify;\">Para ejecutar estas labores de forma segura, fue necesario interrumpir el suministro el\u00e9ctrico de manera programada, la madrugada del d\u00eda mi\u00e9rcoles 9 de julio, entre las 02:00 y las 05:00 horas, en los sectores de Puerto Ays\u00e9n, R\u00edo Los Palos, Lago Riesco y Pangal Poniente.<\/p>\n<p style=\"text-align: justify;\">De acuerdo con lo indicado por Edelaysen, la empresa program\u00f3 estos trabajos en horario de baja demanda precisamente para minimizar el impacto en la rutina diaria de los vecinos, y permitir que las familias y servicios de la comuna puedan tomar las medidas necesarias con anticipaci\u00f3n.<\/p>\n<p style=\"text-align: justify;\">Francisco Pavez, ejecutivo de Edelaysen destac\u00f3 \u201cInformamos a nuestros clientes sobre estos trabajos, con el objetivo que puedan tomar los resguardos necesarios ante la desconexi\u00f3n. Nuestro personal especializado detect\u00f3 a tiempo los da\u00f1os en equipos de la central, lo que nos permite evitar una falla m\u00e1s grave, con impacto para nuestros clientes. Por eso estamos actuando con rapidez y de manera preventiva. Desde ya lamentamos los inconvenientes que pueda causar en nuestros clientes\u201d.<\/p>\n<p style=\"text-align: justify;\">Desde la el\u00e9ctrica informaron que ante solicitud de m\u00e1s informaci\u00f3n, los clientes y comunidad en general pueden comunicarse a trav\u00e9s de la l\u00ednea gratuita 800 600 803 o visitar p\u00e1gina web www.edelaysen.cl o su aplicaci\u00f3n m\u00f3vil Edelaysen.<\/p>\n<\/div><\/section><\/div><div  style='height:50px' class='hr hr-invisible   avia-builder-el-6  el_after_av_one_full  el_before_av_social_share '><span class='hr-inner ' ><span class='hr-inner-style'><\/span><\/span><\/div><\/p>\n<div  class='av-social-sharing-box  avia-builder-el-7  el_after_av_hr  el_before_av_hr  '><div class='av-share-box'><h5 class='av-share-link-description av-no-toc '>Compartir esta noticia<\/h5><ul class='av-share-box-list noLightbox'><li class='av-share-link av-social-link-facebook' ><a target=\"_blank\" aria-label=\"Compartir en Facebook\" href='https:\/\/www.facebook.com\/sharer.php?u=https:\/\/radiorevelacionfm.cl\/?p=56308&#038;t=Edelaysen%20ejecut%C3%B3%20trabajos%20de%20emergencia%20la%20madrugada%20de%20este%20mi%C3%A9rcoles%20en%20Puerto%20Ays%C3%A9n' aria-hidden='false' data-av_icon='\ue8f3' data-av_iconfont='entypo-fontello' title='' data-avia-related-tooltip='Compartir en Facebook' rel=\"noopener\"><span class='avia_hidden_link_text'>Compartir en Facebook<\/span><\/a><\/li><li class='av-share-link av-social-link-twitter' ><a target=\"_blank\" aria-label=\"Compartir en Twitter\" href='https:\/\/twitter.com\/share?text=Edelaysen%20ejecut%C3%B3%20trabajos%20de%20emergencia%20la%20madrugada%20de%20este%20mi%C3%A9rcoles%20en%20Puerto%20Ays%C3%A9n&#038;url=https:\/\/radiorevelacionfm.cl\/?p=56308' aria-hidden='false' data-av_icon='\ue8f1' data-av_iconfont='entypo-fontello' title='' data-avia-related-tooltip='Compartir en Twitter' rel=\"noopener\"><span class='avia_hidden_link_text'>Compartir en Twitter<\/span><\/a><\/li><li class='av-share-link av-social-link-whatsapp' ><a target=\"_blank\" aria-label=\"Compartir en Whatsapp\" href='https:\/\/api.whatsapp.com\/send?text=https:\/\/radiorevelacionfm.cl\/?p=56308' aria-hidden='false' data-av_icon='\uf232' data-av_iconfont='entypo-fontello' title='' data-avia-related-tooltip='Compartir en Whatsapp' rel=\"noopener\"><span class='avia_hidden_link_text'>Compartir en Whatsapp<\/span><\/a><\/li><li class='av-share-link av-social-link-linkedin' ><a target=\"_blank\" aria-label=\"Compartir en LinkedIn\" href='https:\/\/linkedin.com\/shareArticle?mini=true&#038;title=Edelaysen%20ejecut%C3%B3%20trabajos%20de%20emergencia%20la%20madrugada%20de%20este%20mi%C3%A9rcoles%20en%20Puerto%20Ays%C3%A9n&#038;url=https:\/\/radiorevelacionfm.cl\/?p=56308' aria-hidden='false' data-av_icon='\ue8fc' data-av_iconfont='entypo-fontello' title='' data-avia-related-tooltip='Compartir en LinkedIn' rel=\"noopener\"><span class='avia_hidden_link_text'>Compartir en LinkedIn<\/span><\/a><\/li><li class='av-share-link av-social-link-mail' ><a  aria-label=\"Compartir por correo\" href='mailto:?subject=Edelaysen%20ejecut%C3%B3%20trabajos%20de%20emergencia%20la%20madrugada%20de%20este%20mi%C3%A9rcoles%20en%20Puerto%20Ays%C3%A9n&#038;body=https:\/\/radiorevelacionfm.cl\/?p=56308' aria-hidden='false' data-av_icon='\ue805' data-av_iconfont='entypo-fontello' title='' data-avia-related-tooltip='Compartir por correo'><span class='avia_hidden_link_text'>Compartir por correo<\/span><\/a><\/li><\/ul><\/div><\/div>\n<div  style='height:50px' class='hr hr-invisible   avia-builder-el-8  el_after_av_social_share  el_before_av_comments_list '><span class='hr-inner ' ><span class='hr-inner-style'><\/span><\/span><\/div>\n<div  class='av-buildercomment  av-blog-meta-html-info-disabled av-blog-meta-tag-disabled  '><\/div>\n","protected":false},"excerpt":{"rendered":"","protected":false},"author":1,"featured_media":50767,"comment_status":"closed","ping_status":"closed","sticky":false,"template":"","format":"standard","meta":{"footnotes":""},"categories":[38],"tags":[],"class_list":["post-56308","post","type-post","status-publish","format-standard","has-post-thumbnail","hentry","category-regional"],"jetpack_featured_media_url":"https:\/\/radiorevelacionfm.cl\/wp-content\/uploads\/2025\/02\/edelaysen_desconexion-programada-1_optimized.jpeg","_links":{"self":[{"href":"https:\/\/radiorevelacionfm.cl\/index.php?rest_route=\/wp\/v2\/posts\/56308","targetHints":{"allow":["GET"]}}],"collection":[{"href":"https:\/\/radiorevelacionfm.cl\/index.php?rest_route=\/wp\/v2\/posts"}],"about":[{"href":"https:\/\/radiorevelacionfm.cl\/index.php?rest_route=\/wp\/v2\/types\/post"}],"author":[{"embeddable":true,"href":"https:\/\/radiorevelacionfm.cl\/index.php?rest_route=\/wp\/v2\/users\/1"}],"replies":[{"embeddable":true,"href":"https:\/\/radiorevelacionfm.cl\/index.php?rest_route=%2Fwp%2Fv2%2Fcomments&post=56308"}],"version-history":[{"count":4,"href":"https:\/\/radiorevelacionfm.cl\/index.php?rest_route=\/wp\/v2\/posts\/56308\/revisions"}],"predecessor-version":[{"id":56351,"href":"https:\/\/radiorevelacionfm.cl\/index.php?rest_route=\/wp\/v2\/posts\/56308\/revisions\/56351"}],"wp:featuredmedia":[{"embeddable":true,"href":"https:\/\/radiorevelacionfm.cl\/index.php?rest_route=\/wp\/v2\/media\/50767"}],"wp:attachment":[{"href":"https:\/\/radiorevelacionfm.cl\/index.php?rest_route=%2Fwp%2Fv2%2Fmedia&parent=56308"}],"wp:term":[{"taxonomy":"category","embeddable":true,"href":"https:\/\/radiorevelacionfm.cl\/index.php?rest_route=%2Fwp%2Fv2%2Fcategories&post=56308"},{"taxonomy":"post_tag","embeddable":true,"href":"https:\/\/radiorevelacionfm.cl\/index.php?rest_route=%2Fwp%2Fv2%2Ftags&post=56308"}],"curies":[{"name":"wp","href":"https:\/\/api.w.org\/{rel}","templated":true}]}}