{"id":56291,"date":"2025-07-09T12:47:09","date_gmt":"2025-07-09T15:47:09","guid":{"rendered":"https:\/\/radiorevelacionfm.cl\/?p=56291"},"modified":"2025-07-11T21:42:59","modified_gmt":"2025-07-12T00:42:59","slug":"liderazgos-campesinos-de-toda-la-region-se-reunen-en-nueva-sesion-del-consejo-asesor-regional-de-indap-en-aysen","status":"publish","type":"post","link":"https:\/\/radiorevelacionfm.cl\/?p=56291","title":{"rendered":"Liderazgos campesinos de toda la regi\u00f3n se re\u00fanen en nueva sesi\u00f3n del Consejo Asesor Regional de INDAP en Ays\u00e9n"},"content":{"rendered":"<div class=\"flex_column av_one_full  flex_column_div av-zero-column-padding first  avia-builder-el-0  el_before_av_one_full  avia-builder-el-first  \" style='border-radius:0px; '><div  class='avia-image-container  av-styling-    avia-builder-el-1  avia-builder-el-no-sibling  avia-align-center '  itemprop=\"image\" itemscope=\"itemscope\" itemtype=\"https:\/\/schema.org\/ImageObject\"  ><div class='avia-image-container-inner'><div class='avia-image-overlay-wrap'><img decoding=\"async\" class='wp-image-56293 avia-img-lazy-loading-not-56293 avia_image' src=\"https:\/\/radiorevelacionfm.cl\/wp-content\/uploads\/2025\/07\/SESION-REGIONAL-CONSEJO-ASESOR-INDAP-5-1-1-1-1.jpeg\" alt='' title='SESION REGIONAL CONSEJO ASESOR INDAP (5)-1 (1) (1)' height=\"600\" width=\"1148\"  itemprop=\"thumbnailUrl\" srcset=\"https:\/\/radiorevelacionfm.cl\/wp-content\/uploads\/2025\/07\/SESION-REGIONAL-CONSEJO-ASESOR-INDAP-5-1-1-1-1.jpeg 1148w, https:\/\/radiorevelacionfm.cl\/wp-content\/uploads\/2025\/07\/SESION-REGIONAL-CONSEJO-ASESOR-INDAP-5-1-1-1-1-300x157.jpeg 300w, https:\/\/radiorevelacionfm.cl\/wp-content\/uploads\/2025\/07\/SESION-REGIONAL-CONSEJO-ASESOR-INDAP-5-1-1-1-1-1030x538.jpeg 1030w, https:\/\/radiorevelacionfm.cl\/wp-content\/uploads\/2025\/07\/SESION-REGIONAL-CONSEJO-ASESOR-INDAP-5-1-1-1-1-768x401.jpeg 768w, https:\/\/radiorevelacionfm.cl\/wp-content\/uploads\/2025\/07\/SESION-REGIONAL-CONSEJO-ASESOR-INDAP-5-1-1-1-1-705x368.jpeg 705w, https:\/\/radiorevelacionfm.cl\/wp-content\/uploads\/2025\/07\/SESION-REGIONAL-CONSEJO-ASESOR-INDAP-5-1-1-1-1-450x235.jpeg 450w, https:\/\/radiorevelacionfm.cl\/wp-content\/uploads\/2025\/07\/SESION-REGIONAL-CONSEJO-ASESOR-INDAP-5-1-1-1-1-600x314.jpeg 600w\" sizes=\"(max-width: 1148px) 100vw, 1148px\" \/><\/div><\/div><\/div><\/div><div class=\"flex_column av_one_full  flex_column_div av-zero-column-padding first  avia-builder-el-2  el_after_av_one_full  el_before_av_one_full  column-top-margin\" style='border-radius:0px; '><section class=\"av_textblock_section \"  itemscope=\"itemscope\" itemtype=\"https:\/\/schema.org\/BlogPosting\" itemprop=\"blogPost\" ><div class='avia_textblock  '   itemprop=\"text\" ><p style=\"text-align: center;\"><strong><span style=\"font-size: 18pt;\">\u00a0Liderazgos campesinos de toda la regi\u00f3n se re\u00fanen en nueva sesi\u00f3n del Consejo Asesor Regional de INDAP en Ays\u00e9n<\/span><\/strong><\/p>\n<div id=\"gtx-trans\" style=\"position: absolute; left: -50px; top: 4.31534px;\">\n<div class=\"gtx-trans-icon\"><\/div>\n<\/div>\n<\/div><\/section><\/div><\/p>\n<div class=\"flex_column av_one_full  flex_column_div av-zero-column-padding first  avia-builder-el-4  el_after_av_one_full  el_before_av_hr  column-top-margin\" style='border-radius:0px; '><section class=\"av_textblock_section \"  itemscope=\"itemscope\" itemtype=\"https:\/\/schema.org\/BlogPosting\" itemprop=\"blogPost\" ><div class='avia_textblock  '   itemprop=\"text\" ><div>\n<div dir=\"auto\" style=\"text-align: justify;\">En la Direcci\u00f3n Regional de INDAP del Ministerio de Agricultura se realiz\u00f3 una nueva sesi\u00f3n del Consejo Asesor Regional (CAR), instancia que congrega a representantes de organizaciones campesinas del territorio con el fin de dialogar, coordinar acciones y aportar a la toma de decisiones estrat\u00e9gicas en el mundo rural. Durante la jornada participaron representantes del Gobierno Regional, SEREMIS y equipos t\u00e9cnicos de INDAP, quienes escucharon las principales inquietudes de los liderazgos campesinos presentes.<br \/>\n\u201cEspacios como este permiten construir pol\u00edticas p\u00fablicas con pertinencia territorial, incorporando la experiencia de quienes est\u00e1n en el territorio trabajando por una ruralidad viva y activa\u201d, se\u00f1al\u00f3 Yessica Lagos C\u00e1rdenas, directora regional de INDAP. Desde la mirada ministerial, el SEREMI de Agricultura, Eugenio Ruiz, se\u00f1al\u00f3 que \u201cestos espacios de articulaci\u00f3n regional nos permiten alinear el trabajo institucional con las reales necesidades del campo. Escuchar directamente a las organizaciones campesinas es clave para avanzar en un desarrollo rural m\u00e1s equitativo\u201d.<br \/>\nUno de los momentos m\u00e1s valorados de la jornada fue la participaci\u00f3n del Gobernador Regional, Marcelo Santana, quien escuch\u00f3 en terreno las principales inquietudes del sector campesino y abord\u00f3 las iniciativas que INDAP est\u00e1 presentando al Gobierno Regional, especialmente en el \u00e1mbito de financiamiento para el fomento productivo. \u201cComo Gobierno Regional queremos ser part\u00edcipes, estamos elaborando programas que a trav\u00e9s de INDAP y del Ministerio de Agricultura permitan llegar con m\u00e1s recursos, con m\u00e1s proyectos e iniciativas que revitalicen este importante sector productivo de nuestra regi\u00f3n\u201d, se\u00f1al\u00f3 el Gobernador Regional, Marcelo Santana.\u00a0\u00a0En la misma l\u00ednea, Di\u00f3genes Cay\u00fan Anticura, presidente del CAR y representante de la organizaci\u00f3n Los R\u00edos de Bah\u00eda y\u00a0\u00a0Federaci\u00f3n Agropecuaria Forestal Ays\u00e9n Patagonia Verde agradeci\u00f3 la participaci\u00f3n de Gobierno Regional: \u201ctuvimos en nuestro consejo la participaci\u00f3n del Gobernador Marcelo Santana, quien se interes\u00f3 mucho en seguir ayudando a nuestra Agricultura Familiar Campesina e Ind\u00edgena, lo que se valora en gran medida\u201d, afirm\u00f3.<br \/>\nTambi\u00e9n asisti\u00f3 la SEREMI de Desarrollo Social, Karina Auad Acevedo, reforzando as\u00ed la mirada intersectorial del desarrollo rural. Durante la jornada, adem\u00e1s, se abordaron las modificaciones normativas del cr\u00e9dito INDAP y se present\u00f3 el modelo de funcionamiento de FEGOSA (Feria Ganaderos Osorno S.A), generando un di\u00e1logo amplio y actualizado.<br \/>\nEl Consejo Asesor Regional (CAR) es un espacio de participaci\u00f3n ciudadana creado por ley, donde representantes del mundo rural se re\u00fanen de manera peri\u00f3dica con INDAP para orientar el trabajo institucional. En Ays\u00e9n est\u00e1 compuesto por representantes de organizaciones como la Asociaci\u00f3n de Mujeres Campesinas de la Patagonia, la Asociaci\u00f3n Gremial de Agricultores de Mall\u00edn Grande, la Asociaci\u00f3n Gremial R\u00edo Baker, Federaci\u00f3n Agropecuaria Forestal Ays\u00e9n Patagonia Verde, el Comit\u00e9 Campesino Las Confluencias de Ma\u00f1ihuales, la Asociaci\u00f3n Gremial de La Junta. INDAP valora profundamente este espacio, que permite dise\u00f1ar mejor sus programas, recoger propuestas desde el territorio y construir juntos un campo m\u00e1s justo, resiliente y con identidad.<\/div>\n<\/div>\n<\/div><\/section><\/div>\n<div  style='height:50px' class='hr hr-invisible   avia-builder-el-6  el_after_av_one_full  el_before_av_social_share '><span class='hr-inner ' ><span class='hr-inner-style'><\/span><\/span><\/div>\n<div  class='av-social-sharing-box  avia-builder-el-7  el_after_av_hr  el_before_av_hr  '><div class='av-share-box'><h5 class='av-share-link-description av-no-toc '>Compartir esta noticia<\/h5><ul class='av-share-box-list noLightbox'><li class='av-share-link av-social-link-facebook' ><a target=\"_blank\" aria-label=\"Compartir en Facebook\" href='https:\/\/www.facebook.com\/sharer.php?u=https:\/\/radiorevelacionfm.cl\/?p=56291&#038;t=Liderazgos%20campesinos%20de%20toda%20la%20regi%C3%B3n%20se%20re%C3%BAnen%20en%20nueva%20sesi%C3%B3n%20del%20Consejo%20Asesor%20Regional%20de%20INDAP%20en%20Ays%C3%A9n' aria-hidden='false' data-av_icon='\ue8f3' data-av_iconfont='entypo-fontello' title='' data-avia-related-tooltip='Compartir en Facebook' rel=\"noopener\"><span class='avia_hidden_link_text'>Compartir en Facebook<\/span><\/a><\/li><li class='av-share-link av-social-link-twitter' ><a target=\"_blank\" aria-label=\"Compartir en Twitter\" href='https:\/\/twitter.com\/share?text=Liderazgos%20campesinos%20de%20toda%20la%20regi%C3%B3n%20se%20re%C3%BAnen%20en%20nueva%20sesi%C3%B3n%20del%20Consejo%20Asesor%20Regional%20de%20INDAP%20en%20Ays%C3%A9n&#038;url=https:\/\/radiorevelacionfm.cl\/?p=56291' aria-hidden='false' data-av_icon='\ue8f1' data-av_iconfont='entypo-fontello' title='' data-avia-related-tooltip='Compartir en Twitter' rel=\"noopener\"><span class='avia_hidden_link_text'>Compartir en Twitter<\/span><\/a><\/li><li class='av-share-link av-social-link-whatsapp' ><a target=\"_blank\" aria-label=\"Compartir en Whatsapp\" href='https:\/\/api.whatsapp.com\/send?text=https:\/\/radiorevelacionfm.cl\/?p=56291' aria-hidden='false' data-av_icon='\uf232' data-av_iconfont='entypo-fontello' title='' data-avia-related-tooltip='Compartir en Whatsapp' rel=\"noopener\"><span class='avia_hidden_link_text'>Compartir en Whatsapp<\/span><\/a><\/li><li class='av-share-link av-social-link-linkedin' ><a target=\"_blank\" aria-label=\"Compartir en LinkedIn\" href='https:\/\/linkedin.com\/shareArticle?mini=true&#038;title=Liderazgos%20campesinos%20de%20toda%20la%20regi%C3%B3n%20se%20re%C3%BAnen%20en%20nueva%20sesi%C3%B3n%20del%20Consejo%20Asesor%20Regional%20de%20INDAP%20en%20Ays%C3%A9n&#038;url=https:\/\/radiorevelacionfm.cl\/?p=56291' aria-hidden='false' data-av_icon='\ue8fc' data-av_iconfont='entypo-fontello' title='' data-avia-related-tooltip='Compartir en LinkedIn' rel=\"noopener\"><span class='avia_hidden_link_text'>Compartir en LinkedIn<\/span><\/a><\/li><li class='av-share-link av-social-link-mail' ><a  aria-label=\"Compartir por correo\" href='mailto:?subject=Liderazgos%20campesinos%20de%20toda%20la%20regi%C3%B3n%20se%20re%C3%BAnen%20en%20nueva%20sesi%C3%B3n%20del%20Consejo%20Asesor%20Regional%20de%20INDAP%20en%20Ays%C3%A9n&#038;body=https:\/\/radiorevelacionfm.cl\/?p=56291' aria-hidden='false' data-av_icon='\ue805' data-av_iconfont='entypo-fontello' title='' data-avia-related-tooltip='Compartir por correo'><span class='avia_hidden_link_text'>Compartir por correo<\/span><\/a><\/li><\/ul><\/div><\/div>\n<div  style='height:50px' class='hr hr-invisible   avia-builder-el-8  el_after_av_social_share  el_before_av_comments_list '><span class='hr-inner ' ><span class='hr-inner-style'><\/span><\/span><\/div>\n<div  class='av-buildercomment  av-blog-meta-html-info-disabled av-blog-meta-tag-disabled  '><\/div>\n","protected":false},"excerpt":{"rendered":"","protected":false},"author":1,"featured_media":56293,"comment_status":"closed","ping_status":"closed","sticky":false,"template":"","format":"standard","meta":{"footnotes":""},"categories":[58],"tags":[],"class_list":["post-56291","post","type-post","status-publish","format-standard","has-post-thumbnail","hentry","category-agricultura"],"jetpack_featured_media_url":"https:\/\/radiorevelacionfm.cl\/wp-content\/uploads\/2025\/07\/SESION-REGIONAL-CONSEJO-ASESOR-INDAP-5-1-1-1-1.jpeg","_links":{"self":[{"href":"https:\/\/radiorevelacionfm.cl\/index.php?rest_route=\/wp\/v2\/posts\/56291","targetHints":{"allow":["GET"]}}],"collection":[{"href":"https:\/\/radiorevelacionfm.cl\/index.php?rest_route=\/wp\/v2\/posts"}],"about":[{"href":"https:\/\/radiorevelacionfm.cl\/index.php?rest_route=\/wp\/v2\/types\/post"}],"author":[{"embeddable":true,"href":"https:\/\/radiorevelacionfm.cl\/index.php?rest_route=\/wp\/v2\/users\/1"}],"replies":[{"embeddable":true,"href":"https:\/\/radiorevelacionfm.cl\/index.php?rest_route=%2Fwp%2Fv2%2Fcomments&post=56291"}],"version-history":[{"count":3,"href":"https:\/\/radiorevelacionfm.cl\/index.php?rest_route=\/wp\/v2\/posts\/56291\/revisions"}],"predecessor-version":[{"id":56460,"href":"https:\/\/radiorevelacionfm.cl\/index.php?rest_route=\/wp\/v2\/posts\/56291\/revisions\/56460"}],"wp:featuredmedia":[{"embeddable":true,"href":"https:\/\/radiorevelacionfm.cl\/index.php?rest_route=\/wp\/v2\/media\/56293"}],"wp:attachment":[{"href":"https:\/\/radiorevelacionfm.cl\/index.php?rest_route=%2Fwp%2Fv2%2Fmedia&parent=56291"}],"wp:term":[{"taxonomy":"category","embeddable":true,"href":"https:\/\/radiorevelacionfm.cl\/index.php?rest_route=%2Fwp%2Fv2%2Fcategories&post=56291"},{"taxonomy":"post_tag","embeddable":true,"href":"https:\/\/radiorevelacionfm.cl\/index.php?rest_route=%2Fwp%2Fv2%2Ftags&post=56291"}],"curies":[{"name":"wp","href":"https:\/\/api.w.org\/{rel}","templated":true}]}}