{"id":56287,"date":"2025-07-09T11:59:47","date_gmt":"2025-07-09T14:59:47","guid":{"rendered":"https:\/\/radiorevelacionfm.cl\/?p=56287"},"modified":"2025-07-09T11:59:47","modified_gmt":"2025-07-09T14:59:47","slug":"lanzan-cartel-del-festival-confluencia","status":"publish","type":"post","link":"https:\/\/radiorevelacionfm.cl\/?p=56287","title":{"rendered":"Lanzan cartel del Festival Confluencia"},"content":{"rendered":"<div class=\"flex_column av_one_full  flex_column_div av-zero-column-padding first  avia-builder-el-0  el_before_av_one_full  avia-builder-el-first  \" style='border-radius:0px; '><div  class='avia-image-container  av-styling-    avia-builder-el-1  avia-builder-el-no-sibling  avia-align-center '  itemprop=\"image\" itemscope=\"itemscope\" itemtype=\"https:\/\/schema.org\/ImageObject\"  ><div class='avia-image-container-inner'><div class='avia-image-overlay-wrap'><img decoding=\"async\" class='wp-image-56288 avia-img-lazy-loading-not-56288 avia_image' src=\"https:\/\/radiorevelacionfm.cl\/wp-content\/uploads\/2025\/07\/cepa-funk-1.jpg\" alt='' title='cepa funk (1)' height=\"600\" width=\"1116\"  itemprop=\"thumbnailUrl\" srcset=\"https:\/\/radiorevelacionfm.cl\/wp-content\/uploads\/2025\/07\/cepa-funk-1.jpg 1116w, https:\/\/radiorevelacionfm.cl\/wp-content\/uploads\/2025\/07\/cepa-funk-1-300x161.jpg 300w, https:\/\/radiorevelacionfm.cl\/wp-content\/uploads\/2025\/07\/cepa-funk-1-1030x554.jpg 1030w, https:\/\/radiorevelacionfm.cl\/wp-content\/uploads\/2025\/07\/cepa-funk-1-768x413.jpg 768w, https:\/\/radiorevelacionfm.cl\/wp-content\/uploads\/2025\/07\/cepa-funk-1-705x379.jpg 705w, https:\/\/radiorevelacionfm.cl\/wp-content\/uploads\/2025\/07\/cepa-funk-1-450x242.jpg 450w, https:\/\/radiorevelacionfm.cl\/wp-content\/uploads\/2025\/07\/cepa-funk-1-600x323.jpg 600w\" sizes=\"(max-width: 1116px) 100vw, 1116px\" \/><\/div><\/div><\/div><\/div><div class=\"flex_column av_one_full  flex_column_div av-zero-column-padding first  avia-builder-el-2  el_after_av_one_full  el_before_av_one_full  column-top-margin\" style='border-radius:0px; '><section class=\"av_textblock_section \"  itemscope=\"itemscope\" itemtype=\"https:\/\/schema.org\/BlogPosting\" itemprop=\"blogPost\" ><div class='avia_textblock  '   itemprop=\"text\" ><p style=\"text-align: center;\"><span style=\"font-size: 18pt;\"><b>Lanzan cartel del Festival Confluencia\u00a0<\/b><\/span><\/p>\n<div id=\"gtx-trans\" style=\"position: absolute; left: -50px; top: 4.31534px;\">\n<div class=\"gtx-trans-icon\"><\/div>\n<\/div>\n<\/div><\/section><\/div><div class=\"flex_column av_one_full  flex_column_div av-zero-column-padding first  avia-builder-el-4  el_after_av_one_full  el_before_av_hr  column-top-margin\" style='border-radius:0px; '><section class=\"av_textblock_section \"  itemscope=\"itemscope\" itemtype=\"https:\/\/schema.org\/BlogPosting\" itemprop=\"blogPost\" ><div class='avia_textblock  '   itemprop=\"text\" ><div class=\"v1elementToProof\" style=\"text-align: justify;\">Luego del proceso de postulaci\u00f3n m\u00e1s masivo en la historia de las Escuelas de Rock y M\u00fasica Popular, la Red de Festivales Rock\u00f3dromo 2025 ya cuenta con sus 16 carteles regionales.<\/div>\n<div class=\"v1elementToProof\" style=\"text-align: justify;\"><\/div>\n<div class=\"v1elementToProof\" style=\"text-align: justify;\">Fueron m\u00e1s de 1250 postulaciones las que se recibieron a nivel nacional y m\u00e1s de 5320 personas las que forman parte de los proyectos musicales que participaron en la convocatoria.<\/div>\n<div class=\"v1elementToProof\" style=\"text-align: justify;\"><\/div>\n<div class=\"v1elementToProof\" style=\"text-align: justify;\">Como cada a\u00f1o, ser\u00e1n 16 festivales p\u00fablicos, uno por regi\u00f3n, que comienzan el 23 de julio en la ciudad de Antofagasta.<\/div>\n<div class=\"v1elementToProof\" style=\"text-align: justify;\"><\/div>\n<div class=\"v1elementToProof\" style=\"text-align: justify;\">La Regi\u00f3n de Ays\u00e9n tendr\u00e1 la octava edici\u00f3n de su Festival Confluencia el d\u00eda 9 de agosto en el Centro Cultural Coyhaique y los seleccionados para esa jornada son All Chick, Savir Quintana, Cepa Funk, S4fika &amp; Kvminvnte, D\u00fao Agapanthus y Fernando Pro-Sa &amp; El alma de las aguas.<\/div>\n<div class=\"v1elementToProof\" style=\"text-align: justify;\"><\/div>\n<div class=\"v1elementToProof\" style=\"text-align: justify;\">El seremi de Culturas Ays\u00e9n, Felipe Quiroz, dijo que \u00abeste a\u00f1o m\u00e1s de 20 proyectos musicales de la Regi\u00f3n de Ays\u00e9n postularon al escenario Confluencia, y 6 de ellos fueron seleccionados para ser parte de esta consolidado festival. Confluencia no es solo un escenario: es una plataforma p\u00fablica, parte de la \u00fanica red de festivales gratuitos del pa\u00eds, y una verdadera vitrina para el talento musical de nuestra regi\u00f3n. Desde ah\u00ed, desde ese cruce de voces y territorios, saldr\u00e1 quien nos represente en el Rock\u00f3dromo a fin de a\u00f1o. Sabemos que ser\u00e1 alguien que crea desde esta Patagonia profunda, que lleva en su m\u00fasica el pulso de nuestras comunidades\u00bb.<\/div>\n<div class=\"v1elementToProof\" style=\"text-align: justify;\"><\/div>\n<div class=\"v1elementToProof\" style=\"text-align: justify;\">Rodrigo Obando de la agrupaci\u00f3n Cepa Funk, dijo que \u00abnos toma con bastante sorpresa, pues como banda estamos pasando una situaci\u00f3n delicada porque nuestro baterista Pablo Gallardo no est\u00e1 muy bien de salud, nos tom\u00f3 muy de sorpresa haber quedado pues otras veces hemos postulado y hace como tres a\u00f1os que no nos seleccionaban. Creo que es un reto, entre todos trataremos de sacar adelante esto como se pueda y ver si est\u00e1 la posibilidad de ir a Rock\u00f3dromo para representar a la regi\u00f3n. Estar\u00eda buen\u00edsimo. Es un reto que como banda tenemos hace muchos a\u00f1os. Estamos entusiasmados, pero preocupados al mismo tiempo. La gran meta y el sue\u00f1o es ir con Pablo a Valpara\u00edso\u00bb.<\/div>\n<div class=\"v1elementToProof\" style=\"text-align: justify;\"><\/div>\n<div class=\"v1elementToProof\" style=\"text-align: justify;\">La Minike, integrante del D\u00fao Agapanthus, se mostr\u00f3 muy emocionada y dijo que \u00ablas clases de Escuelas de Rock nos parecieron maravillosas. Estamos muy contentas y emocionadas por la oportunidad de representar a la regi\u00f3n con nuestra m\u00fasica, que habla de salud mental, de seguir adelante y de ser cada vez mejores. Para nosotros es un honor\u00bb.<\/div>\n<div class=\"v1elementToProof\" style=\"text-align: justify;\"><\/div>\n<div class=\"v1elementToProof\" style=\"text-align: justify;\">Las bandas y solistas fueron seleccionados por un cuerpo de evaluadores, conformado por compositores y creadores musicales, integrantes de diversos proyectos musicales que en a\u00f1os anteriores y recientes fueron seleccionados desde la Red Rock\u00f3dromo. El Festival Rock\u00f3dromo 2025 recibir\u00e1 al ganador de cada festival regional en su multitudinario y tradicional evento porte\u00f1o, en su edici\u00f3n n\u00famero 21.<\/div>\n<div class=\"v1elementToProof\" style=\"text-align: justify;\"><\/div>\n<div class=\"v1elementToProof\" style=\"text-align: justify;\">Toda la informaci\u00f3n, calendario de la Red Rock\u00f3dromo y las actas de selecci\u00f3n est\u00e1n disponibles en escuelasderock.cultura.gob.cl<\/div>\n<div class=\"v1elementToProof\" style=\"text-align: justify;\"><\/div>\n<div class=\"v1elementToProof\"><\/div>\n<\/div><\/section><\/div><div  style='height:50px' class='hr hr-invisible   avia-builder-el-6  el_after_av_one_full  el_before_av_social_share '><span class='hr-inner ' ><span class='hr-inner-style'><\/span><\/span><\/div><\/p>\n<div  class='av-social-sharing-box  avia-builder-el-7  el_after_av_hr  el_before_av_hr  '><div class='av-share-box'><h5 class='av-share-link-description av-no-toc '>Compartir esta noticia<\/h5><ul class='av-share-box-list noLightbox'><li class='av-share-link av-social-link-facebook' ><a target=\"_blank\" aria-label=\"Compartir en Facebook\" href='https:\/\/www.facebook.com\/sharer.php?u=https:\/\/radiorevelacionfm.cl\/?p=56287&#038;t=Lanzan%20cartel%20del%20Festival%20Confluencia' aria-hidden='false' data-av_icon='\ue8f3' data-av_iconfont='entypo-fontello' title='' data-avia-related-tooltip='Compartir en Facebook' rel=\"noopener\"><span class='avia_hidden_link_text'>Compartir en Facebook<\/span><\/a><\/li><li class='av-share-link av-social-link-twitter' ><a target=\"_blank\" aria-label=\"Compartir en Twitter\" href='https:\/\/twitter.com\/share?text=Lanzan%20cartel%20del%20Festival%20Confluencia&#038;url=https:\/\/radiorevelacionfm.cl\/?p=56287' aria-hidden='false' data-av_icon='\ue8f1' data-av_iconfont='entypo-fontello' title='' data-avia-related-tooltip='Compartir en Twitter' rel=\"noopener\"><span class='avia_hidden_link_text'>Compartir en Twitter<\/span><\/a><\/li><li class='av-share-link av-social-link-whatsapp' ><a target=\"_blank\" aria-label=\"Compartir en Whatsapp\" href='https:\/\/api.whatsapp.com\/send?text=https:\/\/radiorevelacionfm.cl\/?p=56287' aria-hidden='false' data-av_icon='\uf232' data-av_iconfont='entypo-fontello' title='' data-avia-related-tooltip='Compartir en Whatsapp' rel=\"noopener\"><span class='avia_hidden_link_text'>Compartir en Whatsapp<\/span><\/a><\/li><li class='av-share-link av-social-link-linkedin' ><a target=\"_blank\" aria-label=\"Compartir en LinkedIn\" href='https:\/\/linkedin.com\/shareArticle?mini=true&#038;title=Lanzan%20cartel%20del%20Festival%20Confluencia&#038;url=https:\/\/radiorevelacionfm.cl\/?p=56287' aria-hidden='false' data-av_icon='\ue8fc' data-av_iconfont='entypo-fontello' title='' data-avia-related-tooltip='Compartir en LinkedIn' rel=\"noopener\"><span class='avia_hidden_link_text'>Compartir en LinkedIn<\/span><\/a><\/li><li class='av-share-link av-social-link-mail' ><a  aria-label=\"Compartir por correo\" href='mailto:?subject=Lanzan%20cartel%20del%20Festival%20Confluencia&#038;body=https:\/\/radiorevelacionfm.cl\/?p=56287' aria-hidden='false' data-av_icon='\ue805' data-av_iconfont='entypo-fontello' title='' data-avia-related-tooltip='Compartir por correo'><span class='avia_hidden_link_text'>Compartir por correo<\/span><\/a><\/li><\/ul><\/div><\/div>\n<div  style='height:50px' class='hr hr-invisible   avia-builder-el-8  el_after_av_social_share  el_before_av_comments_list '><span class='hr-inner ' ><span class='hr-inner-style'><\/span><\/span><\/div>\n<div  class='av-buildercomment  av-blog-meta-html-info-disabled av-blog-meta-tag-disabled  '><\/div>\n","protected":false},"excerpt":{"rendered":"","protected":false},"author":1,"featured_media":56288,"comment_status":"closed","ping_status":"closed","sticky":false,"template":"","format":"standard","meta":{"footnotes":""},"categories":[52],"tags":[],"class_list":["post-56287","post","type-post","status-publish","format-standard","has-post-thumbnail","hentry","category-cultura"],"jetpack_featured_media_url":"https:\/\/radiorevelacionfm.cl\/wp-content\/uploads\/2025\/07\/cepa-funk-1.jpg","_links":{"self":[{"href":"https:\/\/radiorevelacionfm.cl\/index.php?rest_route=\/wp\/v2\/posts\/56287","targetHints":{"allow":["GET"]}}],"collection":[{"href":"https:\/\/radiorevelacionfm.cl\/index.php?rest_route=\/wp\/v2\/posts"}],"about":[{"href":"https:\/\/radiorevelacionfm.cl\/index.php?rest_route=\/wp\/v2\/types\/post"}],"author":[{"embeddable":true,"href":"https:\/\/radiorevelacionfm.cl\/index.php?rest_route=\/wp\/v2\/users\/1"}],"replies":[{"embeddable":true,"href":"https:\/\/radiorevelacionfm.cl\/index.php?rest_route=%2Fwp%2Fv2%2Fcomments&post=56287"}],"version-history":[{"count":2,"href":"https:\/\/radiorevelacionfm.cl\/index.php?rest_route=\/wp\/v2\/posts\/56287\/revisions"}],"predecessor-version":[{"id":56314,"href":"https:\/\/radiorevelacionfm.cl\/index.php?rest_route=\/wp\/v2\/posts\/56287\/revisions\/56314"}],"wp:featuredmedia":[{"embeddable":true,"href":"https:\/\/radiorevelacionfm.cl\/index.php?rest_route=\/wp\/v2\/media\/56288"}],"wp:attachment":[{"href":"https:\/\/radiorevelacionfm.cl\/index.php?rest_route=%2Fwp%2Fv2%2Fmedia&parent=56287"}],"wp:term":[{"taxonomy":"category","embeddable":true,"href":"https:\/\/radiorevelacionfm.cl\/index.php?rest_route=%2Fwp%2Fv2%2Fcategories&post=56287"},{"taxonomy":"post_tag","embeddable":true,"href":"https:\/\/radiorevelacionfm.cl\/index.php?rest_route=%2Fwp%2Fv2%2Ftags&post=56287"}],"curies":[{"name":"wp","href":"https:\/\/api.w.org\/{rel}","templated":true}]}}