{"id":56284,"date":"2025-07-08T21:00:42","date_gmt":"2025-07-09T00:00:42","guid":{"rendered":"https:\/\/radiorevelacionfm.cl\/?p=56284"},"modified":"2025-07-08T21:00:42","modified_gmt":"2025-07-09T00:00:42","slug":"seremi-desarrollo-social-y-familia-detalla-alcances-de-nueva-ley-de-adopcion","status":"publish","type":"post","link":"https:\/\/radiorevelacionfm.cl\/?p=56284","title":{"rendered":"Seremi Desarrollo Social y Familia detalla alcances de nueva Ley de Adopci\u00f3n"},"content":{"rendered":"<div class=\"flex_column av_one_full  flex_column_div av-zero-column-padding first  avia-builder-el-0  el_before_av_one_full  avia-builder-el-first  \" style='border-radius:0px; '><div  class='avia-image-container  av-styling-    avia-builder-el-1  avia-builder-el-no-sibling  avia-align-center '  itemprop=\"image\" itemscope=\"itemscope\" itemtype=\"https:\/\/schema.org\/ImageObject\"  ><div class='avia-image-container-inner'><div class='avia-image-overlay-wrap'><img decoding=\"async\" class='wp-image-56285 avia-img-lazy-loading-not-56285 avia_image' src=\"https:\/\/radiorevelacionfm.cl\/wp-content\/uploads\/2025\/07\/mideso-2-2-1_optimized.jpeg\" alt='' title='mideso-2-(2)-(1)_optimized' height=\"600\" width=\"800\"  itemprop=\"thumbnailUrl\" srcset=\"https:\/\/radiorevelacionfm.cl\/wp-content\/uploads\/2025\/07\/mideso-2-2-1_optimized.jpeg 800w, https:\/\/radiorevelacionfm.cl\/wp-content\/uploads\/2025\/07\/mideso-2-2-1_optimized-300x225.jpeg 300w, https:\/\/radiorevelacionfm.cl\/wp-content\/uploads\/2025\/07\/mideso-2-2-1_optimized-768x576.jpeg 768w, https:\/\/radiorevelacionfm.cl\/wp-content\/uploads\/2025\/07\/mideso-2-2-1_optimized-705x529.jpeg 705w, https:\/\/radiorevelacionfm.cl\/wp-content\/uploads\/2025\/07\/mideso-2-2-1_optimized-450x338.jpeg 450w, https:\/\/radiorevelacionfm.cl\/wp-content\/uploads\/2025\/07\/mideso-2-2-1_optimized-600x450.jpeg 600w\" sizes=\"(max-width: 800px) 100vw, 800px\" \/><\/div><\/div><\/div><\/div><div class=\"flex_column av_one_full  flex_column_div av-zero-column-padding first  avia-builder-el-2  el_after_av_one_full  el_before_av_one_full  column-top-margin\" style='border-radius:0px; '><section class=\"av_textblock_section \"  itemscope=\"itemscope\" itemtype=\"https:\/\/schema.org\/BlogPosting\" itemprop=\"blogPost\" ><div class='avia_textblock  '   itemprop=\"text\" ><p style=\"text-align: center;\"><strong><span style=\"font-size: 18pt;\">Seremi Desarrollo Social y Familia detalla alcances de nueva Ley de Adopci\u00f3n<\/span><\/strong><\/p>\n<div id=\"gtx-trans\" style=\"position: absolute; left: -50px; top: 4.31534px;\">\n<div class=\"gtx-trans-icon\"><\/div>\n<\/div>\n<\/div><\/section><\/div><div class=\"flex_column av_one_full  flex_column_div av-zero-column-padding first  avia-builder-el-4  el_after_av_one_full  el_before_av_hr  column-top-margin\" style='border-radius:0px; '><section class=\"av_textblock_section \"  itemscope=\"itemscope\" itemtype=\"https:\/\/schema.org\/BlogPosting\" itemprop=\"blogPost\" ><div class='avia_textblock  '   itemprop=\"text\" ><div class=\"v1elementToProof\" style=\"text-align: justify;\">Colocar en el centro el inter\u00e9s superior de ni\u00f1os, ni\u00f1as y adolescentes, sus necesidades, su derecho de vivir y crecer en una familia\u00a0es el eje transversal de la reciente aprobada Ley de Adopci\u00f3n que, tras casi 12 a\u00f1os de espera en el Congreso, logr\u00f3 ser despachada.<\/div>\n<div class=\"v1elementToProof\" style=\"text-align: justify;\"><\/div>\n<div class=\"v1elementToProof\" style=\"text-align: justify;\">Tras la aprobaci\u00f3n de la ley, que ser\u00e1 prontamente promulgada, la Seremi de Desarrollo Social y Familia Karina Acevedo Auad explic\u00f3 en qu\u00e9 consiste esta nueva normativa, destacando que \u00abLo primero es que con esta nueva ley humanizamos el proceso de adopci\u00f3n, por otro lado, igualamos la cancha en donde se permite que puedan acceder matrimonios, personas solteras o parejas con acuerdo de uni\u00f3n civil y adem\u00e1s familias de acogida que han estado con ni\u00f1as, ni\u00f1os y adolescentes\u00bb.<\/div>\n<div class=\"v1elementToProof\" style=\"text-align: justify;\"><\/div>\n<div class=\"v1elementToProof\" style=\"text-align: justify;\">La nueva Ley de Adopci\u00f3n en donde lo m\u00e1s importante es el bienestar del ni\u00f1o, ni\u00f1a, adolescentes NNA prioriza la revinculaci\u00f3n familiar y estipula plazos acotados, adem\u00e1s para evitar extender la espera, fija plazos de entre 12 y 18 meses para el que juez o jueza determine si se revincula con su familia de origen o se vincula con una familia adoptiva. Plazos que hasta antes de la nueva ley pod\u00edan extenderse incluso hasta seis a\u00f1os, dependiendo del caso.<\/div>\n<div class=\"v1elementToProof\" style=\"text-align: justify;\"><\/div>\n<div class=\"v1elementToProof\" style=\"text-align: justify;\">Establece la nueva Ley adem\u00e1s que el ni\u00f1o o ni\u00f1a adoptado podr\u00e1 mantener contacto con su familia de origen desde un inicio, ya que antes de esta Ley solo pod\u00eda hacerse despu\u00e9s de los 18 a\u00f1os. Valorando todos los alcances de la normativa y los desaf\u00edos que conlleva la Seremi Karina Acevedo Auad enfatiz\u00f3 \u00abComo gobierno estamos coloc\u00e1ndonos al d\u00eda con una deuda hist\u00f3rica, adem\u00e1s esta iniciativa va de la mano con la Ley de Garant\u00edas de la Ni\u00f1ez y Adolescencia en donde se releva el bien superior del ni\u00f1o o ni\u00f1a, as\u00ed que invito a la comunidad a informarse de los alcances de la nueva Ley de Adopci\u00f3n\u00bb.<\/div>\n<div class=\"v1elementToProof\" style=\"text-align: justify;\">Al a\u00f1o a nivel pa\u00eds se producen aproximadamente 250 adopciones, mientras que a nivel regional la cifra alcanza a 2 en el \u00faltimo periodo, por lo que la autoridad reiter\u00f3 el llamado a conocer la nueva ley y sus implicancias, entre las que destaca el avance \u00a0hacia un modelo que pone en el centro el inter\u00e9s superior del NNA, integrando procedimientos a modo de atender su trayectoria proteccional, sus necesidades integrales y su derecho a vivir y crecer en una familia, evitando la fragmentaci\u00f3n de las intervenciones.<\/div>\n<\/div><\/section><\/div><div  style='height:50px' class='hr hr-invisible   avia-builder-el-6  el_after_av_one_full  el_before_av_social_share '><span class='hr-inner ' ><span class='hr-inner-style'><\/span><\/span><\/div><\/p>\n<div  class='av-social-sharing-box  avia-builder-el-7  el_after_av_hr  el_before_av_hr  '><div class='av-share-box'><h5 class='av-share-link-description av-no-toc '>Compartir esta noticia<\/h5><ul class='av-share-box-list noLightbox'><li class='av-share-link av-social-link-facebook' ><a target=\"_blank\" aria-label=\"Compartir en Facebook\" href='https:\/\/www.facebook.com\/sharer.php?u=https:\/\/radiorevelacionfm.cl\/?p=56284&#038;t=Seremi%20Desarrollo%20Social%20y%20Familia%20detalla%20alcances%20de%20nueva%20Ley%20de%20Adopci%C3%B3n' aria-hidden='false' data-av_icon='\ue8f3' data-av_iconfont='entypo-fontello' title='' data-avia-related-tooltip='Compartir en Facebook' rel=\"noopener\"><span class='avia_hidden_link_text'>Compartir en Facebook<\/span><\/a><\/li><li class='av-share-link av-social-link-twitter' ><a target=\"_blank\" aria-label=\"Compartir en Twitter\" href='https:\/\/twitter.com\/share?text=Seremi%20Desarrollo%20Social%20y%20Familia%20detalla%20alcances%20de%20nueva%20Ley%20de%20Adopci%C3%B3n&#038;url=https:\/\/radiorevelacionfm.cl\/?p=56284' aria-hidden='false' data-av_icon='\ue8f1' data-av_iconfont='entypo-fontello' title='' data-avia-related-tooltip='Compartir en Twitter' rel=\"noopener\"><span class='avia_hidden_link_text'>Compartir en Twitter<\/span><\/a><\/li><li class='av-share-link av-social-link-whatsapp' ><a target=\"_blank\" aria-label=\"Compartir en Whatsapp\" href='https:\/\/api.whatsapp.com\/send?text=https:\/\/radiorevelacionfm.cl\/?p=56284' aria-hidden='false' data-av_icon='\uf232' data-av_iconfont='entypo-fontello' title='' data-avia-related-tooltip='Compartir en Whatsapp' rel=\"noopener\"><span class='avia_hidden_link_text'>Compartir en Whatsapp<\/span><\/a><\/li><li class='av-share-link av-social-link-linkedin' ><a target=\"_blank\" aria-label=\"Compartir en LinkedIn\" href='https:\/\/linkedin.com\/shareArticle?mini=true&#038;title=Seremi%20Desarrollo%20Social%20y%20Familia%20detalla%20alcances%20de%20nueva%20Ley%20de%20Adopci%C3%B3n&#038;url=https:\/\/radiorevelacionfm.cl\/?p=56284' aria-hidden='false' data-av_icon='\ue8fc' data-av_iconfont='entypo-fontello' title='' data-avia-related-tooltip='Compartir en LinkedIn' rel=\"noopener\"><span class='avia_hidden_link_text'>Compartir en LinkedIn<\/span><\/a><\/li><li class='av-share-link av-social-link-mail' ><a  aria-label=\"Compartir por correo\" href='mailto:?subject=Seremi%20Desarrollo%20Social%20y%20Familia%20detalla%20alcances%20de%20nueva%20Ley%20de%20Adopci%C3%B3n&#038;body=https:\/\/radiorevelacionfm.cl\/?p=56284' aria-hidden='false' data-av_icon='\ue805' data-av_iconfont='entypo-fontello' title='' data-avia-related-tooltip='Compartir por correo'><span class='avia_hidden_link_text'>Compartir por correo<\/span><\/a><\/li><\/ul><\/div><\/div>\n<div  style='height:50px' class='hr hr-invisible   avia-builder-el-8  el_after_av_social_share  el_before_av_comments_list '><span class='hr-inner ' ><span class='hr-inner-style'><\/span><\/span><\/div>\n<div  class='av-buildercomment  av-blog-meta-html-info-disabled av-blog-meta-tag-disabled  '><\/div>\n","protected":false},"excerpt":{"rendered":"","protected":false},"author":1,"featured_media":56285,"comment_status":"closed","ping_status":"closed","sticky":false,"template":"","format":"standard","meta":{"footnotes":""},"categories":[62],"tags":[],"class_list":["post-56284","post","type-post","status-publish","format-standard","has-post-thumbnail","hentry","category-social"],"jetpack_featured_media_url":"https:\/\/radiorevelacionfm.cl\/wp-content\/uploads\/2025\/07\/mideso-2-2-1_optimized.jpeg","_links":{"self":[{"href":"https:\/\/radiorevelacionfm.cl\/index.php?rest_route=\/wp\/v2\/posts\/56284","targetHints":{"allow":["GET"]}}],"collection":[{"href":"https:\/\/radiorevelacionfm.cl\/index.php?rest_route=\/wp\/v2\/posts"}],"about":[{"href":"https:\/\/radiorevelacionfm.cl\/index.php?rest_route=\/wp\/v2\/types\/post"}],"author":[{"embeddable":true,"href":"https:\/\/radiorevelacionfm.cl\/index.php?rest_route=\/wp\/v2\/users\/1"}],"replies":[{"embeddable":true,"href":"https:\/\/radiorevelacionfm.cl\/index.php?rest_route=%2Fwp%2Fv2%2Fcomments&post=56284"}],"version-history":[{"count":2,"href":"https:\/\/radiorevelacionfm.cl\/index.php?rest_route=\/wp\/v2\/posts\/56284\/revisions"}],"predecessor-version":[{"id":56303,"href":"https:\/\/radiorevelacionfm.cl\/index.php?rest_route=\/wp\/v2\/posts\/56284\/revisions\/56303"}],"wp:featuredmedia":[{"embeddable":true,"href":"https:\/\/radiorevelacionfm.cl\/index.php?rest_route=\/wp\/v2\/media\/56285"}],"wp:attachment":[{"href":"https:\/\/radiorevelacionfm.cl\/index.php?rest_route=%2Fwp%2Fv2%2Fmedia&parent=56284"}],"wp:term":[{"taxonomy":"category","embeddable":true,"href":"https:\/\/radiorevelacionfm.cl\/index.php?rest_route=%2Fwp%2Fv2%2Fcategories&post=56284"},{"taxonomy":"post_tag","embeddable":true,"href":"https:\/\/radiorevelacionfm.cl\/index.php?rest_route=%2Fwp%2Fv2%2Ftags&post=56284"}],"curies":[{"name":"wp","href":"https:\/\/api.w.org\/{rel}","templated":true}]}}