{"id":56281,"date":"2025-07-08T20:12:04","date_gmt":"2025-07-08T23:12:04","guid":{"rendered":"https:\/\/radiorevelacionfm.cl\/?p=56281"},"modified":"2025-07-08T20:12:04","modified_gmt":"2025-07-08T23:12:04","slug":"cinco-iniciativas-con-enfoque-en-infancia-recibiran-financiamiento-del-fondo-de-organizaciones-de-interes-publico","status":"publish","type":"post","link":"https:\/\/radiorevelacionfm.cl\/?p=56281","title":{"rendered":"Cinco iniciativas con enfoque en infancia recibir\u00e1n financiamiento del Fondo de Organizaciones de Inter\u00e9s P\u00fablico"},"content":{"rendered":"<div class=\"flex_column av_one_full  flex_column_div av-zero-column-padding first  avia-builder-el-0  el_before_av_one_full  avia-builder-el-first  \" style='border-radius:0px; '><div  class='avia-image-container  av-styling-    avia-builder-el-1  avia-builder-el-no-sibling  avia-align-center '  itemprop=\"image\" itemscope=\"itemscope\" itemtype=\"https:\/\/schema.org\/ImageObject\"  ><div class='avia-image-container-inner'><div class='avia-image-overlay-wrap'><img decoding=\"async\" class='wp-image-56282 avia-img-lazy-loading-not-56282 avia_image' src=\"https:\/\/radiorevelacionfm.cl\/wp-content\/uploads\/2025\/07\/Seremi-Gobierno-Ursula-Mix.-1-1.jpeg\" alt='' title='Seremi Gobierno - \u00darsula Mix. (1) (1)' height=\"600\" width=\"338\"  itemprop=\"thumbnailUrl\" srcset=\"https:\/\/radiorevelacionfm.cl\/wp-content\/uploads\/2025\/07\/Seremi-Gobierno-Ursula-Mix.-1-1.jpeg 338w, https:\/\/radiorevelacionfm.cl\/wp-content\/uploads\/2025\/07\/Seremi-Gobierno-Ursula-Mix.-1-1-169x300.jpeg 169w\" sizes=\"(max-width: 338px) 100vw, 338px\" \/><\/div><\/div><\/div><\/div><div class=\"flex_column av_one_full  flex_column_div av-zero-column-padding first  avia-builder-el-2  el_after_av_one_full  el_before_av_one_full  column-top-margin\" style='border-radius:0px; '><section class=\"av_textblock_section \"  itemscope=\"itemscope\" itemtype=\"https:\/\/schema.org\/BlogPosting\" itemprop=\"blogPost\" ><div class='avia_textblock  '   itemprop=\"text\" ><h2 class=\"title\" style=\"text-align: center;\"><span style=\"font-size: 18pt;\"><strong>Cinco iniciativas con enfoque en infancia recibir\u00e1n financiamiento del Fondo de Organizaciones de Inter\u00e9s P\u00fablico<\/strong><\/span><\/h2>\n<div id=\"gtx-trans\" style=\"position: absolute; left: -50px; top: 4.31534px;\">\n<div class=\"gtx-trans-icon\"><\/div>\n<\/div>\n<\/div><\/section><\/div><div class=\"flex_column av_one_full  flex_column_div av-zero-column-padding first  avia-builder-el-4  el_after_av_one_full  el_before_av_hr  column-top-margin\" style='border-radius:0px; '><section class=\"av_textblock_section \"  itemscope=\"itemscope\" itemtype=\"https:\/\/schema.org\/BlogPosting\" itemprop=\"blogPost\" ><div class='avia_textblock  '   itemprop=\"text\" ><p style=\"text-align: justify;\">El Consejo Regional del FFOIP Ni\u00f1ez, encabezado por la Seremi de Gobierno de Ays\u00e9n, \u00darsula Mix, constituido adem\u00e1s por cinco dirigentes de organizaciones sociales de la regi\u00f3n, definieron los cinco proyectos que ser\u00e1n beneficiados con hasta $ 2.000.000 y que son destinados a la entrega de herramientas que permitan fortalecer el trabajo en la l\u00ednea de un enfoque basado en los derechos de la ni\u00f1ez.<\/p>\n<p style=\"text-align: justify;\">Estos proyectos nacen del convenio de colaboraci\u00f3n y transferencia de recursos entre la Subsecretar\u00eda de la Ni\u00f1ez y el Ministerio Secretar\u00eda General de Gobierno, permitiendo el reconocimiento de ni\u00f1os, ni\u00f1as y adolescentes, NNA, como sujetos plenos de derecho que pueden intervenir en los espacios sociales y comunitarios en los que se desenvuelven.<\/p>\n<p style=\"text-align: justify;\">As\u00ed se logra priorizar el bienestar y desarrollo integral de NNA en sus acciones y decisiones, orientando la realizaci\u00f3n de acciones concretas que permitan su inclusi\u00f3n plena en la sociedad.<\/p>\n<p style=\"text-align: justify;\">Las iniciativas adjudicadas abordan aspectos art\u00edsticos, deportivos y de inclusi\u00f3n social, por un monto total de $9.778.034 pesos, cubriendo cuatro comunas de la regi\u00f3n.\u00a0 Dentro de los proyectos se encuentran un taller de formaci\u00f3n futbol\u00edstica, una radio escolar, batucada, b\u00e1squetbol, y una iniciativa que contempla sesiones de equinoterapia dirigidas a estudiantes.<\/p>\n<p style=\"text-align: justify;\">Al respecto, la Seremi de Gobierno se\u00f1al\u00f3 \u201cEstas iniciativas enfocadas en ni\u00f1ez, dan cuenta de la importancia que tiene para el Gobierno del Presidente Gabriel Boric priorizar el desarrollo integral de las infancias. Con esto, damos soluciones concretas que buscan poner en valor el inter\u00e9s superior de ni\u00f1os y ni\u00f1as\u201d.<\/p>\n<p style=\"text-align: justify;\">Los criterios de evaluaci\u00f3n que fueron considerados corresponden a la pertinencia del diagn\u00f3stico y la problem\u00e1tica, el enfoque basado en los derechos de la ni\u00f1ez, el enfoque de g\u00e9nero, la coherencia de objetivos, consistencia del presupuesto, las actividades y los resultados esperados.<\/p>\n<p style=\"text-align: justify;\">\u201cComo Gobierno, creemos firmemente que fortalecer la participaci\u00f3n social es clave para construir comunidades m\u00e1s justas y con mayor cohesi\u00f3n. A trav\u00e9s del Fondo de Fomento de las Organizaciones de Inter\u00e9s P\u00fablico, estamos apoyando iniciativas con enfoque en ni\u00f1os y ni\u00f1as, que promueven su bienestar, desarrollo integral y participaci\u00f3n activa en sus entornos. Queremos que la infancia est\u00e9 al centro de los esfuerzos comunitarios, y por eso impulsamos estos recursos que fortalecen a las organizaciones territoriales y sociales en su trabajo cotidiano\u201d, concluy\u00f3 la Seremi de Gobierno.<\/p>\n<\/div><\/section><\/div><div  style='height:50px' class='hr hr-invisible   avia-builder-el-6  el_after_av_one_full  el_before_av_social_share '><span class='hr-inner ' ><span class='hr-inner-style'><\/span><\/span><\/div><\/p>\n<div  class='av-social-sharing-box  avia-builder-el-7  el_after_av_hr  el_before_av_hr  '><div class='av-share-box'><h5 class='av-share-link-description av-no-toc '>Compartir esta noticia<\/h5><ul class='av-share-box-list noLightbox'><li class='av-share-link av-social-link-facebook' ><a target=\"_blank\" aria-label=\"Compartir en Facebook\" href='https:\/\/www.facebook.com\/sharer.php?u=https:\/\/radiorevelacionfm.cl\/?p=56281&#038;t=Cinco%20iniciativas%20con%20enfoque%20en%20infancia%20recibir%C3%A1n%20financiamiento%20del%20Fondo%20de%20Organizaciones%20de%20Inter%C3%A9s%20P%C3%BAblico' aria-hidden='false' data-av_icon='\ue8f3' data-av_iconfont='entypo-fontello' title='' data-avia-related-tooltip='Compartir en Facebook' rel=\"noopener\"><span class='avia_hidden_link_text'>Compartir en Facebook<\/span><\/a><\/li><li class='av-share-link av-social-link-twitter' ><a target=\"_blank\" aria-label=\"Compartir en Twitter\" href='https:\/\/twitter.com\/share?text=Cinco%20iniciativas%20con%20enfoque%20en%20infancia%20recibir%C3%A1n%20financiamiento%20del%20Fondo%20de%20Organizaciones%20de%20Inter%C3%A9s%20P%C3%BAblico&#038;url=https:\/\/radiorevelacionfm.cl\/?p=56281' aria-hidden='false' data-av_icon='\ue8f1' data-av_iconfont='entypo-fontello' title='' data-avia-related-tooltip='Compartir en Twitter' rel=\"noopener\"><span class='avia_hidden_link_text'>Compartir en Twitter<\/span><\/a><\/li><li class='av-share-link av-social-link-whatsapp' ><a target=\"_blank\" aria-label=\"Compartir en Whatsapp\" href='https:\/\/api.whatsapp.com\/send?text=https:\/\/radiorevelacionfm.cl\/?p=56281' aria-hidden='false' data-av_icon='\uf232' data-av_iconfont='entypo-fontello' title='' data-avia-related-tooltip='Compartir en Whatsapp' rel=\"noopener\"><span class='avia_hidden_link_text'>Compartir en Whatsapp<\/span><\/a><\/li><li class='av-share-link av-social-link-linkedin' ><a target=\"_blank\" aria-label=\"Compartir en LinkedIn\" href='https:\/\/linkedin.com\/shareArticle?mini=true&#038;title=Cinco%20iniciativas%20con%20enfoque%20en%20infancia%20recibir%C3%A1n%20financiamiento%20del%20Fondo%20de%20Organizaciones%20de%20Inter%C3%A9s%20P%C3%BAblico&#038;url=https:\/\/radiorevelacionfm.cl\/?p=56281' aria-hidden='false' data-av_icon='\ue8fc' data-av_iconfont='entypo-fontello' title='' data-avia-related-tooltip='Compartir en LinkedIn' rel=\"noopener\"><span class='avia_hidden_link_text'>Compartir en LinkedIn<\/span><\/a><\/li><li class='av-share-link av-social-link-mail' ><a  aria-label=\"Compartir por correo\" href='mailto:?subject=Cinco%20iniciativas%20con%20enfoque%20en%20infancia%20recibir%C3%A1n%20financiamiento%20del%20Fondo%20de%20Organizaciones%20de%20Inter%C3%A9s%20P%C3%BAblico&#038;body=https:\/\/radiorevelacionfm.cl\/?p=56281' aria-hidden='false' data-av_icon='\ue805' data-av_iconfont='entypo-fontello' title='' data-avia-related-tooltip='Compartir por correo'><span class='avia_hidden_link_text'>Compartir por correo<\/span><\/a><\/li><\/ul><\/div><\/div>\n<div  style='height:50px' class='hr hr-invisible   avia-builder-el-8  el_after_av_social_share  el_before_av_comments_list '><span class='hr-inner ' ><span class='hr-inner-style'><\/span><\/span><\/div>\n<div  class='av-buildercomment  av-blog-meta-html-info-disabled av-blog-meta-tag-disabled  '><\/div>\n","protected":false},"excerpt":{"rendered":"","protected":false},"author":1,"featured_media":56282,"comment_status":"closed","ping_status":"closed","sticky":false,"template":"","format":"standard","meta":{"footnotes":""},"categories":[65],"tags":[],"class_list":["post-56281","post","type-post","status-publish","format-standard","has-post-thumbnail","hentry","category-ninez-y-adolescencia"],"jetpack_featured_media_url":"https:\/\/radiorevelacionfm.cl\/wp-content\/uploads\/2025\/07\/Seremi-Gobierno-Ursula-Mix.-1-1.jpeg","_links":{"self":[{"href":"https:\/\/radiorevelacionfm.cl\/index.php?rest_route=\/wp\/v2\/posts\/56281","targetHints":{"allow":["GET"]}}],"collection":[{"href":"https:\/\/radiorevelacionfm.cl\/index.php?rest_route=\/wp\/v2\/posts"}],"about":[{"href":"https:\/\/radiorevelacionfm.cl\/index.php?rest_route=\/wp\/v2\/types\/post"}],"author":[{"embeddable":true,"href":"https:\/\/radiorevelacionfm.cl\/index.php?rest_route=\/wp\/v2\/users\/1"}],"replies":[{"embeddable":true,"href":"https:\/\/radiorevelacionfm.cl\/index.php?rest_route=%2Fwp%2Fv2%2Fcomments&post=56281"}],"version-history":[{"count":2,"href":"https:\/\/radiorevelacionfm.cl\/index.php?rest_route=\/wp\/v2\/posts\/56281\/revisions"}],"predecessor-version":[{"id":56302,"href":"https:\/\/radiorevelacionfm.cl\/index.php?rest_route=\/wp\/v2\/posts\/56281\/revisions\/56302"}],"wp:featuredmedia":[{"embeddable":true,"href":"https:\/\/radiorevelacionfm.cl\/index.php?rest_route=\/wp\/v2\/media\/56282"}],"wp:attachment":[{"href":"https:\/\/radiorevelacionfm.cl\/index.php?rest_route=%2Fwp%2Fv2%2Fmedia&parent=56281"}],"wp:term":[{"taxonomy":"category","embeddable":true,"href":"https:\/\/radiorevelacionfm.cl\/index.php?rest_route=%2Fwp%2Fv2%2Fcategories&post=56281"},{"taxonomy":"post_tag","embeddable":true,"href":"https:\/\/radiorevelacionfm.cl\/index.php?rest_route=%2Fwp%2Fv2%2Ftags&post=56281"}],"curies":[{"name":"wp","href":"https:\/\/api.w.org\/{rel}","templated":true}]}}