{"id":5628,"date":"2021-06-25T12:04:03","date_gmt":"2021-06-25T15:04:03","guid":{"rendered":"https:\/\/radiorevelacionfm.cl\/?p=5628"},"modified":"2021-06-25T12:04:03","modified_gmt":"2021-06-25T15:04:03","slug":"equipos-de-jardines-junji-fueron-capacitados-por-el-sml-en-prevencion-y-deteccion-del-abuso-sexual-infantil","status":"publish","type":"post","link":"https:\/\/radiorevelacionfm.cl\/?p=5628","title":{"rendered":"Equipos de Jardines JUNJI fueron capacitados por el SML en Prevenci\u00f3n y Detecci\u00f3n del Abuso Sexual Infantil"},"content":{"rendered":"<div class=\"flex_column av_one_full  flex_column_div av-zero-column-padding first  avia-builder-el-0  el_before_av_one_full  avia-builder-el-first  \" style='border-radius:0px; '><div  class='avia-image-container  av-styling-    avia-builder-el-1  avia-builder-el-no-sibling  avia-align-center '  itemprop=\"image\" itemscope=\"itemscope\" itemtype=\"https:\/\/schema.org\/ImageObject\"  ><div class='avia-image-container-inner'><div class='avia-image-overlay-wrap'><img decoding=\"async\" class='wp-image-5629 avia-img-lazy-loading-not-5629 avia_image' src=\"https:\/\/radiorevelacionfm.cl\/wp-content\/uploads\/2021\/06\/infantil-1-1.jpg\" alt='' title='infantil (1) (1)' height=\"600\" width=\"900\"  itemprop=\"thumbnailUrl\" srcset=\"https:\/\/radiorevelacionfm.cl\/wp-content\/uploads\/2021\/06\/infantil-1-1.jpg 900w, https:\/\/radiorevelacionfm.cl\/wp-content\/uploads\/2021\/06\/infantil-1-1-300x200.jpg 300w, https:\/\/radiorevelacionfm.cl\/wp-content\/uploads\/2021\/06\/infantil-1-1-768x512.jpg 768w, https:\/\/radiorevelacionfm.cl\/wp-content\/uploads\/2021\/06\/infantil-1-1-705x470.jpg 705w, https:\/\/radiorevelacionfm.cl\/wp-content\/uploads\/2021\/06\/infantil-1-1-600x400.jpg 600w\" sizes=\"(max-width: 900px) 100vw, 900px\" \/><\/div><\/div><\/div><\/div><div class=\"flex_column av_one_full  flex_column_div av-zero-column-padding first  avia-builder-el-2  el_after_av_one_full  el_before_av_one_full  column-top-margin\" style='border-radius:0px; '><section class=\"av_textblock_section \"  itemscope=\"itemscope\" itemtype=\"https:\/\/schema.org\/BlogPosting\" itemprop=\"blogPost\" ><div class='avia_textblock  '   itemprop=\"text\" ><p style=\"text-align: center;\"><strong><span style=\"font-size: 18pt;\">Equipos de Jardines JUNJI fueron capacitados por el SML en Prevenci\u00f3n y Detecci\u00f3n del Abuso Sexual Infantil <\/span><\/strong><\/p>\n<div id=\"gtx-trans\" style=\"position: absolute; left: -50px; top: 4.31534px;\">\n<div class=\"gtx-trans-icon\"><\/div>\n<\/div>\n<\/div><\/section><\/div><div class=\"flex_column av_one_full  flex_column_div av-zero-column-padding first  avia-builder-el-4  el_after_av_one_full  el_before_av_hr  column-top-margin\" style='border-radius:0px; '><section class=\"av_textblock_section \"  itemscope=\"itemscope\" itemtype=\"https:\/\/schema.org\/BlogPosting\" itemprop=\"blogPost\" ><div class='avia_textblock  '   itemprop=\"text\" ><p style=\"text-align: justify;\">\u201cOrientaciones para la Prevenci\u00f3n y Detecci\u00f3n de Abuso Sexual en Ni\u00f1os y Ni\u00f1as\u00bb, se denomin\u00f3 la capacitaci\u00f3n v\u00eda online realizada recientemente por profesionales de\u00a0Unidad de Sexolog\u00eda del SML a los equipos de trabajo de los Jardines JUNJI a nivel regional, instancia que se enmarca en el trabajo colaborativo que desarrolla el sector Justicia con otros servicios p\u00fablicos.<\/p>\n<p style=\"text-align: justify;\">La actividad tuvo como objetivo capacitar al personal de cada uno de los jardines infantiles de la regi\u00f3n, en la detecci\u00f3n del Abuso Sexual y la violaci\u00f3n en etapa preescolar, que es el foco de atenci\u00f3n de quienes laboran en estos establecimientos, seg\u00fan explic\u00f3 la psic\u00f3loga del SML Ver\u00f3nica O\u00f1ate \u201chicimos hincapi\u00e9 en esta etapa, ya que son ni\u00f1os y ni\u00f1as entre 2 y 4 a\u00f1os, se hizo un distinci\u00f3n respecto a c\u00f3mo se abord\u00f3 la tem\u00e1tica, trabajamos algunas definiciones y factores que favorecen ciertas din\u00e1micas de abuso, tocamos igual aquellos indicadores generales, otros m\u00e1s espec\u00edficos respecto a lo que deber\u00edan detectar o ellas estar m\u00e1s alerta en sus ni\u00f1os en aula, reforzamos el trabajo colaborativo con los padres, con las familias, el estar en constante coordinaci\u00f3n, ya que eso les va a permitir e identificar adem\u00e1s factores protectores y aquellos factores de riesgo que representen esta esfera familiar\u201d.<\/p>\n<p style=\"text-align: justify;\">Ahora, en relaci\u00f3n a la din\u00e1mica de trabajo y el inter\u00e9s de las participantes, Ver\u00f3nica O\u00f1ate se\u00f1al\u00f3 que \u201chubo bastante participaci\u00f3n, donde contaron las experiencias que han vivido y tambi\u00e9n se apoyaron en muchas de las definiciones y t\u00e9rminos, los que \u00edbamos ejemplificando y aplicando a las experiencias y a lo que ellas hab\u00edan visualizado hasta el momento, por lo que me quedo contenta por el trabajo colaborativo que se est\u00e1 dando no solo a nivel del sector Justicia, sino que con otras instituciones, y que va de la mano con lo que es la visi\u00f3n y misi\u00f3n de nuestro servicio, que es apoyar t\u00e9cnicamente a otros organismos\u201d.<\/p>\n<p style=\"text-align: justify;\">El Seremi de Justicia y DD.HH Luis Prieto se refiri\u00f3 a este trabajo colaborativo y la importancia de ir reforzando estas importantes tem\u00e1ticas, sobre todo con quienes trabajan directamente con nuestros ni\u00f1os y ni\u00f1as \u201ceste debe ser un trabajo constante y permanente en el tiempo, al menos ese es nuestro esp\u00edritu, por ello pretendemos replicar \u00a0durante el segundo semestre a otras comunidades educativas, para aprovechar as\u00ed la experticia disponible en la Direcci\u00f3n Regional del SML, con quienes compartimos el sentido de protecci\u00f3n que como sociedad debemos tener hacia nuestras ni\u00f1as y ni\u00f1os\u201d.<\/p>\n<p style=\"text-align: justify;\">En tanto, el Director Regional de JUNJI, Sergio Herrera indic\u00f3 que \u201cnos sentimos contentos porque nuestros equipos a nivel regional han recibido distintas capacitaciones en el contexto de vulneraci\u00f3n de derechos y prevenci\u00f3n de Abuso Sexual de nuestros ni\u00f1os y ni\u00f1as, agradecer al Seremi de Justicia Don Luis Prieto por la importancia de contribuir desde su \u00e1rea a la primera infancia, y as\u00ed a todas las instituciones que aportaron en estas capacitaciones, a nuestro equipo regional, y a todos los jardines infantiles que participaron activamente de las capacitaciones, y sobre todo por resguardar el bienestar superior de todos nuestros ni\u00f1os y ni\u00f1as a lo largo de nuestra regi\u00f3n\u201d.<\/p>\n<p style=\"text-align: justify;\">Finalmente, cabe mencionar que dichos talleres realizados durante los meses de mayo y junio, permitieron capacitar a m\u00e1s de 60 personas, quienes componen los equipos de trabajo de los jardines Arco\u00edris, La Sirenita, Creciendo Contentos, Gabriela Mistral, Lobito Feroz, Sembrando Futuro, Mart\u00edn Pescador, Mi Peque\u00f1a Estancia, Los Navegantes, Troperitos del Valle, entre otros.<\/p>\n<\/div><\/section><\/div><div  style='height:50px' class='hr hr-invisible   avia-builder-el-6  el_after_av_one_full  el_before_av_social_share '><span class='hr-inner ' ><span class='hr-inner-style'><\/span><\/span><\/div><\/p>\n<div  class='av-social-sharing-box  avia-builder-el-7  el_after_av_hr  el_before_av_hr  '><div class='av-share-box'><h5 class='av-share-link-description av-no-toc '>Compartir esta noticia<\/h5><ul class='av-share-box-list noLightbox'><li class='av-share-link av-social-link-facebook' ><a target=\"_blank\" aria-label=\"Compartir en Facebook\" href='https:\/\/www.facebook.com\/sharer.php?u=https:\/\/radiorevelacionfm.cl\/?p=5628&#038;t=Equipos%20de%20Jardines%20JUNJI%20fueron%20capacitados%20por%20el%20SML%20en%20Prevenci%C3%B3n%20y%20Detecci%C3%B3n%20del%20Abuso%20Sexual%20Infantil' aria-hidden='false' data-av_icon='\ue8f3' data-av_iconfont='entypo-fontello' title='' data-avia-related-tooltip='Compartir en Facebook' rel=\"noopener\"><span class='avia_hidden_link_text'>Compartir en Facebook<\/span><\/a><\/li><li class='av-share-link av-social-link-twitter' ><a target=\"_blank\" aria-label=\"Compartir en Twitter\" href='https:\/\/twitter.com\/share?text=Equipos%20de%20Jardines%20JUNJI%20fueron%20capacitados%20por%20el%20SML%20en%20Prevenci%C3%B3n%20y%20Detecci%C3%B3n%20del%20Abuso%20Sexual%20Infantil&#038;url=https:\/\/radiorevelacionfm.cl\/?p=5628' aria-hidden='false' data-av_icon='\ue8f1' data-av_iconfont='entypo-fontello' title='' data-avia-related-tooltip='Compartir en Twitter' rel=\"noopener\"><span class='avia_hidden_link_text'>Compartir en Twitter<\/span><\/a><\/li><li class='av-share-link av-social-link-whatsapp' ><a target=\"_blank\" aria-label=\"Compartir en Whatsapp\" href='https:\/\/api.whatsapp.com\/send?text=https:\/\/radiorevelacionfm.cl\/?p=5628' aria-hidden='false' data-av_icon='\uf232' data-av_iconfont='entypo-fontello' title='' data-avia-related-tooltip='Compartir en Whatsapp' rel=\"noopener\"><span class='avia_hidden_link_text'>Compartir en Whatsapp<\/span><\/a><\/li><li class='av-share-link av-social-link-linkedin' ><a target=\"_blank\" aria-label=\"Compartir en LinkedIn\" href='https:\/\/linkedin.com\/shareArticle?mini=true&#038;title=Equipos%20de%20Jardines%20JUNJI%20fueron%20capacitados%20por%20el%20SML%20en%20Prevenci%C3%B3n%20y%20Detecci%C3%B3n%20del%20Abuso%20Sexual%20Infantil&#038;url=https:\/\/radiorevelacionfm.cl\/?p=5628' aria-hidden='false' data-av_icon='\ue8fc' data-av_iconfont='entypo-fontello' title='' data-avia-related-tooltip='Compartir en LinkedIn' rel=\"noopener\"><span class='avia_hidden_link_text'>Compartir en LinkedIn<\/span><\/a><\/li><li class='av-share-link av-social-link-mail' ><a  aria-label=\"Compartir por correo\" href='mailto:?subject=Equipos%20de%20Jardines%20JUNJI%20fueron%20capacitados%20por%20el%20SML%20en%20Prevenci%C3%B3n%20y%20Detecci%C3%B3n%20del%20Abuso%20Sexual%20Infantil&#038;body=https:\/\/radiorevelacionfm.cl\/?p=5628' aria-hidden='false' data-av_icon='\ue805' data-av_iconfont='entypo-fontello' title='' data-avia-related-tooltip='Compartir por correo'><span class='avia_hidden_link_text'>Compartir por correo<\/span><\/a><\/li><\/ul><\/div><\/div>\n<div  style='height:50px' class='hr hr-invisible   avia-builder-el-8  el_after_av_social_share  el_before_av_comments_list '><span class='hr-inner ' ><span class='hr-inner-style'><\/span><\/span><\/div>\n<div  class='av-buildercomment  av-blog-meta-html-info-disabled av-blog-meta-tag-disabled  '><\/div>\n","protected":false},"excerpt":{"rendered":"","protected":false},"author":1,"featured_media":5629,"comment_status":"open","ping_status":"open","sticky":false,"template":"","format":"standard","meta":{"footnotes":""},"categories":[49],"tags":[],"class_list":["post-5628","post","type-post","status-publish","format-standard","has-post-thumbnail","hentry","category-educacion"],"jetpack_featured_media_url":"https:\/\/radiorevelacionfm.cl\/wp-content\/uploads\/2021\/06\/infantil-1-1.jpg","_links":{"self":[{"href":"https:\/\/radiorevelacionfm.cl\/index.php?rest_route=\/wp\/v2\/posts\/5628","targetHints":{"allow":["GET"]}}],"collection":[{"href":"https:\/\/radiorevelacionfm.cl\/index.php?rest_route=\/wp\/v2\/posts"}],"about":[{"href":"https:\/\/radiorevelacionfm.cl\/index.php?rest_route=\/wp\/v2\/types\/post"}],"author":[{"embeddable":true,"href":"https:\/\/radiorevelacionfm.cl\/index.php?rest_route=\/wp\/v2\/users\/1"}],"replies":[{"embeddable":true,"href":"https:\/\/radiorevelacionfm.cl\/index.php?rest_route=%2Fwp%2Fv2%2Fcomments&post=5628"}],"version-history":[{"count":1,"href":"https:\/\/radiorevelacionfm.cl\/index.php?rest_route=\/wp\/v2\/posts\/5628\/revisions"}],"predecessor-version":[{"id":5630,"href":"https:\/\/radiorevelacionfm.cl\/index.php?rest_route=\/wp\/v2\/posts\/5628\/revisions\/5630"}],"wp:featuredmedia":[{"embeddable":true,"href":"https:\/\/radiorevelacionfm.cl\/index.php?rest_route=\/wp\/v2\/media\/5629"}],"wp:attachment":[{"href":"https:\/\/radiorevelacionfm.cl\/index.php?rest_route=%2Fwp%2Fv2%2Fmedia&parent=5628"}],"wp:term":[{"taxonomy":"category","embeddable":true,"href":"https:\/\/radiorevelacionfm.cl\/index.php?rest_route=%2Fwp%2Fv2%2Fcategories&post=5628"},{"taxonomy":"post_tag","embeddable":true,"href":"https:\/\/radiorevelacionfm.cl\/index.php?rest_route=%2Fwp%2Fv2%2Ftags&post=5628"}],"curies":[{"name":"wp","href":"https:\/\/api.w.org\/{rel}","templated":true}]}}