{"id":56275,"date":"2025-07-08T19:39:24","date_gmt":"2025-07-08T22:39:24","guid":{"rendered":"https:\/\/radiorevelacionfm.cl\/?p=56275"},"modified":"2025-07-08T19:39:24","modified_gmt":"2025-07-08T22:39:24","slug":"mop-comparte-detalles-de-la-pavimentacion-de-17-km-de-la-ruta-7-sur-con-la-comunidad-de-cochrane","status":"publish","type":"post","link":"https:\/\/radiorevelacionfm.cl\/?p=56275","title":{"rendered":"MOP comparte detalles de la pavimentaci\u00f3n de 17 km de la ruta 7 sur con la comunidad de Cochrane"},"content":{"rendered":"<div class=\"flex_column av_one_full  flex_column_div av-zero-column-padding first  avia-builder-el-0  el_before_av_one_full  avia-builder-el-first  \" style='border-radius:0px; '><div  class='avia-image-container  av-styling-    avia-builder-el-1  avia-builder-el-no-sibling  avia-align-center '  itemprop=\"image\" itemscope=\"itemscope\" itemtype=\"https:\/\/schema.org\/ImageObject\"  ><div class='avia-image-container-inner'><div class='avia-image-overlay-wrap'><img decoding=\"async\" class='wp-image-56276 avia-img-lazy-loading-not-56276 avia_image' src=\"https:\/\/radiorevelacionfm.cl\/wp-content\/uploads\/2025\/07\/1000436634-1-1.jpg\" alt='' title='1000436634 (1) (1)' height=\"600\" width=\"800\"  itemprop=\"thumbnailUrl\" srcset=\"https:\/\/radiorevelacionfm.cl\/wp-content\/uploads\/2025\/07\/1000436634-1-1.jpg 800w, https:\/\/radiorevelacionfm.cl\/wp-content\/uploads\/2025\/07\/1000436634-1-1-300x225.jpg 300w, https:\/\/radiorevelacionfm.cl\/wp-content\/uploads\/2025\/07\/1000436634-1-1-768x576.jpg 768w, https:\/\/radiorevelacionfm.cl\/wp-content\/uploads\/2025\/07\/1000436634-1-1-705x529.jpg 705w, https:\/\/radiorevelacionfm.cl\/wp-content\/uploads\/2025\/07\/1000436634-1-1-450x338.jpg 450w, https:\/\/radiorevelacionfm.cl\/wp-content\/uploads\/2025\/07\/1000436634-1-1-600x450.jpg 600w\" sizes=\"(max-width: 800px) 100vw, 800px\" \/><\/div><\/div><\/div><\/div><div class=\"flex_column av_one_full  flex_column_div av-zero-column-padding first  avia-builder-el-2  el_after_av_one_full  el_before_av_one_full  column-top-margin\" style='border-radius:0px; '><section class=\"av_textblock_section \"  itemscope=\"itemscope\" itemtype=\"https:\/\/schema.org\/BlogPosting\" itemprop=\"blogPost\" ><div class='avia_textblock  '   itemprop=\"text\" ><p style=\"text-align: center;\"><strong><span style=\"font-size: 18pt;\">MOP comparte detalles de la pavimentaci\u00f3n de 17 km de la ruta 7 sur con la comunidad de Cochrane<\/span><\/strong><\/p>\n<div id=\"gtx-trans\" style=\"position: absolute; left: -50px; top: 4.31534px;\">\n<div class=\"gtx-trans-icon\"><\/div>\n<\/div>\n<\/div><\/section><\/div><div class=\"flex_column av_one_full  flex_column_div av-zero-column-padding first  avia-builder-el-4  el_after_av_one_full  el_before_av_hr  column-top-margin\" style='border-radius:0px; '><section class=\"av_textblock_section \"  itemscope=\"itemscope\" itemtype=\"https:\/\/schema.org\/BlogPosting\" itemprop=\"blogPost\" ><div class='avia_textblock  '   itemprop=\"text\" ><p style=\"text-align: justify;\"><em>En el marco de reuni\u00f3n de participaci\u00f3n ciudadana, la Seremi del MOP destac\u00f3 una inversi\u00f3n de 42.500 millones de pesos de la Direcci\u00f3n Regional de Vialidad del MOP en estas obras, junto con la generaci\u00f3n de empleo.<\/em><\/p>\n<p style=\"text-align: justify;\">\u201cSomos un sector rural, m\u00e1s favorecidos y m\u00e1s afectados con los trabajos que se van a realizar en la pavimentaci\u00f3n de la Ruta 7. Estos 17 kil\u00f3metros van a intervenir nuestra conectividad m\u00e1s importante que tenemos en el sector, pero a la vez viene a favorecernos porque son trabajos esperados\u201d, dijo la presidenta de la Junta de Vecinos R\u00edo Neff, Teresa Cruces, en el marco de una reciente reuni\u00f3n de participaci\u00f3n ciudadana que realiz\u00f3 en Cochrane la Secretaria Regional Ministerial de Obras P\u00fablicas, Paloma Jara.<\/p>\n<p style=\"text-align: justify;\">La representante ministerial y el equipo de la Direcci\u00f3n de Vialidad expusieron a la comunidad cada una de las etapas, obras, futuras coordinaciones y ordenamientos del tr\u00e1nsito que se realizar\u00e1n para concretar la ansiada pavimentaci\u00f3n de este tramo de la Ruta 7 Sur.<\/p>\n<p style=\"text-align: justify;\">Al respecto, Teresa Cruces coment\u00f3: \u201cFue una presentaci\u00f3n muy clara, muy precisa, as\u00ed que feliz porque\u00a0 se pueda trabajar en esta pavimentaci\u00f3n. Tambi\u00e9n hay oferta laboral para Cochrane, hay tambi\u00e9n posibilidades para los vecinos del sector que puedan generar ingresos por los\u00a0 arriendos de sus terrenos para las distintas instalaciones que tenga la obra, as\u00ed que importante que se generen estos espacios para poder conocer tanto a la empresa y el proyecto que se va a realizar en estos tres a\u00f1os que vienen\u201d.<\/p>\n<p style=\"text-align: justify;\">En la reuni\u00f3n, la Seremi del MOP hizo hincapi\u00e9 en la importancia de comunicarse y trabajar conjuntamente comunidad, empresa constructora y el Ministerio de Obras P\u00fablicas en una obra que es un anhelo por muchos a\u00f1os de la comunidad, la que traer\u00e1 beneficios y cambios profundos en la vida cotidiana y en el futuro de las personas.<\/p>\n<p style=\"text-align: justify;\">\u201cPara nosotros como Ministerio de Obras P\u00fablicas es un momento de gran alegr\u00eda dar inicio a las obras de pavimentaci\u00f3n de estos 17 kil\u00f3metros y tambi\u00e9n dar inicio a uno de los hitos m\u00e1s importantes que tenemos dentro de los contratos de la Direcci\u00f3n Regional de Vialidad del Ministerio de Obras P\u00fablicas y son las participaciones ciudadanas. El d\u00eda de hoy nuestro Inspector Fiscal Pablo Ruiz nos cont\u00f3 c\u00f3mo va a ser el contrato, cu\u00e1les van a ser las especificaciones t\u00e9cnicas, cu\u00e1les van a ser las precauciones; estuvimos aprendiendo tambi\u00e9n c\u00f3mo van a ser los trabajos que van a\u00a0 significar cortes en la ruta; tuvimos tambi\u00e9n las consultas de los vecinos y vecinas, la presencia del Alcalde y de la Delegada Marta Montiel, as\u00ed que fue un gran momento en donde pudimos compartir y queremos que siga siendo as\u00ed, que sea un contrato participativo, en donde los vecinos y vecinas que tengan inquietudes se acerquen a nuestro Inspector Fiscal, se acerquen a la empresa y as\u00ed podamos durante estos dos a\u00f1os y fracci\u00f3n que va a durar este contrato tener la mejor relaci\u00f3n posible y que el MOP sea un buen vecino\u201d, expres\u00f3 Paloma Jara.<\/p>\n<p style=\"text-align: justify;\">La Ruta 7 es un camino de monta\u00f1a, un corredor de transporte y una v\u00eda de belleza esc\u00e9nica, que atraviesa \u00e1reas con distinto grado de protecci\u00f3n, como Parques Nacionales, Reservas Nacionales y Zonas de Inter\u00e9s Tur\u00edstico (ZOIT). Este tramo de la Ruta 7 Sur en particular, se ubica dentro de la ZOIT Provincia de Los Glaciares, Provincia Capit\u00e1n Prat, y su mejoramiento considera materializar obras b\u00e1sicas previas a la pavimentaci\u00f3n como la geometr\u00eda del camino y la pavimentaci\u00f3n propiamente tal, mejorando el est\u00e1ndar del camino entre el sector Confluencia de los r\u00edos Baker y Neff hasta la cantonera sur del puente Chacabuco.<\/p>\n<p style=\"text-align: justify;\">En su exposici\u00f3n, el equipo T\u00e9cnico destac\u00f3 que la pavimentaci\u00f3n se realizar\u00e1 con hormig\u00f3n en 2 pistas para el flujo bidireccional de 3,5 m de ancho cada una, las bermas ser\u00e1n de 1,0 m de ancho y se efectuar\u00e1n ensanches de curvas de acuerdo al Estudio. El camino se proyecta para una velocidad de 60 Km\/h. La ejecuci\u00f3n de los trabajos contempla momentos de esperas para las y los usuarios, por lo que se trabajar\u00e1 por sub-tramos para favorecer la continuidad del tr\u00e1nsito, el que tambi\u00e9n se ordenar\u00e1 mediante sem\u00e1foros y\/o a trav\u00e9s de personas que hacen el control adecuado de las detenciones y el paso de los veh\u00edculos. Las obras tambi\u00e9n consideran la instalaci\u00f3n de elementos de contenci\u00f3n de taludes con mallas con pernos de anclaje y muros de gaviones en los sectores indicados por el Estudio; la instalaci\u00f3n de barreras de seguridad, instalaci\u00f3n de se\u00f1alizaci\u00f3n, demarcaci\u00f3n del pavimento y el uso de tachas que son un apoyo para los usuarios de la v\u00eda principalmente en horarios nocturnos de poca visibilidad; considera tambi\u00e9n, obras de saneamiento y se proyecta instalar dos paraderos de buses con sus respectivas bah\u00edas de detenci\u00f3n en el sector de la Intersecci\u00f3n con el acceso hacia la Pasarela El Manzano, donde adem\u00e1s se encuentra el Museo \u201cColonos del Baker\u201d.<\/p>\n<p style=\"text-align: justify;\">De esta forma, una vez finalizada la obra, la comunidad podr\u00e1 integrarse con mayor facilidad y en mejores condiciones de conectividad con las localidades del sur de la Regi\u00f3n, como Cochrane, Tortel y Villa O\u00b4Higgins, as\u00ed como tambi\u00e9n con Coyhaique y zona norte de la Regi\u00f3n de Ays\u00e9n.<\/p>\n<p style=\"text-align: justify;\">Esta es una importante noticia para el Alcalde de la comuna de Cochrane, Patricio Ulloa, quien valor\u00f3 tanto la reuni\u00f3n de participaci\u00f3n ciudadana como las nuevas obras que se realizar\u00e1n: \u201cYo creo que es importante que la comunidad participe de estas reuniones, tomando en cuenta que prontamente se va a iniciar la construcci\u00f3n de estos 17 kil\u00f3metros de pavimento tan anhelados en la comuna\u00a0 de Cochrane. (\u2026) Hoy d\u00eda valoramos tremendamente que estos 17 kil\u00f3metros se adjudicaran y est\u00e9n en la comuna de Cochrane. Yo creo que eso principalmente es pagar una deuda que ten\u00eda el Estado con la provincia Capit\u00e1n Prat, pero principalmente con Cochrane, por lo tanto creo que estos 17 kil\u00f3metros van a traer oportunidades hoy d\u00eda de trabajo y de reactivaci\u00f3n econ\u00f3mica, pero tambi\u00e9n en el futuro de desarrollo y de oportunidades. Lo que nosotros requerimos principalmente son oportunidades, que la Regi\u00f3n crezca, que la Provincia crezca y que la Comuna crezca, y el mejoramiento de la Ruta -principalmente el pavimento- trae desarrollo\u201d.<\/p>\n<\/div><\/section><\/div><div  style='height:50px' class='hr hr-invisible   avia-builder-el-6  el_after_av_one_full  el_before_av_social_share '><span class='hr-inner ' ><span class='hr-inner-style'><\/span><\/span><\/div><\/p>\n<div  class='av-social-sharing-box  avia-builder-el-7  el_after_av_hr  el_before_av_hr  '><div class='av-share-box'><h5 class='av-share-link-description av-no-toc '>Compartir esta noticia<\/h5><ul class='av-share-box-list noLightbox'><li class='av-share-link av-social-link-facebook' ><a target=\"_blank\" aria-label=\"Compartir en Facebook\" href='https:\/\/www.facebook.com\/sharer.php?u=https:\/\/radiorevelacionfm.cl\/?p=56275&#038;t=MOP%20comparte%20detalles%20de%20la%20pavimentaci%C3%B3n%20de%2017%20km%20de%20la%20ruta%207%20sur%20con%20la%20comunidad%20de%20Cochrane' aria-hidden='false' data-av_icon='\ue8f3' data-av_iconfont='entypo-fontello' title='' data-avia-related-tooltip='Compartir en Facebook' rel=\"noopener\"><span class='avia_hidden_link_text'>Compartir en Facebook<\/span><\/a><\/li><li class='av-share-link av-social-link-twitter' ><a target=\"_blank\" aria-label=\"Compartir en Twitter\" href='https:\/\/twitter.com\/share?text=MOP%20comparte%20detalles%20de%20la%20pavimentaci%C3%B3n%20de%2017%20km%20de%20la%20ruta%207%20sur%20con%20la%20comunidad%20de%20Cochrane&#038;url=https:\/\/radiorevelacionfm.cl\/?p=56275' aria-hidden='false' data-av_icon='\ue8f1' data-av_iconfont='entypo-fontello' title='' data-avia-related-tooltip='Compartir en Twitter' rel=\"noopener\"><span class='avia_hidden_link_text'>Compartir en Twitter<\/span><\/a><\/li><li class='av-share-link av-social-link-whatsapp' ><a target=\"_blank\" aria-label=\"Compartir en Whatsapp\" href='https:\/\/api.whatsapp.com\/send?text=https:\/\/radiorevelacionfm.cl\/?p=56275' aria-hidden='false' data-av_icon='\uf232' data-av_iconfont='entypo-fontello' title='' data-avia-related-tooltip='Compartir en Whatsapp' rel=\"noopener\"><span class='avia_hidden_link_text'>Compartir en Whatsapp<\/span><\/a><\/li><li class='av-share-link av-social-link-linkedin' ><a target=\"_blank\" aria-label=\"Compartir en LinkedIn\" href='https:\/\/linkedin.com\/shareArticle?mini=true&#038;title=MOP%20comparte%20detalles%20de%20la%20pavimentaci%C3%B3n%20de%2017%20km%20de%20la%20ruta%207%20sur%20con%20la%20comunidad%20de%20Cochrane&#038;url=https:\/\/radiorevelacionfm.cl\/?p=56275' aria-hidden='false' data-av_icon='\ue8fc' data-av_iconfont='entypo-fontello' title='' data-avia-related-tooltip='Compartir en LinkedIn' rel=\"noopener\"><span class='avia_hidden_link_text'>Compartir en LinkedIn<\/span><\/a><\/li><li class='av-share-link av-social-link-mail' ><a  aria-label=\"Compartir por correo\" href='mailto:?subject=MOP%20comparte%20detalles%20de%20la%20pavimentaci%C3%B3n%20de%2017%20km%20de%20la%20ruta%207%20sur%20con%20la%20comunidad%20de%20Cochrane&#038;body=https:\/\/radiorevelacionfm.cl\/?p=56275' aria-hidden='false' data-av_icon='\ue805' data-av_iconfont='entypo-fontello' title='' data-avia-related-tooltip='Compartir por correo'><span class='avia_hidden_link_text'>Compartir por correo<\/span><\/a><\/li><\/ul><\/div><\/div>\n<div  style='height:50px' class='hr hr-invisible   avia-builder-el-8  el_after_av_social_share  el_before_av_comments_list '><span class='hr-inner ' ><span class='hr-inner-style'><\/span><\/span><\/div>\n<div  class='av-buildercomment  av-blog-meta-html-info-disabled av-blog-meta-tag-disabled  '><\/div>\n","protected":false},"excerpt":{"rendered":"","protected":false},"author":1,"featured_media":56276,"comment_status":"closed","ping_status":"closed","sticky":false,"template":"","format":"standard","meta":{"footnotes":""},"categories":[66],"tags":[],"class_list":["post-56275","post","type-post","status-publish","format-standard","has-post-thumbnail","hentry","category-obras-publicas"],"jetpack_featured_media_url":"https:\/\/radiorevelacionfm.cl\/wp-content\/uploads\/2025\/07\/1000436634-1-1.jpg","_links":{"self":[{"href":"https:\/\/radiorevelacionfm.cl\/index.php?rest_route=\/wp\/v2\/posts\/56275","targetHints":{"allow":["GET"]}}],"collection":[{"href":"https:\/\/radiorevelacionfm.cl\/index.php?rest_route=\/wp\/v2\/posts"}],"about":[{"href":"https:\/\/radiorevelacionfm.cl\/index.php?rest_route=\/wp\/v2\/types\/post"}],"author":[{"embeddable":true,"href":"https:\/\/radiorevelacionfm.cl\/index.php?rest_route=\/wp\/v2\/users\/1"}],"replies":[{"embeddable":true,"href":"https:\/\/radiorevelacionfm.cl\/index.php?rest_route=%2Fwp%2Fv2%2Fcomments&post=56275"}],"version-history":[{"count":2,"href":"https:\/\/radiorevelacionfm.cl\/index.php?rest_route=\/wp\/v2\/posts\/56275\/revisions"}],"predecessor-version":[{"id":56300,"href":"https:\/\/radiorevelacionfm.cl\/index.php?rest_route=\/wp\/v2\/posts\/56275\/revisions\/56300"}],"wp:featuredmedia":[{"embeddable":true,"href":"https:\/\/radiorevelacionfm.cl\/index.php?rest_route=\/wp\/v2\/media\/56276"}],"wp:attachment":[{"href":"https:\/\/radiorevelacionfm.cl\/index.php?rest_route=%2Fwp%2Fv2%2Fmedia&parent=56275"}],"wp:term":[{"taxonomy":"category","embeddable":true,"href":"https:\/\/radiorevelacionfm.cl\/index.php?rest_route=%2Fwp%2Fv2%2Fcategories&post=56275"},{"taxonomy":"post_tag","embeddable":true,"href":"https:\/\/radiorevelacionfm.cl\/index.php?rest_route=%2Fwp%2Fv2%2Ftags&post=56275"}],"curies":[{"name":"wp","href":"https:\/\/api.w.org\/{rel}","templated":true}]}}