{"id":56272,"date":"2025-07-08T17:42:08","date_gmt":"2025-07-08T20:42:08","guid":{"rendered":"https:\/\/radiorevelacionfm.cl\/?p=56272"},"modified":"2025-07-08T17:42:08","modified_gmt":"2025-07-08T20:42:08","slug":"junaeb-asigna-becas-a-9-344-estudiantes-de-la-region","status":"publish","type":"post","link":"https:\/\/radiorevelacionfm.cl\/?p=56272","title":{"rendered":"JUNAEB asigna becas a 9.344 estudiantes de la Regi\u00f3n"},"content":{"rendered":"<div class=\"flex_column av_one_full  flex_column_div av-zero-column-padding first  avia-builder-el-0  el_before_av_one_full  avia-builder-el-first  \" style='border-radius:0px; '><div  class='avia-image-container  av-styling-    avia-builder-el-1  avia-builder-el-no-sibling  avia-align-center '  itemprop=\"image\" itemscope=\"itemscope\" itemtype=\"https:\/\/schema.org\/ImageObject\"  ><div class='avia-image-container-inner'><div class='avia-image-overlay-wrap'><img decoding=\"async\" class='wp-image-56273 avia-img-lazy-loading-not-56273 avia_image' src=\"https:\/\/radiorevelacionfm.cl\/wp-content\/uploads\/2025\/07\/Manuel-Vivar-DirReg-Junaeb-1-1.jpeg\" alt='' title='Manuel Vivar DirReg Junaeb (1) (1)' height=\"600\" width=\"760\"  itemprop=\"thumbnailUrl\" srcset=\"https:\/\/radiorevelacionfm.cl\/wp-content\/uploads\/2025\/07\/Manuel-Vivar-DirReg-Junaeb-1-1.jpeg 760w, https:\/\/radiorevelacionfm.cl\/wp-content\/uploads\/2025\/07\/Manuel-Vivar-DirReg-Junaeb-1-1-300x237.jpeg 300w, https:\/\/radiorevelacionfm.cl\/wp-content\/uploads\/2025\/07\/Manuel-Vivar-DirReg-Junaeb-1-1-705x557.jpeg 705w, https:\/\/radiorevelacionfm.cl\/wp-content\/uploads\/2025\/07\/Manuel-Vivar-DirReg-Junaeb-1-1-450x355.jpeg 450w, https:\/\/radiorevelacionfm.cl\/wp-content\/uploads\/2025\/07\/Manuel-Vivar-DirReg-Junaeb-1-1-600x474.jpeg 600w\" sizes=\"(max-width: 760px) 100vw, 760px\" \/><\/div><\/div><\/div><\/div><div class=\"flex_column av_one_full  flex_column_div av-zero-column-padding first  avia-builder-el-2  el_after_av_one_full  el_before_av_one_full  column-top-margin\" style='border-radius:0px; '><section class=\"av_textblock_section \"  itemscope=\"itemscope\" itemtype=\"https:\/\/schema.org\/BlogPosting\" itemprop=\"blogPost\" ><div class='avia_textblock  '   itemprop=\"text\" ><p style=\"text-align: center;\"><span style=\"font-size: 18pt;\"><strong>JUNAEB asigna becas a 9.344 estudiantes de la Regi\u00f3n<\/strong><\/span><\/p>\n<div id=\"gtx-trans\" style=\"position: absolute; left: -50px; top: 4.31534px;\">\n<div class=\"gtx-trans-icon\"><\/div>\n<\/div>\n<\/div><\/section><\/div><div class=\"flex_column av_one_full  flex_column_div av-zero-column-padding first  avia-builder-el-4  el_after_av_one_full  el_before_av_hr  column-top-margin\" style='border-radius:0px; '><section class=\"av_textblock_section \"  itemscope=\"itemscope\" itemtype=\"https:\/\/schema.org\/BlogPosting\" itemprop=\"blogPost\" ><div class='avia_textblock  '   itemprop=\"text\" ><p class=\"v1MsoNormal\" style=\"text-align: justify;\" align=\"center\"><em><span lang=\"ES\">En Educaci\u00f3n Superior, con beca Aysen y Patagonia, se ha logrado beneficiar a cerca de 4.230 estudiantes.<\/span><\/em><\/p>\n<p class=\"v1MsoNormal\" style=\"text-align: justify;\"><span lang=\"ES\">Desde la Direcci\u00f3n Regional de JUNAEB,\u00a0 se informa que ha finalizado el proceso regular de asignaci\u00f3n de becas en la regi\u00f3n de Ays\u00e9n, beneficiando a un total de 9.344 estudiantes de ense\u00f1anza b\u00e1sica, media y superior de la regi\u00f3n. Este resultado ha permitido destinar la totalidad de los recursos disponibles para la regi\u00f3n, con una inversi\u00f3n superior a los $13 mil millones de pesos, lo que refleja un esfuerzo institucional importante para apoyar la trayectoria educativa de las y los estudiantes de la regi\u00f3n.<\/span><\/p>\n<p class=\"v1MsoNormal\" style=\"text-align: justify;\"><span lang=\"ES\">\u00a0<\/span><span lang=\"ES\">Particularmente para educaci\u00f3n superior, entre las distintas becas, se ha beneficiado a un total de 4.612 estudiantes, donde\u00a0<\/span>el 29% corresponde estudiantes nuevos y el 71% a estudiantes renovantes, que ya contaban con el beneficio. Particularmente en lo referido a las becas regionales,\u00a0<span lang=\"ES\">beca Ays\u00e9n y beca Patagonia, se ha logrado beneficiar a un total 4.234 estudiantes.<\/span><\/p>\n<p class=\"v1MsoNormal\" style=\"text-align: justify;\"><span lang=\"ES\">\u00a0<\/span><span lang=\"ES\">En este contexto, Manuel Vivar, Director Regional se\u00f1al\u00f3: \u201cEstamos muy conformes con el proceso que est\u00e1 cerrando este mes, que nos ha permitido asignar la totalidad de cupos disponibles, y en lo que respecta a nuestras becas regionales, con una cobertura significativa que se ha incrementado paulatinamente durante los \u00faltimos a\u00f1os. Somos muy conscientes del impacto que tienen estos beneficios para los estudiantes, tanto desde el aporte econ\u00f3mico como el incentivo motivacional para que contin\u00faen con sus trayectorias educativas\u201d.<\/span><\/p>\n<p class=\"v1MsoNormal\" style=\"text-align: justify;\"><span lang=\"ES\">\u00a0<\/span><span lang=\"ES\">Desde la instituci\u00f3n informaron que a partir de la presente asignaci\u00f3n, que marca el cierre del proceso en su fase regular, JUNAEB inicia los an\u00e1lisis presupuestarios para evaluar la posibilidad de ampliar la cobertura de las becas regionales, conforme a las normativas vigentes y los procesos formales que esto requiere.<\/span><\/p>\n<p class=\"v1MsoNormal\" style=\"text-align: justify;\"><span lang=\"ES\">\u00a0<\/span><span lang=\"ES\">Se invita a los estudiantes que no resultaron beneficiados y tienen dudas respecto del proceso, a informarse a trav\u00e9s de los canales oficiales de atenci\u00f3n donde podr\u00e1n recibir orientaci\u00f3n y resolver sus inquietudes.<\/span><\/p>\n<\/div><\/section><\/div><div  style='height:50px' class='hr hr-invisible   avia-builder-el-6  el_after_av_one_full  el_before_av_social_share '><span class='hr-inner ' ><span class='hr-inner-style'><\/span><\/span><\/div><\/p>\n<div  class='av-social-sharing-box  avia-builder-el-7  el_after_av_hr  el_before_av_hr  '><div class='av-share-box'><h5 class='av-share-link-description av-no-toc '>Compartir esta noticia<\/h5><ul class='av-share-box-list noLightbox'><li class='av-share-link av-social-link-facebook' ><a target=\"_blank\" aria-label=\"Compartir en Facebook\" href='https:\/\/www.facebook.com\/sharer.php?u=https:\/\/radiorevelacionfm.cl\/?p=56272&#038;t=JUNAEB%20asigna%20becas%20a%209.344%20estudiantes%20de%20la%20Regi%C3%B3n' aria-hidden='false' data-av_icon='\ue8f3' data-av_iconfont='entypo-fontello' title='' data-avia-related-tooltip='Compartir en Facebook' rel=\"noopener\"><span class='avia_hidden_link_text'>Compartir en Facebook<\/span><\/a><\/li><li class='av-share-link av-social-link-twitter' ><a target=\"_blank\" aria-label=\"Compartir en Twitter\" href='https:\/\/twitter.com\/share?text=JUNAEB%20asigna%20becas%20a%209.344%20estudiantes%20de%20la%20Regi%C3%B3n&#038;url=https:\/\/radiorevelacionfm.cl\/?p=56272' aria-hidden='false' data-av_icon='\ue8f1' data-av_iconfont='entypo-fontello' title='' data-avia-related-tooltip='Compartir en Twitter' rel=\"noopener\"><span class='avia_hidden_link_text'>Compartir en Twitter<\/span><\/a><\/li><li class='av-share-link av-social-link-whatsapp' ><a target=\"_blank\" aria-label=\"Compartir en Whatsapp\" href='https:\/\/api.whatsapp.com\/send?text=https:\/\/radiorevelacionfm.cl\/?p=56272' aria-hidden='false' data-av_icon='\uf232' data-av_iconfont='entypo-fontello' title='' data-avia-related-tooltip='Compartir en Whatsapp' rel=\"noopener\"><span class='avia_hidden_link_text'>Compartir en Whatsapp<\/span><\/a><\/li><li class='av-share-link av-social-link-linkedin' ><a target=\"_blank\" aria-label=\"Compartir en LinkedIn\" href='https:\/\/linkedin.com\/shareArticle?mini=true&#038;title=JUNAEB%20asigna%20becas%20a%209.344%20estudiantes%20de%20la%20Regi%C3%B3n&#038;url=https:\/\/radiorevelacionfm.cl\/?p=56272' aria-hidden='false' data-av_icon='\ue8fc' data-av_iconfont='entypo-fontello' title='' data-avia-related-tooltip='Compartir en LinkedIn' rel=\"noopener\"><span class='avia_hidden_link_text'>Compartir en LinkedIn<\/span><\/a><\/li><li class='av-share-link av-social-link-mail' ><a  aria-label=\"Compartir por correo\" href='mailto:?subject=JUNAEB%20asigna%20becas%20a%209.344%20estudiantes%20de%20la%20Regi%C3%B3n&#038;body=https:\/\/radiorevelacionfm.cl\/?p=56272' aria-hidden='false' data-av_icon='\ue805' data-av_iconfont='entypo-fontello' title='' data-avia-related-tooltip='Compartir por correo'><span class='avia_hidden_link_text'>Compartir por correo<\/span><\/a><\/li><\/ul><\/div><\/div>\n<div  style='height:50px' class='hr hr-invisible   avia-builder-el-8  el_after_av_social_share  el_before_av_comments_list '><span class='hr-inner ' ><span class='hr-inner-style'><\/span><\/span><\/div>\n<div  class='av-buildercomment  av-blog-meta-html-info-disabled av-blog-meta-tag-disabled  '><\/div>\n","protected":false},"excerpt":{"rendered":"","protected":false},"author":1,"featured_media":56273,"comment_status":"closed","ping_status":"closed","sticky":false,"template":"","format":"standard","meta":{"footnotes":""},"categories":[49],"tags":[],"class_list":["post-56272","post","type-post","status-publish","format-standard","has-post-thumbnail","hentry","category-educacion"],"jetpack_featured_media_url":"https:\/\/radiorevelacionfm.cl\/wp-content\/uploads\/2025\/07\/Manuel-Vivar-DirReg-Junaeb-1-1.jpeg","_links":{"self":[{"href":"https:\/\/radiorevelacionfm.cl\/index.php?rest_route=\/wp\/v2\/posts\/56272","targetHints":{"allow":["GET"]}}],"collection":[{"href":"https:\/\/radiorevelacionfm.cl\/index.php?rest_route=\/wp\/v2\/posts"}],"about":[{"href":"https:\/\/radiorevelacionfm.cl\/index.php?rest_route=\/wp\/v2\/types\/post"}],"author":[{"embeddable":true,"href":"https:\/\/radiorevelacionfm.cl\/index.php?rest_route=\/wp\/v2\/users\/1"}],"replies":[{"embeddable":true,"href":"https:\/\/radiorevelacionfm.cl\/index.php?rest_route=%2Fwp%2Fv2%2Fcomments&post=56272"}],"version-history":[{"count":2,"href":"https:\/\/radiorevelacionfm.cl\/index.php?rest_route=\/wp\/v2\/posts\/56272\/revisions"}],"predecessor-version":[{"id":56295,"href":"https:\/\/radiorevelacionfm.cl\/index.php?rest_route=\/wp\/v2\/posts\/56272\/revisions\/56295"}],"wp:featuredmedia":[{"embeddable":true,"href":"https:\/\/radiorevelacionfm.cl\/index.php?rest_route=\/wp\/v2\/media\/56273"}],"wp:attachment":[{"href":"https:\/\/radiorevelacionfm.cl\/index.php?rest_route=%2Fwp%2Fv2%2Fmedia&parent=56272"}],"wp:term":[{"taxonomy":"category","embeddable":true,"href":"https:\/\/radiorevelacionfm.cl\/index.php?rest_route=%2Fwp%2Fv2%2Fcategories&post=56272"},{"taxonomy":"post_tag","embeddable":true,"href":"https:\/\/radiorevelacionfm.cl\/index.php?rest_route=%2Fwp%2Fv2%2Ftags&post=56272"}],"curies":[{"name":"wp","href":"https:\/\/api.w.org\/{rel}","templated":true}]}}