{"id":56269,"date":"2025-07-08T17:04:24","date_gmt":"2025-07-08T20:04:24","guid":{"rendered":"https:\/\/radiorevelacionfm.cl\/?p=56269"},"modified":"2025-07-08T17:11:42","modified_gmt":"2025-07-08T20:11:42","slug":"coyhaique-vivio-una-jornada-de-expresion-artistica-en-el-marco-del-mes-de-la-prevencion","status":"publish","type":"post","link":"https:\/\/radiorevelacionfm.cl\/?p=56269","title":{"rendered":"Coyhaique vivi\u00f3 una jornada de expresi\u00f3n art\u00edstica en el marco del Mes de la Prevenci\u00f3n"},"content":{"rendered":"<div class=\"flex_column av_one_full  flex_column_div av-zero-column-padding first  avia-builder-el-0  el_before_av_one_full  avia-builder-el-first  \" style='border-radius:0px; '><div  class='avia-image-container  av-styling-    avia-builder-el-1  avia-builder-el-no-sibling  avia-align-center '  itemprop=\"image\" itemscope=\"itemscope\" itemtype=\"https:\/\/schema.org\/ImageObject\"  ><div class='avia-image-container-inner'><div class='avia-image-overlay-wrap'><img decoding=\"async\" class='wp-image-56270 avia-img-lazy-loading-not-56270 avia_image' src=\"https:\/\/radiorevelacionfm.cl\/wp-content\/uploads\/2025\/07\/AP9-1-1.jpeg\" alt='' title='AP9 (1) (1)' height=\"600\" width=\"900\"  itemprop=\"thumbnailUrl\" srcset=\"https:\/\/radiorevelacionfm.cl\/wp-content\/uploads\/2025\/07\/AP9-1-1.jpeg 900w, https:\/\/radiorevelacionfm.cl\/wp-content\/uploads\/2025\/07\/AP9-1-1-300x200.jpeg 300w, https:\/\/radiorevelacionfm.cl\/wp-content\/uploads\/2025\/07\/AP9-1-1-768x512.jpeg 768w, https:\/\/radiorevelacionfm.cl\/wp-content\/uploads\/2025\/07\/AP9-1-1-705x470.jpeg 705w, https:\/\/radiorevelacionfm.cl\/wp-content\/uploads\/2025\/07\/AP9-1-1-450x300.jpeg 450w, https:\/\/radiorevelacionfm.cl\/wp-content\/uploads\/2025\/07\/AP9-1-1-600x400.jpeg 600w\" sizes=\"(max-width: 900px) 100vw, 900px\" \/><\/div><\/div><\/div><\/div>\n<div class=\"flex_column av_one_full  flex_column_div av-zero-column-padding first  avia-builder-el-2  el_after_av_one_full  el_before_av_one_full  column-top-margin\" style='border-radius:0px; '><section class=\"av_textblock_section \"  itemscope=\"itemscope\" itemtype=\"https:\/\/schema.org\/BlogPosting\" itemprop=\"blogPost\" ><div class='avia_textblock  '   itemprop=\"text\" ><p style=\"text-align: center;\"><span style=\"font-size: 18pt;\"><strong>Coyhaique vivi\u00f3 una jornada de expresi\u00f3n art\u00edstica en el marco del Mes de la Prevenci\u00f3n<\/strong><\/span><\/p>\n<div id=\"gtx-trans\" style=\"position: absolute; left: -50px; top: 4.31534px;\">\n<div class=\"gtx-trans-icon\"><\/div>\n<\/div>\n<\/div><\/section><\/div>\n<div class=\"flex_column av_one_full  flex_column_div av-zero-column-padding first  avia-builder-el-4  el_after_av_one_full  el_before_av_hr  column-top-margin\" style='border-radius:0px; '><section class=\"av_textblock_section \"  itemscope=\"itemscope\" itemtype=\"https:\/\/schema.org\/BlogPosting\" itemprop=\"blogPost\" ><div class='avia_textblock  '   itemprop=\"text\" ><p style=\"margin-top: 0cm; text-align: justify; line-height: 115%;\"><span style=\"font-family: 'Georgia','serif'; color: black;\">Con una destacada participaci\u00f3n de estudiantes, docentes, autoridades y redes comunitarias, se desarroll\u00f3 el Show de Talentos Arte que Previene en el Centro Cultural de Coyhaique, como parte de las actividades del Mes de la Prevenci\u00f3n.<\/span><\/p>\n<p style=\"margin-top: 0cm; text-align: justify; line-height: 115%;\"><span style=\"font-family: 'Georgia','serif'; color: black;\">La jornada fue organizada por SENDA Previene Coyhaique, programa ejecutado por la Ilustre Municipalidad de Coyhaique en convenio con el Servicio Nacional para la Prevenci\u00f3n y Rehabilitaci\u00f3n del Consumo de Drogas y Alcohol (SENDA). El evento se consolid\u00f3 como un espacio de encuentro donde la cultura, el arte y la participaci\u00f3n juvenil se transformaron en herramientas significativas para promover el bienestar y la prevenci\u00f3n.<\/span><\/p>\n<p style=\"margin-top: 0cm; text-align: justify; line-height: 115%;\"><span style=\"font-family: 'Georgia','serif'; color: black;\">Seis establecimientos educacionales de la comuna participaron de esta instancia: Liceo San Felipe Benicio, Liceo Francisco Xavier Buti\u00f1\u00e1, Colegio Mater Dei, Liceo Josefina Aguirre Montenegro, Colegio Alianza Austral y Colegio Diego Portales. A trav\u00e9s de presentaciones de danza, canto esc\u00e9nico, bandas escolares y una exposici\u00f3n de artes visuales, ni\u00f1as, ni\u00f1os y j\u00f3venes compartieron su talento, expresaron sus emociones y reafirmaron su compromiso con una vida saludable.<\/span><\/p>\n<p style=\"margin-top: 0cm; text-align: justify; line-height: 115%;\"><span style=\"font-family: 'Georgia','serif'; color: black;\">Durante la jornada se entregaron reconocimientos a todas y todos los participantes, resaltando la importancia de fomentar el bienestar emocional, la creatividad y el uso positivo del tiempo libre como pilares fundamentales en la prevenci\u00f3n del consumo de alcohol y otras drogas.<\/span><\/p>\n<p style=\"margin-top: 0cm; text-align: justify; line-height: 115%;\"><span style=\"font-family: 'Georgia','serif'; color: black;\">Un aspecto central de esta iniciativa fue la activa colaboraci\u00f3n de la Ilustre Municipalidad de Coyhaique, a trav\u00e9s de sus distintas oficinas y programas, lo que permiti\u00f3 articular esfuerzos intersectoriales y fortalecer el enfoque comunitario de la prevenci\u00f3n. Esta alianza reafirma el compromiso del municipio con la promoci\u00f3n de estilos de vida saludables y la creaci\u00f3n de espacios seguros y significativos para la ni\u00f1ez y juventud de la comuna.<\/span><\/p>\n<p style=\"margin-top: 0cm; text-align: justify; line-height: 115%;\"><span style=\"font-family: 'Georgia','serif'; color: black;\">El alcalde de Coyhaique, Carlos Gatica Villegas, valor\u00f3 la jornada, destacando el rol del arte como herramienta preventiva: \u201cHoy el trabajo que hemos desarrollado significa que el arte previene, y el arte en distintas maneras, el arte visual, el desarrollo de la m\u00fasica; vinculado a que nuestros j\u00f3venes puedan de alguna u otra manera tomarse los espacios, que no lo est\u00e9n pidiendo, sino que nosotros los creemos y generemos, porque la prevenci\u00f3n est\u00e1 ah\u00ed, donde ellos tengan los espacios donde poder desarrollarse en lo que les gusta para poder promover lo que ellos quieren y que por supuesto, de alguna u otra manera, se sientan apoyados por una comunidad.\u201d<\/span><\/p>\n<p style=\"margin-top: 0cm; text-align: justify; line-height: 115%;\"><span style=\"font-family: 'Georgia','serif'; color: black;\">Desde SENDA se reconoci\u00f3 la articulaci\u00f3n con el gobierno local, as\u00ed como el trabajo conjunto con las redes educativas y sociales que contribuyen activamente a construir comunidades m\u00e1s seguras, conscientes y comprometidas con el desarrollo integral de las nuevas generaciones.<\/span><\/p>\n<p style=\"margin-top: 0cm; text-align: justify; line-height: 115%;\"><span style=\"font-family: 'Georgia','serif'; color: black;\">\u201cEl arte previene porque nos permite generar un espacio de encuentro donde los estudiantes de los distintos establecimientos educacionales de la comuna pueden expresar sus emociones, sus talentos, su expresi\u00f3n art\u00edstica, es un espacio de v\u00ednculo en el cual pueden desarrollar una serie de factores que lo van a poder proteger ante el consumo de sustancias\u201d, se\u00f1al\u00f3 la Directora Regional de SENDA, Mar\u00eda Victoria Contreras Lemus.<\/span><\/p>\n<p style=\"margin-top: 0cm; text-align: justify; line-height: 115%;\"><span style=\"font-family: 'Georgia','serif'; color: black;\">El Festival Arte que Previene evidenci\u00f3 que cuando una comunidad se involucra, escucha y acompa\u00f1a a su juventud, se convierte en una red activa de cuidado y orientaci\u00f3n, capaz de abrir caminos de futuro para ni\u00f1as, ni\u00f1os y adolescentes<\/span><\/p>\n<\/div><\/section><\/div><div  style='height:50px' class='hr hr-invisible   avia-builder-el-6  el_after_av_one_full  el_before_av_social_share '><span class='hr-inner ' ><span class='hr-inner-style'><\/span><\/span><\/div><\/p>\n<div  class='av-social-sharing-box  avia-builder-el-7  el_after_av_hr  el_before_av_hr  '><div class='av-share-box'><h5 class='av-share-link-description av-no-toc '>Compartir esta noticia<\/h5><ul class='av-share-box-list noLightbox'><li class='av-share-link av-social-link-facebook' ><a target=\"_blank\" aria-label=\"Compartir en Facebook\" href='https:\/\/www.facebook.com\/sharer.php?u=https:\/\/radiorevelacionfm.cl\/?p=56269&#038;t=Coyhaique%20vivi%C3%B3%20una%20jornada%20de%20expresi%C3%B3n%20art%C3%ADstica%20en%20el%20marco%20del%20Mes%20de%20la%20Prevenci%C3%B3n' aria-hidden='false' data-av_icon='\ue8f3' data-av_iconfont='entypo-fontello' title='' data-avia-related-tooltip='Compartir en Facebook' rel=\"noopener\"><span class='avia_hidden_link_text'>Compartir en Facebook<\/span><\/a><\/li><li class='av-share-link av-social-link-twitter' ><a target=\"_blank\" aria-label=\"Compartir en Twitter\" href='https:\/\/twitter.com\/share?text=Coyhaique%20vivi%C3%B3%20una%20jornada%20de%20expresi%C3%B3n%20art%C3%ADstica%20en%20el%20marco%20del%20Mes%20de%20la%20Prevenci%C3%B3n&#038;url=https:\/\/radiorevelacionfm.cl\/?p=56269' aria-hidden='false' data-av_icon='\ue8f1' data-av_iconfont='entypo-fontello' title='' data-avia-related-tooltip='Compartir en Twitter' rel=\"noopener\"><span class='avia_hidden_link_text'>Compartir en Twitter<\/span><\/a><\/li><li class='av-share-link av-social-link-whatsapp' ><a target=\"_blank\" aria-label=\"Compartir en Whatsapp\" href='https:\/\/api.whatsapp.com\/send?text=https:\/\/radiorevelacionfm.cl\/?p=56269' aria-hidden='false' data-av_icon='\uf232' data-av_iconfont='entypo-fontello' title='' data-avia-related-tooltip='Compartir en Whatsapp' rel=\"noopener\"><span class='avia_hidden_link_text'>Compartir en Whatsapp<\/span><\/a><\/li><li class='av-share-link av-social-link-linkedin' ><a target=\"_blank\" aria-label=\"Compartir en LinkedIn\" href='https:\/\/linkedin.com\/shareArticle?mini=true&#038;title=Coyhaique%20vivi%C3%B3%20una%20jornada%20de%20expresi%C3%B3n%20art%C3%ADstica%20en%20el%20marco%20del%20Mes%20de%20la%20Prevenci%C3%B3n&#038;url=https:\/\/radiorevelacionfm.cl\/?p=56269' aria-hidden='false' data-av_icon='\ue8fc' data-av_iconfont='entypo-fontello' title='' data-avia-related-tooltip='Compartir en LinkedIn' rel=\"noopener\"><span class='avia_hidden_link_text'>Compartir en LinkedIn<\/span><\/a><\/li><li class='av-share-link av-social-link-mail' ><a  aria-label=\"Compartir por correo\" href='mailto:?subject=Coyhaique%20vivi%C3%B3%20una%20jornada%20de%20expresi%C3%B3n%20art%C3%ADstica%20en%20el%20marco%20del%20Mes%20de%20la%20Prevenci%C3%B3n&#038;body=https:\/\/radiorevelacionfm.cl\/?p=56269' aria-hidden='false' data-av_icon='\ue805' data-av_iconfont='entypo-fontello' title='' data-avia-related-tooltip='Compartir por correo'><span class='avia_hidden_link_text'>Compartir por correo<\/span><\/a><\/li><\/ul><\/div><\/div>\n<div  style='height:50px' class='hr hr-invisible   avia-builder-el-8  el_after_av_social_share  el_before_av_comments_list '><span class='hr-inner ' ><span class='hr-inner-style'><\/span><\/span><\/div>\n<div  class='av-buildercomment  av-blog-meta-html-info-disabled av-blog-meta-tag-disabled  '><\/div>\n","protected":false},"excerpt":{"rendered":"","protected":false},"author":1,"featured_media":56270,"comment_status":"closed","ping_status":"closed","sticky":false,"template":"","format":"standard","meta":{"footnotes":""},"categories":[52,1],"tags":[],"class_list":["post-56269","post","type-post","status-publish","format-standard","has-post-thumbnail","hentry","category-cultura","category-sin-categoria"],"jetpack_featured_media_url":"https:\/\/radiorevelacionfm.cl\/wp-content\/uploads\/2025\/07\/AP9-1-1.jpeg","_links":{"self":[{"href":"https:\/\/radiorevelacionfm.cl\/index.php?rest_route=\/wp\/v2\/posts\/56269","targetHints":{"allow":["GET"]}}],"collection":[{"href":"https:\/\/radiorevelacionfm.cl\/index.php?rest_route=\/wp\/v2\/posts"}],"about":[{"href":"https:\/\/radiorevelacionfm.cl\/index.php?rest_route=\/wp\/v2\/types\/post"}],"author":[{"embeddable":true,"href":"https:\/\/radiorevelacionfm.cl\/index.php?rest_route=\/wp\/v2\/users\/1"}],"replies":[{"embeddable":true,"href":"https:\/\/radiorevelacionfm.cl\/index.php?rest_route=%2Fwp%2Fv2%2Fcomments&post=56269"}],"version-history":[{"count":3,"href":"https:\/\/radiorevelacionfm.cl\/index.php?rest_route=\/wp\/v2\/posts\/56269\/revisions"}],"predecessor-version":[{"id":56290,"href":"https:\/\/radiorevelacionfm.cl\/index.php?rest_route=\/wp\/v2\/posts\/56269\/revisions\/56290"}],"wp:featuredmedia":[{"embeddable":true,"href":"https:\/\/radiorevelacionfm.cl\/index.php?rest_route=\/wp\/v2\/media\/56270"}],"wp:attachment":[{"href":"https:\/\/radiorevelacionfm.cl\/index.php?rest_route=%2Fwp%2Fv2%2Fmedia&parent=56269"}],"wp:term":[{"taxonomy":"category","embeddable":true,"href":"https:\/\/radiorevelacionfm.cl\/index.php?rest_route=%2Fwp%2Fv2%2Fcategories&post=56269"},{"taxonomy":"post_tag","embeddable":true,"href":"https:\/\/radiorevelacionfm.cl\/index.php?rest_route=%2Fwp%2Fv2%2Ftags&post=56269"}],"curies":[{"name":"wp","href":"https:\/\/api.w.org\/{rel}","templated":true}]}}