{"id":56263,"date":"2025-07-08T14:13:32","date_gmt":"2025-07-08T17:13:32","guid":{"rendered":"https:\/\/radiorevelacionfm.cl\/?p=56263"},"modified":"2025-07-08T14:13:32","modified_gmt":"2025-07-08T17:13:32","slug":"diputado-alinco-advierte-que-el-pacto-sqm-codelco-es-una-traicion-a-la-patria-y-exige-intervencion-del-presidente-boric","status":"publish","type":"post","link":"https:\/\/radiorevelacionfm.cl\/?p=56263","title":{"rendered":"Diputado Alinco advierte que el pacto SQM\u2013Codelco es una \u201ctraici\u00f3n a la patria\u201d y exige intervenci\u00f3n del Presidente Boric"},"content":{"rendered":"<div class=\"flex_column av_one_full  flex_column_div av-zero-column-padding first  avia-builder-el-0  el_before_av_one_full  avia-builder-el-first  \" style='border-radius:0px; '><div  class='avia-image-container  av-styling-    avia-builder-el-1  avia-builder-el-no-sibling  avia-align-center '  itemprop=\"image\" itemscope=\"itemscope\" itemtype=\"https:\/\/schema.org\/ImageObject\"  ><div class='avia-image-container-inner'><div class='avia-image-overlay-wrap'><img decoding=\"async\" class='wp-image-16236 avia-img-lazy-loading-not-16236 avia_image' src=\"https:\/\/radiorevelacionfm.cl\/wp-content\/uploads\/2022\/04\/Diputado-Alinco-14-09a-1-1.jpg\" alt='' title='Diputado Alinco 14-09a (1) (1)' height=\"600\" width=\"796\"  itemprop=\"thumbnailUrl\" srcset=\"https:\/\/radiorevelacionfm.cl\/wp-content\/uploads\/2022\/04\/Diputado-Alinco-14-09a-1-1.jpg 796w, https:\/\/radiorevelacionfm.cl\/wp-content\/uploads\/2022\/04\/Diputado-Alinco-14-09a-1-1-300x226.jpg 300w, https:\/\/radiorevelacionfm.cl\/wp-content\/uploads\/2022\/04\/Diputado-Alinco-14-09a-1-1-768x579.jpg 768w, https:\/\/radiorevelacionfm.cl\/wp-content\/uploads\/2022\/04\/Diputado-Alinco-14-09a-1-1-705x531.jpg 705w, https:\/\/radiorevelacionfm.cl\/wp-content\/uploads\/2022\/04\/Diputado-Alinco-14-09a-1-1-600x452.jpg 600w\" sizes=\"(max-width: 796px) 100vw, 796px\" \/><\/div><\/div><\/div><\/div><div class=\"flex_column av_one_full  flex_column_div av-zero-column-padding first  avia-builder-el-2  el_after_av_one_full  el_before_av_one_full  column-top-margin\" style='border-radius:0px; '><section class=\"av_textblock_section \"  itemscope=\"itemscope\" itemtype=\"https:\/\/schema.org\/BlogPosting\" itemprop=\"blogPost\" ><div class='avia_textblock  '   itemprop=\"text\" ><p style=\"text-align: center;\"><span style=\"font-size: 18pt;\"><strong>Diputado Alinco advierte que el pacto SQM\u2013Codelco es una \u201ctraici\u00f3n a la patria\u201d y exige intervenci\u00f3n del Presidente Boric<\/strong><\/span><\/p>\n<div id=\"gtx-trans\" style=\"position: absolute; left: -50px; top: 4.31534px;\">\n<div class=\"gtx-trans-icon\"><\/div>\n<\/div>\n<\/div><\/section><\/div><div class=\"flex_column av_one_full  flex_column_div av-zero-column-padding first  avia-builder-el-4  el_after_av_one_full  el_before_av_hr  column-top-margin\" style='border-radius:0px; '><section class=\"av_textblock_section \"  itemscope=\"itemscope\" itemtype=\"https:\/\/schema.org\/BlogPosting\" itemprop=\"blogPost\" ><div class='avia_textblock  '   itemprop=\"text\" ><p style=\"text-align: justify;\"><em>El parlamentario Ren\u00e9 Alinco cuestion\u00f3 duramente la firma del acuerdo entre Codelco y Soquimich para la explotaci\u00f3n del litio en el Salar de Atacama, calific\u00e1ndolo como un \u201crobo\u201d al pa\u00eds. Solicit\u00f3 al Presidente Gabriel Boric intervenir de forma urgente para detener lo que considera una entrega injustificada de los recursos estrat\u00e9gicos de Chile.<\/em><\/p>\n<p style=\"text-align: justify;\">El diputado Ren\u00e9 Alinco (independiente) emiti\u00f3 duras declaraciones este lunes en el marco de la entrega de antecedentes y conclusiones de la Comisi\u00f3n Especial Investigadora sobre el acuerdo entre Codelco y SQM, que fueron presentados a la contralora general de la Rep\u00fablica, Dorothy P\u00e9rez, junto a un grupo transversal de parlamentarios de distintas bancadas y sectores pol\u00edticos.<\/p>\n<p style=\"text-align: justify;\">Durante esta instancia, el parlamentario fue enf\u00e1tico en su rechazo al acuerdo que permite la explotaci\u00f3n conjunta del litio en el Salar de Atacama hasta el a\u00f1o 2060.<\/p>\n<p style=\"text-align: justify;\">\u201cSi este proyecto, si esta firma se concreta, si este robo se concreta, yo lo catalogo con una sola palabra. Ser\u00eda una traici\u00f3n a la patria.\u201d<\/p>\n<p style=\"text-align: justify;\">Para Alinco, el convenio representa un retroceso en la soberan\u00eda econ\u00f3mica del pa\u00eds, al mantener en manos privadas una parte sustantiva de la explotaci\u00f3n de un recurso estrat\u00e9gico clave para el desarrollo nacional y la transici\u00f3n energ\u00e9tica global.<\/p>\n<p style=\"text-align: justify;\">\u201cAqu\u00ed se est\u00e1 entregando el litio a precio de liquidaci\u00f3n, en vez de nacionalizarlo o fortalecer una empresa p\u00fablica que lo administre como corresponde\u201d, se\u00f1al\u00f3.<\/p>\n<p style=\"text-align: justify;\">Por ello, hizo un llamado directo al Presidente de la Rep\u00fablica, Gabriel Boric:<\/p>\n<p style=\"text-align: justify;\">\u201cCreo que debe y tiene que intervenir el Presidente. No puede seguir siendo c\u00f3mplice pasivo de esta entrega del patrimonio de todos los chilenos.\u201d<\/p>\n<p style=\"text-align: justify;\">Asimismo, el diputado asegur\u00f3 que se deben agotar todas las instancias institucionales para frenar este acuerdo, se\u00f1alando que es necesario evaluar acciones por la v\u00eda penal, administrativa e incluso recurrir al Tribunal Constitucional, si fuera necesario.<\/p>\n<p style=\"text-align: justify;\">Alinco valor\u00f3 el trabajo de la Comisi\u00f3n Investigadora y reafirm\u00f3 su compromiso con la defensa del litio como patrimonio de todos los chilenos:<\/p>\n<p style=\"text-align: justify;\">\u201cNo vamos a permitir que una vez m\u00e1s se entreguen nuestras riquezas b\u00e1sicas. Lo dijimos con el cobre, lo advertimos con el agua, y ahora lo reiteramos con el litio.\u201d<\/p>\n<\/div><\/section><\/div><div  style='height:50px' class='hr hr-invisible   avia-builder-el-6  el_after_av_one_full  el_before_av_social_share '><span class='hr-inner ' ><span class='hr-inner-style'><\/span><\/span><\/div><\/p>\n<div  class='av-social-sharing-box  avia-builder-el-7  el_after_av_hr  el_before_av_hr  '><div class='av-share-box'><h5 class='av-share-link-description av-no-toc '>Compartir esta noticia<\/h5><ul class='av-share-box-list noLightbox'><li class='av-share-link av-social-link-facebook' ><a target=\"_blank\" aria-label=\"Compartir en Facebook\" href='https:\/\/www.facebook.com\/sharer.php?u=https:\/\/radiorevelacionfm.cl\/?p=56263&#038;t=Diputado%20Alinco%20advierte%20que%20el%20pacto%20SQM%E2%80%93Codelco%20es%20una%20%E2%80%9Ctraici%C3%B3n%20a%20la%20patria%E2%80%9D%20y%20exige%20intervenci%C3%B3n%20del%20Presidente%20Boric' aria-hidden='false' data-av_icon='\ue8f3' data-av_iconfont='entypo-fontello' title='' data-avia-related-tooltip='Compartir en Facebook' rel=\"noopener\"><span class='avia_hidden_link_text'>Compartir en Facebook<\/span><\/a><\/li><li class='av-share-link av-social-link-twitter' ><a target=\"_blank\" aria-label=\"Compartir en Twitter\" href='https:\/\/twitter.com\/share?text=Diputado%20Alinco%20advierte%20que%20el%20pacto%20SQM%E2%80%93Codelco%20es%20una%20%E2%80%9Ctraici%C3%B3n%20a%20la%20patria%E2%80%9D%20y%20exige%20intervenci%C3%B3n%20del%20Presidente%20Boric&#038;url=https:\/\/radiorevelacionfm.cl\/?p=56263' aria-hidden='false' data-av_icon='\ue8f1' data-av_iconfont='entypo-fontello' title='' data-avia-related-tooltip='Compartir en Twitter' rel=\"noopener\"><span class='avia_hidden_link_text'>Compartir en Twitter<\/span><\/a><\/li><li class='av-share-link av-social-link-whatsapp' ><a target=\"_blank\" aria-label=\"Compartir en Whatsapp\" href='https:\/\/api.whatsapp.com\/send?text=https:\/\/radiorevelacionfm.cl\/?p=56263' aria-hidden='false' data-av_icon='\uf232' data-av_iconfont='entypo-fontello' title='' data-avia-related-tooltip='Compartir en Whatsapp' rel=\"noopener\"><span class='avia_hidden_link_text'>Compartir en Whatsapp<\/span><\/a><\/li><li class='av-share-link av-social-link-linkedin' ><a target=\"_blank\" aria-label=\"Compartir en LinkedIn\" href='https:\/\/linkedin.com\/shareArticle?mini=true&#038;title=Diputado%20Alinco%20advierte%20que%20el%20pacto%20SQM%E2%80%93Codelco%20es%20una%20%E2%80%9Ctraici%C3%B3n%20a%20la%20patria%E2%80%9D%20y%20exige%20intervenci%C3%B3n%20del%20Presidente%20Boric&#038;url=https:\/\/radiorevelacionfm.cl\/?p=56263' aria-hidden='false' data-av_icon='\ue8fc' data-av_iconfont='entypo-fontello' title='' data-avia-related-tooltip='Compartir en LinkedIn' rel=\"noopener\"><span class='avia_hidden_link_text'>Compartir en LinkedIn<\/span><\/a><\/li><li class='av-share-link av-social-link-mail' ><a  aria-label=\"Compartir por correo\" href='mailto:?subject=Diputado%20Alinco%20advierte%20que%20el%20pacto%20SQM%E2%80%93Codelco%20es%20una%20%E2%80%9Ctraici%C3%B3n%20a%20la%20patria%E2%80%9D%20y%20exige%20intervenci%C3%B3n%20del%20Presidente%20Boric&#038;body=https:\/\/radiorevelacionfm.cl\/?p=56263' aria-hidden='false' data-av_icon='\ue805' data-av_iconfont='entypo-fontello' title='' data-avia-related-tooltip='Compartir por correo'><span class='avia_hidden_link_text'>Compartir por correo<\/span><\/a><\/li><\/ul><\/div><\/div>\n<div  style='height:50px' class='hr hr-invisible   avia-builder-el-8  el_after_av_social_share  el_before_av_comments_list '><span class='hr-inner ' ><span class='hr-inner-style'><\/span><\/span><\/div>\n<div  class='av-buildercomment  av-blog-meta-html-info-disabled av-blog-meta-tag-disabled  '><\/div>\n","protected":false},"excerpt":{"rendered":"","protected":false},"author":1,"featured_media":16236,"comment_status":"closed","ping_status":"closed","sticky":false,"template":"","format":"standard","meta":{"footnotes":""},"categories":[35],"tags":[],"class_list":["post-56263","post","type-post","status-publish","format-standard","has-post-thumbnail","hentry","category-politica"],"jetpack_featured_media_url":"https:\/\/radiorevelacionfm.cl\/wp-content\/uploads\/2022\/04\/Diputado-Alinco-14-09a-1-1.jpg","_links":{"self":[{"href":"https:\/\/radiorevelacionfm.cl\/index.php?rest_route=\/wp\/v2\/posts\/56263","targetHints":{"allow":["GET"]}}],"collection":[{"href":"https:\/\/radiorevelacionfm.cl\/index.php?rest_route=\/wp\/v2\/posts"}],"about":[{"href":"https:\/\/radiorevelacionfm.cl\/index.php?rest_route=\/wp\/v2\/types\/post"}],"author":[{"embeddable":true,"href":"https:\/\/radiorevelacionfm.cl\/index.php?rest_route=\/wp\/v2\/users\/1"}],"replies":[{"embeddable":true,"href":"https:\/\/radiorevelacionfm.cl\/index.php?rest_route=%2Fwp%2Fv2%2Fcomments&post=56263"}],"version-history":[{"count":2,"href":"https:\/\/radiorevelacionfm.cl\/index.php?rest_route=\/wp\/v2\/posts\/56263\/revisions"}],"predecessor-version":[{"id":56265,"href":"https:\/\/radiorevelacionfm.cl\/index.php?rest_route=\/wp\/v2\/posts\/56263\/revisions\/56265"}],"wp:featuredmedia":[{"embeddable":true,"href":"https:\/\/radiorevelacionfm.cl\/index.php?rest_route=\/wp\/v2\/media\/16236"}],"wp:attachment":[{"href":"https:\/\/radiorevelacionfm.cl\/index.php?rest_route=%2Fwp%2Fv2%2Fmedia&parent=56263"}],"wp:term":[{"taxonomy":"category","embeddable":true,"href":"https:\/\/radiorevelacionfm.cl\/index.php?rest_route=%2Fwp%2Fv2%2Fcategories&post=56263"},{"taxonomy":"post_tag","embeddable":true,"href":"https:\/\/radiorevelacionfm.cl\/index.php?rest_route=%2Fwp%2Fv2%2Ftags&post=56263"}],"curies":[{"name":"wp","href":"https:\/\/api.w.org\/{rel}","templated":true}]}}