{"id":56249,"date":"2025-07-07T18:37:43","date_gmt":"2025-07-07T21:37:43","guid":{"rendered":"https:\/\/radiorevelacionfm.cl\/?p=56249"},"modified":"2025-07-07T18:37:43","modified_gmt":"2025-07-07T21:37:43","slug":"coyhaique-en-prision-preventiva-imputado-por-homicidio-frustrado-porte-ilegal-de-arma-de-fuego-robo-y-otros-delitos","status":"publish","type":"post","link":"https:\/\/radiorevelacionfm.cl\/?p=56249","title":{"rendered":"Coyhaique: En prisi\u00f3n preventiva imputado por homicidio frustrado, porte ilegal de arma de fuego, robo y otros delitos"},"content":{"rendered":"<div class=\"flex_column av_one_full  flex_column_div av-zero-column-padding first  avia-builder-el-0  el_before_av_one_full  avia-builder-el-first  \" style='border-radius:0px; '><div  class='avia-image-container  av-styling-    avia-builder-el-1  avia-builder-el-no-sibling  avia-align-center '  itemprop=\"image\" itemscope=\"itemscope\" itemtype=\"https:\/\/schema.org\/ImageObject\"  ><div class='avia-image-container-inner'><div class='avia-image-overlay-wrap'><img decoding=\"async\" class='wp-image-56250 avia-img-lazy-loading-not-56250 avia_image' src=\"https:\/\/radiorevelacionfm.cl\/wp-content\/uploads\/2025\/07\/whatsapp-image-2025-07-07-at-5_optimized.10.40-pm-2.jpeg\" alt='' title='whatsapp-image-2025-07-07-at-5_optimized.10.40-pm-2' height=\"600\" width=\"1067\"  itemprop=\"thumbnailUrl\" srcset=\"https:\/\/radiorevelacionfm.cl\/wp-content\/uploads\/2025\/07\/whatsapp-image-2025-07-07-at-5_optimized.10.40-pm-2.jpeg 1067w, https:\/\/radiorevelacionfm.cl\/wp-content\/uploads\/2025\/07\/whatsapp-image-2025-07-07-at-5_optimized.10.40-pm-2-300x169.jpeg 300w, https:\/\/radiorevelacionfm.cl\/wp-content\/uploads\/2025\/07\/whatsapp-image-2025-07-07-at-5_optimized.10.40-pm-2-1030x579.jpeg 1030w, https:\/\/radiorevelacionfm.cl\/wp-content\/uploads\/2025\/07\/whatsapp-image-2025-07-07-at-5_optimized.10.40-pm-2-768x432.jpeg 768w, https:\/\/radiorevelacionfm.cl\/wp-content\/uploads\/2025\/07\/whatsapp-image-2025-07-07-at-5_optimized.10.40-pm-2-705x396.jpeg 705w, https:\/\/radiorevelacionfm.cl\/wp-content\/uploads\/2025\/07\/whatsapp-image-2025-07-07-at-5_optimized.10.40-pm-2-450x253.jpeg 450w, https:\/\/radiorevelacionfm.cl\/wp-content\/uploads\/2025\/07\/whatsapp-image-2025-07-07-at-5_optimized.10.40-pm-2-600x337.jpeg 600w\" sizes=\"(max-width: 1067px) 100vw, 1067px\" \/><\/div><\/div><\/div><\/div><div class=\"flex_column av_one_full  flex_column_div av-zero-column-padding first  avia-builder-el-2  el_after_av_one_full  el_before_av_one_full  column-top-margin\" style='border-radius:0px; '><section class=\"av_textblock_section \"  itemscope=\"itemscope\" itemtype=\"https:\/\/schema.org\/BlogPosting\" itemprop=\"blogPost\" ><div class='avia_textblock  '   itemprop=\"text\" ><p style=\"text-align: center;\"><span style=\"font-size: 18pt;\"><strong>Coyhaique: En prisi\u00f3n preventiva imputado por homicidio frustrado, porte ilegal de arma de fuego, robo y otros delitos<\/strong><\/span><\/p>\n<div id=\"gtx-trans\" style=\"position: absolute; left: -50px; top: 4.31534px;\">\n<div class=\"gtx-trans-icon\"><\/div>\n<\/div>\n<\/div><\/section><\/div><div class=\"flex_column av_one_full  flex_column_div av-zero-column-padding first  avia-builder-el-4  el_after_av_one_full  el_before_av_hr  column-top-margin\" style='border-radius:0px; '><section class=\"av_textblock_section \"  itemscope=\"itemscope\" itemtype=\"https:\/\/schema.org\/BlogPosting\" itemprop=\"blogPost\" ><div class='avia_textblock  '   itemprop=\"text\" ><p style=\"text-align: justify;\">Este lunes fue formalizado un hombre de 26 a\u00f1os por los delitos de homicidio frustrado, porte ilegal de arma de fuego, disparos injustificados, robo en lugar no habitado, manejo con placa patente cambiada y maltrato de obra a funcionario de la PDI, luego de haber sido detenido el domingo, tras una persecuci\u00f3n policial que culmin\u00f3 con el veh\u00edculo en el que escapaba protagonizando un accidente de tr\u00e1nsito en pleno centro de la ciudad.<\/p>\n<p style=\"text-align: justify;\">En un punto de prensa, las autoridades se refirieron a este caso que impact\u00f3 a la opini\u00f3n p\u00fablica durante este fin de semana.<\/p>\n<p style=\"text-align: justify;\">Respecto al origen de la investigaci\u00f3n que culmin\u00f3 con la captura de este imputado, el jefe de la Regi\u00f3n Policial de Ays\u00e9n, prefecto inspector Javier Valenzuela Riquelme, explic\u00f3 que hace unos meses hubo varios robos a distintos servicios p\u00fablicos de la regi\u00f3n y que, recientemente, el d\u00eda 20 de junio a la salida de un centro nocturno de Coyhaique, un grupo de personas es atacado con disparos por arma de fuego, por un sujeto hasta ese momento desconocido.<\/p>\n<p style=\"text-align: justify;\">\u201cAl cruzar la investigaci\u00f3n y efectuar un an\u00e1lisis criminal, concuerda y coincide que el imputado, el autor de los disparos, hab\u00eda sido el mismo sujeto que perpetr\u00f3 los robos en lugar no habitado\u201d, se\u00f1al\u00f3 el prefecto inspector Valenzuela.<\/p>\n<p style=\"text-align: justify;\">Estos antecedentes fueron puestos en conocimiento del Ministerio P\u00fablico, gestion\u00e1ndose la respectiva orden de detenci\u00f3n en contra de este sujeto, la cual es otorgada el fin de semana, iniciando las pesquisas necesarias para ubicarlo.<\/p>\n<p style=\"text-align: justify;\">\u201cEl equipo investigador, compuesto por la Brigada Investigadora de Robos y la Brigada de Homicidios, logra ubicar al imputado en un sector c\u00e9ntrico de la comuna de Coyhaique, quien, al alertar la presencia policial, se da a la fuga, huyendo por una arteria principal de la comuna y, a ra\u00edz del exceso de velocidad, pierde el control del veh\u00edculo y choca con un local comercial\u201d, puntualiz\u00f3 la m\u00e1xima autoridad policial.<\/p>\n<p style=\"text-align: justify;\">Seguidamente, baja de su veh\u00edculo, huye a pie y es alcanzado a menos a 50 metros del lugar por efectivos de la PDI, sin antes intentar quitar dos veh\u00edculos a personas que se trasladaban por el lugar, lo cual, afortunadamente, no se concret\u00f3 y pudo ser capturado prontamente por los efectivos policiales.<\/p>\n<p style=\"text-align: justify;\">Cabe destacar que, \u201cfruto de esta investigaci\u00f3n conjunta, se logra detener a este sujeto, que era abiertamente un peligro para la sociedad coyhaiquina, y se logra incautar bastante evidencia que lo posiciona en los distintos sitios de suceso, principalmente, robo en lugar no habitado y el ataque con arma de fuego, y, adem\u00e1s, se logran incautar especies que son resultantes de los delitos de robo en lugar no habitado, que, en definitiva, van a reforzar la hip\u00f3tesis del caso\u201d, cerr\u00f3 el prefecto inspector Valenzuela<\/p>\n<p style=\"text-align: justify;\"><strong>Formalizaci\u00f3n<\/strong><\/p>\n<p style=\"text-align: justify;\">Por su parte, el fiscal regional (s) del Ministerio P\u00fablico, Jos\u00e9 Moris Ferrando, precis\u00f3 que \u201cel d\u00eda de hoy se control\u00f3 su detenci\u00f3n, la que fue declarada legal, y fue formalizado por una seguidilla de delitos, robo en lugar no habitado, homicidio frustrado, conducci\u00f3n con placa patente cambiada, porque adem\u00e1s la camioneta que conduc\u00eda ten\u00eda una placa patente que no correspond\u00eda a la misma, precisamente, para no ser rastreado y maltrato de obra contra un funcionario de la PDI, ya que tambi\u00e9n lesion\u00f3 a un funcionario en el proceso de detenci\u00f3n\u201d.<\/p>\n<p style=\"text-align: justify;\">As\u00ed, \u201cen la formalizaci\u00f3n del d\u00eda de hoy, el fiscal solicit\u00f3 prisi\u00f3n preventiva, medida cautelar a la que el Tribunal de Garant\u00eda accedi\u00f3, fij\u00e1ndose un plazo de investigaci\u00f3n de 90 d\u00edas\u201d, agreg\u00f3 el persecutor penal.<\/p>\n<p style=\"text-align: justify;\">Gracias al trabajo de la PDI, recalc\u00f3 el fiscal Moris, permitieron \u201crecuperar una serie de evidencias que est\u00e1n en este minuto en an\u00e1lisis, pero la m\u00e1s importante dentro de ellas es que, precisamente, se logr\u00f3 recuperar el rev\u00f3lver con el que se le habr\u00eda disparado a la v\u00edctima en el centro nocturno y que es la causa por la que se gener\u00f3 la orden de detenci\u00f3n que, felizmente, termin\u00f3 con la detenci\u00f3n del imputado el d\u00eda de ayer\u201d.<\/p>\n<p style=\"text-align: justify;\"><strong>Contribuci\u00f3n a la seguridad p\u00fablica<\/strong><\/p>\n<p style=\"text-align: justify;\">Finalmente, la Seremi de Seguridad P\u00fablica, Ruth Vallejos Cuiti\u00f1o, destac\u00f3 el resultado de este procedimiento policial, resaltando \u201cel profesionalismo de la Polic\u00eda de Investigaciones y su aporte a nuestra seguridad\u201d.<\/p>\n<p style=\"text-align: justify;\">La autoridad de Gobierno indic\u00f3 que m\u00e1s all\u00e1 de resolver el homicidio frustrado, se resolvieron distintos casos de robos, \u201crobos que afectaron a varios estamentos p\u00fablicos, entre ellos la Municipalidad de Coyhaique, la Municipalidad de Puerto Cisnes, la Delegaci\u00f3n Presidencial, el Conservador de Bienes Ra\u00edces y la Notar\u00eda\u201d, aportando a la seguridad con este tipo de casos exitosos.<\/p>\n<\/div><\/section><\/div><div  style='height:50px' class='hr hr-invisible   avia-builder-el-6  el_after_av_one_full  el_before_av_social_share '><span class='hr-inner ' ><span class='hr-inner-style'><\/span><\/span><\/div><\/p>\n<div  class='av-social-sharing-box  avia-builder-el-7  el_after_av_hr  el_before_av_hr  '><div class='av-share-box'><h5 class='av-share-link-description av-no-toc '>Compartir esta noticia<\/h5><ul class='av-share-box-list noLightbox'><li class='av-share-link av-social-link-facebook' ><a target=\"_blank\" aria-label=\"Compartir en Facebook\" href='https:\/\/www.facebook.com\/sharer.php?u=https:\/\/radiorevelacionfm.cl\/?p=56249&#038;t=Coyhaique%3A%20En%20prisi%C3%B3n%20preventiva%20imputado%20por%20homicidio%20frustrado%2C%20porte%20ilegal%20de%20arma%20de%20fuego%2C%20robo%20y%20otros%20delitos' aria-hidden='false' data-av_icon='\ue8f3' data-av_iconfont='entypo-fontello' title='' data-avia-related-tooltip='Compartir en Facebook' rel=\"noopener\"><span class='avia_hidden_link_text'>Compartir en Facebook<\/span><\/a><\/li><li class='av-share-link av-social-link-twitter' ><a target=\"_blank\" aria-label=\"Compartir en Twitter\" href='https:\/\/twitter.com\/share?text=Coyhaique%3A%20En%20prisi%C3%B3n%20preventiva%20imputado%20por%20homicidio%20frustrado%2C%20porte%20ilegal%20de%20arma%20de%20fuego%2C%20robo%20y%20otros%20delitos&#038;url=https:\/\/radiorevelacionfm.cl\/?p=56249' aria-hidden='false' data-av_icon='\ue8f1' data-av_iconfont='entypo-fontello' title='' data-avia-related-tooltip='Compartir en Twitter' rel=\"noopener\"><span class='avia_hidden_link_text'>Compartir en Twitter<\/span><\/a><\/li><li class='av-share-link av-social-link-whatsapp' ><a target=\"_blank\" aria-label=\"Compartir en Whatsapp\" href='https:\/\/api.whatsapp.com\/send?text=https:\/\/radiorevelacionfm.cl\/?p=56249' aria-hidden='false' data-av_icon='\uf232' data-av_iconfont='entypo-fontello' title='' data-avia-related-tooltip='Compartir en Whatsapp' rel=\"noopener\"><span class='avia_hidden_link_text'>Compartir en Whatsapp<\/span><\/a><\/li><li class='av-share-link av-social-link-linkedin' ><a target=\"_blank\" aria-label=\"Compartir en LinkedIn\" href='https:\/\/linkedin.com\/shareArticle?mini=true&#038;title=Coyhaique%3A%20En%20prisi%C3%B3n%20preventiva%20imputado%20por%20homicidio%20frustrado%2C%20porte%20ilegal%20de%20arma%20de%20fuego%2C%20robo%20y%20otros%20delitos&#038;url=https:\/\/radiorevelacionfm.cl\/?p=56249' aria-hidden='false' data-av_icon='\ue8fc' data-av_iconfont='entypo-fontello' title='' data-avia-related-tooltip='Compartir en LinkedIn' rel=\"noopener\"><span class='avia_hidden_link_text'>Compartir en LinkedIn<\/span><\/a><\/li><li class='av-share-link av-social-link-mail' ><a  aria-label=\"Compartir por correo\" href='mailto:?subject=Coyhaique%3A%20En%20prisi%C3%B3n%20preventiva%20imputado%20por%20homicidio%20frustrado%2C%20porte%20ilegal%20de%20arma%20de%20fuego%2C%20robo%20y%20otros%20delitos&#038;body=https:\/\/radiorevelacionfm.cl\/?p=56249' aria-hidden='false' data-av_icon='\ue805' data-av_iconfont='entypo-fontello' title='' data-avia-related-tooltip='Compartir por correo'><span class='avia_hidden_link_text'>Compartir por correo<\/span><\/a><\/li><\/ul><\/div><\/div>\n<div  style='height:50px' class='hr hr-invisible   avia-builder-el-8  el_after_av_social_share  el_before_av_comments_list '><span class='hr-inner ' ><span class='hr-inner-style'><\/span><\/span><\/div>\n<div  class='av-buildercomment  av-blog-meta-html-info-disabled av-blog-meta-tag-disabled  '><\/div>\n","protected":false},"excerpt":{"rendered":"","protected":false},"author":1,"featured_media":56250,"comment_status":"closed","ping_status":"closed","sticky":false,"template":"","format":"standard","meta":{"footnotes":""},"categories":[36],"tags":[],"class_list":["post-56249","post","type-post","status-publish","format-standard","has-post-thumbnail","hentry","category-policial"],"jetpack_featured_media_url":"https:\/\/radiorevelacionfm.cl\/wp-content\/uploads\/2025\/07\/whatsapp-image-2025-07-07-at-5_optimized.10.40-pm-2.jpeg","_links":{"self":[{"href":"https:\/\/radiorevelacionfm.cl\/index.php?rest_route=\/wp\/v2\/posts\/56249","targetHints":{"allow":["GET"]}}],"collection":[{"href":"https:\/\/radiorevelacionfm.cl\/index.php?rest_route=\/wp\/v2\/posts"}],"about":[{"href":"https:\/\/radiorevelacionfm.cl\/index.php?rest_route=\/wp\/v2\/types\/post"}],"author":[{"embeddable":true,"href":"https:\/\/radiorevelacionfm.cl\/index.php?rest_route=\/wp\/v2\/users\/1"}],"replies":[{"embeddable":true,"href":"https:\/\/radiorevelacionfm.cl\/index.php?rest_route=%2Fwp%2Fv2%2Fcomments&post=56249"}],"version-history":[{"count":2,"href":"https:\/\/radiorevelacionfm.cl\/index.php?rest_route=\/wp\/v2\/posts\/56249\/revisions"}],"predecessor-version":[{"id":56252,"href":"https:\/\/radiorevelacionfm.cl\/index.php?rest_route=\/wp\/v2\/posts\/56249\/revisions\/56252"}],"wp:featuredmedia":[{"embeddable":true,"href":"https:\/\/radiorevelacionfm.cl\/index.php?rest_route=\/wp\/v2\/media\/56250"}],"wp:attachment":[{"href":"https:\/\/radiorevelacionfm.cl\/index.php?rest_route=%2Fwp%2Fv2%2Fmedia&parent=56249"}],"wp:term":[{"taxonomy":"category","embeddable":true,"href":"https:\/\/radiorevelacionfm.cl\/index.php?rest_route=%2Fwp%2Fv2%2Fcategories&post=56249"},{"taxonomy":"post_tag","embeddable":true,"href":"https:\/\/radiorevelacionfm.cl\/index.php?rest_route=%2Fwp%2Fv2%2Ftags&post=56249"}],"curies":[{"name":"wp","href":"https:\/\/api.w.org\/{rel}","templated":true}]}}