{"id":56244,"date":"2025-07-07T21:05:57","date_gmt":"2025-07-08T00:05:57","guid":{"rendered":"https:\/\/radiorevelacionfm.cl\/?p=56244"},"modified":"2025-07-07T21:05:57","modified_gmt":"2025-07-08T00:05:57","slug":"feria-sae-kau-kalem-2025-junji-aysen-acerca-a-las-familias-de-coyhaique-a-la-oferta-escolar","status":"publish","type":"post","link":"https:\/\/radiorevelacionfm.cl\/?p=56244","title":{"rendered":"Feria SAE Kau-Kalem 2025: Junji Ays\u00e9n acerca a las familias de Coyhaique a la oferta escolar"},"content":{"rendered":"<div class=\"flex_column av_one_full  flex_column_div av-zero-column-padding first  avia-builder-el-0  el_before_av_one_full  avia-builder-el-first  \" style='border-radius:0px; '><div  class='avia-image-container  av-styling-    avia-builder-el-1  avia-builder-el-no-sibling  avia-align-center '  itemprop=\"image\" itemscope=\"itemscope\" itemtype=\"https:\/\/schema.org\/ImageObject\"  ><div class='avia-image-container-inner'><div class='avia-image-overlay-wrap'><img decoding=\"async\" class='wp-image-56245 avia-img-lazy-loading-not-56245 avia_image' src=\"https:\/\/radiorevelacionfm.cl\/wp-content\/uploads\/2025\/07\/img_5319-1_optimized.jpg\" alt='' title='img_5319-(1)_optimized' height=\"600\" width=\"1067\"  itemprop=\"thumbnailUrl\" srcset=\"https:\/\/radiorevelacionfm.cl\/wp-content\/uploads\/2025\/07\/img_5319-1_optimized.jpg 1067w, https:\/\/radiorevelacionfm.cl\/wp-content\/uploads\/2025\/07\/img_5319-1_optimized-300x169.jpg 300w, https:\/\/radiorevelacionfm.cl\/wp-content\/uploads\/2025\/07\/img_5319-1_optimized-1030x579.jpg 1030w, https:\/\/radiorevelacionfm.cl\/wp-content\/uploads\/2025\/07\/img_5319-1_optimized-768x432.jpg 768w, https:\/\/radiorevelacionfm.cl\/wp-content\/uploads\/2025\/07\/img_5319-1_optimized-705x396.jpg 705w, https:\/\/radiorevelacionfm.cl\/wp-content\/uploads\/2025\/07\/img_5319-1_optimized-450x253.jpg 450w, https:\/\/radiorevelacionfm.cl\/wp-content\/uploads\/2025\/07\/img_5319-1_optimized-600x337.jpg 600w\" sizes=\"(max-width: 1067px) 100vw, 1067px\" \/><\/div><\/div><\/div><\/div><div class=\"flex_column av_one_full  flex_column_div av-zero-column-padding first  avia-builder-el-2  el_after_av_one_full  el_before_av_one_full  column-top-margin\" style='border-radius:0px; '><section class=\"av_textblock_section \"  itemscope=\"itemscope\" itemtype=\"https:\/\/schema.org\/BlogPosting\" itemprop=\"blogPost\" ><div class='avia_textblock  '   itemprop=\"text\" ><p style=\"text-align: center;\"><strong><span style=\"font-size: 18pt;\">Feria SAE Kau-Kalem 2025: Junji Ays\u00e9n acerca a las familias de Coyhaique a la oferta escolar<\/span><\/strong><\/p>\n<div id=\"gtx-trans\" style=\"position: absolute; left: -50px; top: 4.31534px;\">\n<div class=\"gtx-trans-icon\"><\/div>\n<\/div>\n<\/div><\/section><\/div><div class=\"flex_column av_one_full  flex_column_div av-zero-column-padding first  avia-builder-el-4  el_after_av_one_full  el_before_av_hr  column-top-margin\" style='border-radius:0px; '><section class=\"av_textblock_section \"  itemscope=\"itemscope\" itemtype=\"https:\/\/schema.org\/BlogPosting\" itemprop=\"blogPost\" ><div class='avia_textblock  '   itemprop=\"text\" ><p style=\"text-align: justify;\">La comunidad del Jard\u00edn Infantil Kau-Kalem volvi\u00f3 a abrir sus puertas para la ya conocida Feria SAE, una interesante jornada, donde ocho colegios de la comuna presentaron sus proyectos educativos a madres, padres y apoderados que comienzan a pensar en la ense\u00f1anza b\u00e1sica de sus hijos.<\/p>\n<p style=\"text-align: justify;\">Como ya es tradici\u00f3n cada establecimiento se dio cita en la Feria SAE 2025, con stand, afiches, folleter\u00eda y material audiovisual cada establecimiento dio a conocer su oferta program\u00e1tica de prek\u00ednder hasta 4\u00b0 medio.<\/p>\n<p style=\"text-align: justify;\">Los equipos pedag\u00f3gicos estuvieron llanos a explicar y comentar antecedentes que son muy interesantes para las familias a la hora de pensar en el futuro inmediato y postular como son; sellos pedag\u00f3gicos, horarios de clases y las rutas de traslado,<\/p>\n<p style=\"text-align: justify;\">\u201cLlevamos a\u00f1os organizando esta feria, porque queremos que el cambio desde el jard\u00edn al colegio se viva con tranquilidad y buena informaci\u00f3n\u201d, coment\u00f3 Andrea Flores, directora de Kau-Kalem. \u201cTener a todos los colegios juntos permite comparar, preguntar y resolver dudas sin salir corriendo de un lado a otro\u201d, enfatiz\u00f3.<\/p>\n<p style=\"text-align: justify;\">Fernanda Urrieta, apoderada, agradeci\u00f3 la instancia: \u201cEncontr\u00e9 respuestas claras sobre los horarios y la cercan\u00eda con mi casa. Eso simplifica mucho la decisi\u00f3n\u201d. Silvana Castillo, tambi\u00e9n apoderada, coincidi\u00f3: \u201cEn una ma\u00f1ana conoc\u00ed ocho colegios; imposible lograrlo de otra forma. Salgo con todo mucho m\u00e1s claro\u201d.<\/p>\n<p style=\"text-align: justify;\">La feria incluy\u00f3 breves charlas sobre el Sistema de Admisi\u00f3n Escolar, becas y programas de apoyo, as\u00ed como un rinc\u00f3n de experiencias pedag\u00f3gicas donde cada colegio mostr\u00f3, en vivo, su forma de trabajar las ciencias, arte y deporte, etc.<\/p>\n<p style=\"text-align: justify;\">Al cierre, los equipos directivos acordaron mantener un canal de coordinaci\u00f3n para seguir compartiendo buenas pr\u00e1cticas de transici\u00f3n entre niveles educativos. Kau-Kalem, por su parte, confirm\u00f3 que la Feria SAE volver\u00e1 el pr\u00f3ximo a\u00f1o con nuevas actividades.<\/p>\n<\/div><\/section><\/div><div  style='height:50px' class='hr hr-invisible   avia-builder-el-6  el_after_av_one_full  el_before_av_social_share '><span class='hr-inner ' ><span class='hr-inner-style'><\/span><\/span><\/div><\/p>\n<div  class='av-social-sharing-box  avia-builder-el-7  el_after_av_hr  el_before_av_hr  '><div class='av-share-box'><h5 class='av-share-link-description av-no-toc '>Compartir esta noticia<\/h5><ul class='av-share-box-list noLightbox'><li class='av-share-link av-social-link-facebook' ><a target=\"_blank\" aria-label=\"Compartir en Facebook\" href='https:\/\/www.facebook.com\/sharer.php?u=https:\/\/radiorevelacionfm.cl\/?p=56244&#038;t=Feria%20SAE%20Kau-Kalem%202025%3A%20Junji%20Ays%C3%A9n%20acerca%20a%20las%20familias%20de%20Coyhaique%20a%20la%20oferta%20escolar' aria-hidden='false' data-av_icon='\ue8f3' data-av_iconfont='entypo-fontello' title='' data-avia-related-tooltip='Compartir en Facebook' rel=\"noopener\"><span class='avia_hidden_link_text'>Compartir en Facebook<\/span><\/a><\/li><li class='av-share-link av-social-link-twitter' ><a target=\"_blank\" aria-label=\"Compartir en Twitter\" href='https:\/\/twitter.com\/share?text=Feria%20SAE%20Kau-Kalem%202025%3A%20Junji%20Ays%C3%A9n%20acerca%20a%20las%20familias%20de%20Coyhaique%20a%20la%20oferta%20escolar&#038;url=https:\/\/radiorevelacionfm.cl\/?p=56244' aria-hidden='false' data-av_icon='\ue8f1' data-av_iconfont='entypo-fontello' title='' data-avia-related-tooltip='Compartir en Twitter' rel=\"noopener\"><span class='avia_hidden_link_text'>Compartir en Twitter<\/span><\/a><\/li><li class='av-share-link av-social-link-whatsapp' ><a target=\"_blank\" aria-label=\"Compartir en Whatsapp\" href='https:\/\/api.whatsapp.com\/send?text=https:\/\/radiorevelacionfm.cl\/?p=56244' aria-hidden='false' data-av_icon='\uf232' data-av_iconfont='entypo-fontello' title='' data-avia-related-tooltip='Compartir en Whatsapp' rel=\"noopener\"><span class='avia_hidden_link_text'>Compartir en Whatsapp<\/span><\/a><\/li><li class='av-share-link av-social-link-linkedin' ><a target=\"_blank\" aria-label=\"Compartir en LinkedIn\" href='https:\/\/linkedin.com\/shareArticle?mini=true&#038;title=Feria%20SAE%20Kau-Kalem%202025%3A%20Junji%20Ays%C3%A9n%20acerca%20a%20las%20familias%20de%20Coyhaique%20a%20la%20oferta%20escolar&#038;url=https:\/\/radiorevelacionfm.cl\/?p=56244' aria-hidden='false' data-av_icon='\ue8fc' data-av_iconfont='entypo-fontello' title='' data-avia-related-tooltip='Compartir en LinkedIn' rel=\"noopener\"><span class='avia_hidden_link_text'>Compartir en LinkedIn<\/span><\/a><\/li><li class='av-share-link av-social-link-mail' ><a  aria-label=\"Compartir por correo\" href='mailto:?subject=Feria%20SAE%20Kau-Kalem%202025%3A%20Junji%20Ays%C3%A9n%20acerca%20a%20las%20familias%20de%20Coyhaique%20a%20la%20oferta%20escolar&#038;body=https:\/\/radiorevelacionfm.cl\/?p=56244' aria-hidden='false' data-av_icon='\ue805' data-av_iconfont='entypo-fontello' title='' data-avia-related-tooltip='Compartir por correo'><span class='avia_hidden_link_text'>Compartir por correo<\/span><\/a><\/li><\/ul><\/div><\/div>\n<div  style='height:50px' class='hr hr-invisible   avia-builder-el-8  el_after_av_social_share  el_before_av_comments_list '><span class='hr-inner ' ><span class='hr-inner-style'><\/span><\/span><\/div>\n<div  class='av-buildercomment  av-blog-meta-html-info-disabled av-blog-meta-tag-disabled  '><\/div>\n","protected":false},"excerpt":{"rendered":"","protected":false},"author":1,"featured_media":56245,"comment_status":"closed","ping_status":"closed","sticky":false,"template":"","format":"standard","meta":{"footnotes":""},"categories":[49],"tags":[],"class_list":["post-56244","post","type-post","status-publish","format-standard","has-post-thumbnail","hentry","category-educacion"],"jetpack_featured_media_url":"https:\/\/radiorevelacionfm.cl\/wp-content\/uploads\/2025\/07\/img_5319-1_optimized.jpg","_links":{"self":[{"href":"https:\/\/radiorevelacionfm.cl\/index.php?rest_route=\/wp\/v2\/posts\/56244","targetHints":{"allow":["GET"]}}],"collection":[{"href":"https:\/\/radiorevelacionfm.cl\/index.php?rest_route=\/wp\/v2\/posts"}],"about":[{"href":"https:\/\/radiorevelacionfm.cl\/index.php?rest_route=\/wp\/v2\/types\/post"}],"author":[{"embeddable":true,"href":"https:\/\/radiorevelacionfm.cl\/index.php?rest_route=\/wp\/v2\/users\/1"}],"replies":[{"embeddable":true,"href":"https:\/\/radiorevelacionfm.cl\/index.php?rest_route=%2Fwp%2Fv2%2Fcomments&post=56244"}],"version-history":[{"count":2,"href":"https:\/\/radiorevelacionfm.cl\/index.php?rest_route=\/wp\/v2\/posts\/56244\/revisions"}],"predecessor-version":[{"id":56260,"href":"https:\/\/radiorevelacionfm.cl\/index.php?rest_route=\/wp\/v2\/posts\/56244\/revisions\/56260"}],"wp:featuredmedia":[{"embeddable":true,"href":"https:\/\/radiorevelacionfm.cl\/index.php?rest_route=\/wp\/v2\/media\/56245"}],"wp:attachment":[{"href":"https:\/\/radiorevelacionfm.cl\/index.php?rest_route=%2Fwp%2Fv2%2Fmedia&parent=56244"}],"wp:term":[{"taxonomy":"category","embeddable":true,"href":"https:\/\/radiorevelacionfm.cl\/index.php?rest_route=%2Fwp%2Fv2%2Fcategories&post=56244"},{"taxonomy":"post_tag","embeddable":true,"href":"https:\/\/radiorevelacionfm.cl\/index.php?rest_route=%2Fwp%2Fv2%2Ftags&post=56244"}],"curies":[{"name":"wp","href":"https:\/\/api.w.org\/{rel}","templated":true}]}}